{"id":219081,"date":"2016-03-15T12:36:48","date_gmt":"2016-03-15T12:36:48","guid":{"rendered":"http:\/\/diariodominicano.ddns.net\/?p=219081"},"modified":"2016-03-15T12:36:48","modified_gmt":"2016-03-15T12:36:48","slug":"presidente-medina-ordena-a-funcionarios-a-cargos-electos-tomar-licencia-a-partir-de-hoy","status":"publish","type":"post","link":"https:\/\/diariodominicano.com\/?p=219081","title":{"rendered":"Presidente Medina ordena a funcionarios a cargos electos  tomar licencia a partir de hoy"},"content":{"rendered":"<p><body><\/p>\n<p><img decoding=\"async\" src=\"img3\/marche 1.jpg\" \/>  <\/p>\n<p>Santo Domingo RD 15 marzo.- El Presidente de la Republica Danilo Medina, dispuso que todos los funcionarios del gobierno que son candidatos a cargos electivos tomen una licencia a partir de este martes y hasta el 16 de mayo venidero.<\/p>\n<\/p>\n<p>Mediante una misiva enviada por el Ministro de la Presidencia, licenciado Gustavo Montalvo, a los funcionarios que est\u00e1n dentro de la boleta electoral el certamen de mayo tienen que abstenerse a realizar la doble funci\u00f3n.<\/p>\n<\/p>\n<p>Asimismo, se dispone la congelaci\u00f3n de las nominas correspondientes a la contrataci\u00f3n de personal temporal de la administraci\u00f3n p\u00fablica central y de la descentralizada, con car\u00e1cter inmediato y hasta el pr\u00f3ximo 16 de mayo.<\/p>\n<\/p>\n<p>El vocero de la Presidencia, licenciado Roberto Rodr\u00edguez Marchena al dar a conocer la misiva firmada por el Ministro de la Presidencia Gustavo Montalvo dijo que el gobierno cono esta disposici\u00f3n act\u00faa de forma proactiva con el fin de garantizar la administraci\u00f3n responsable en el Estado Dominicano y adem\u00e1s la transparencia del proceso electoral.<\/p>\n<\/p>\n<p>Expresa adem\u00e1s, que esa decisi\u00f3n implica que no se podr\u00e1n realizar nuevas designaciones de personal temporal, hasta que finalice la campa\u00f1a electoral, por lo que quedan excluidas de esta disposici\u00f3n las sustituciones de cargos que ya est\u00e9n creados y que cuenten con su asignaci\u00f3n presupuestaria.<\/p>\n<\/p>\n<p>El funcionario hablo a los periodistas en el Sal\u00f3n Orlando Mart\u00ednez del Palacio Nacional.<\/p>\n<h6> 2016-03-15 12:36:48 <\/h6>\n<p><!--\n<link rel=\"stylesheet\" href=\"css\/bootstrap.min.css\">\n\n\n<ul class=\"pagination\">\n\t    \n\t\n\n<li >\n\t<a href='?page_no=13438'>Previous<\/a>\n\t<\/li>\n\n\n       \n    \n\n<li><a href='?page_no=1'>1<\/a><\/li>\n\n\n\n<li><a href='?page_no=2'>2<\/a><\/li>\n\n\n\n<li><a>...<\/a><\/li>\n\n\n\n<li><a href='?page_no=13437'>13437<\/a><\/li>\n\n\n\n<li><a href='?page_no=13438'>13438<\/a><\/li>\n\n\n\n<li class='active'><a>13439<\/a><\/li>\n\n\n\n<li><a href='?page_no=13440'>13440<\/a><\/li>\n\n\n\n<li><a href='?page_no=13441'>13441<\/a><\/li>\n\n\n\n<li><a>...<\/a><\/li>\n\n\n\n<li><a href='?page_no=56169'>56169<\/a><\/li>\n\n\n\n<li><a href='?page_no=56170'>56170<\/a><\/li>\n\n    \n\t\n\n<li >\n\t<a href='?page_no=13440'>Next<\/a>\n\t<\/li>\n\n\n    \n\n<li><a href='?page_no=56170'>Last &rsaquo;&rsaquo;<\/a><\/li>\n\n<\/ul>\n\n\n--><br \/>\n<\/body><\/p>\n","protected":false},"excerpt":{"rendered":"<p>Santo Domingo RD 15 marzo.- El Presidente de la Republica Danilo Medina, dispuso que todos los funcionarios del gobierno que son candidatos a cargos electivos tomen una licencia a partir de este martes y hasta el 16 de mayo venidero. Mediante una misiva enviada por el Ministro de la Presidencia, licenciado Gustavo Montalvo, a los [&hellip;]<\/p>\n","protected":false},"author":3,"featured_media":0,"comment_status":"open","ping_status":"open","sticky":false,"template":"","format":"standard","meta":{"footnotes":""},"categories":[20],"tags":[],"class_list":["post-219081","post","type-post","status-publish","format-standard","hentry","category-dominicana-hoy"],"_links":{"self":[{"href":"https:\/\/diariodominicano.com\/index.php?rest_route=\/wp\/v2\/posts\/219081","targetHints":{"allow":["GET"]}}],"collection":[{"href":"https:\/\/diariodominicano.com\/index.php?rest_route=\/wp\/v2\/posts"}],"about":[{"href":"https:\/\/diariodominicano.com\/index.php?rest_route=\/wp\/v2\/types\/post"}],"author":[{"embeddable":true,"href":"https:\/\/diariodominicano.com\/index.php?rest_route=\/wp\/v2\/users\/3"}],"replies":[{"embeddable":true,"href":"https:\/\/diariodominicano.com\/index.php?rest_route=%2Fwp%2Fv2%2Fcomments&post=219081"}],"version-history":[{"count":0,"href":"https:\/\/diariodominicano.com\/index.php?rest_route=\/wp\/v2\/posts\/219081\/revisions"}],"wp:attachment":[{"href":"https:\/\/diariodominicano.com\/index.php?rest_route=%2Fwp%2Fv2%2Fmedia&parent=219081"}],"wp:term":[{"taxonomy":"category","embeddable":true,"href":"https:\/\/diariodominicano.com\/index.php?rest_route=%2Fwp%2Fv2%2Fcategories&post=219081"},{"taxonomy":"post_tag","embeddable":true,"href":"https:\/\/diariodominicano.com\/index.php?rest_route=%2Fwp%2Fv2%2Ftags&post=219081"}],"curies":[{"name":"wp","href":"https:\/\/api.w.org\/{rel}","templated":true}]}}