{"id":219080,"date":"2016-03-15T12:40:58","date_gmt":"2016-03-15T12:40:58","guid":{"rendered":"http:\/\/diariodominicano.ddns.net\/?p=219080"},"modified":"2016-03-15T12:40:58","modified_gmt":"2016-03-15T12:40:58","slug":"analizaran-sobre-lavado-de-activos-y-financiamiento-politico-en-rd","status":"publish","type":"post","link":"https:\/\/diariodominicano.com\/?p=219080","title":{"rendered":"Analizar\u00e1n sobre lavado de activos y financiamiento pol\u00edtico en RD"},"content":{"rendered":"<p><body><\/p>\n<p><img decoding=\"async\" src=\"img3\/intec1.jpg\" \/>  <\/p>\n<p>Analizar\u00e1n sobre lavado de activos y financiamiento pol\u00edtico en RD<\/p>\n<p>El Centro de Gobernabilidad y Gerencia Social del INTEC y Participaci\u00f3n Ciudadana organizan el conversatorio que contar\u00e1 con la participaci\u00f3n de destacados expertos en la materia<\/p>\n<\/p>\n<p>SANTO DOMINGO. Con el objetivo de conocer las modalidades de penetraci\u00f3n del lavado de activos en la pol\u00edtica de la Rep\u00fablica Dominicana, el Centro de Gobernabilidad y Gerencia Social del Instituto Tecnol\u00f3gico de Santo Domingo (CEGES-INTEC) y el movimiento c\u00edvico no partidista Participaci\u00f3n Ciudadana organizaron el panel \u00abLavado de activos y financiamiento pol\u00edtico\u00bb.<\/p>\n<p>La actividad se realizar\u00e1 este 16 de marzo a las 5 de la tarde en la Sala Julio Ravelo de la Fuente de la universidad, y contar\u00e1 con la participaci\u00f3n del procurador antilavado de activos, German Miranda Villalona, quien abordar\u00e1 el tema \u00abMarco legal, \u00f3rganos de control y limitaciones para ejercer el control en el lavado de activos\u00bb.<\/p>\n<p>Tambi\u00e9n estar\u00e1 el consultor y especialista en Antilavado de Activos, Heiromy Castro, tratando \u00abModalidades de penetraci\u00f3n del lavado de activos y experiencia internacional en su combate\u00bb y el polit\u00f3logo y economista Javier Cabreja para tratar \u00abPropuestas a implementar y justificaci\u00f3n del financiamiento p\u00fablico y privado a partidos\u00bb.<\/p>\n<p>INTEC y Participaci\u00f3n Ciudadana organizan el panel en el marco del proceso de \u00abObservaci\u00f3n electoral 2016\u00bb mediante el cual ambas instituciones promueven la transparencia a prop\u00f3sito de la campa\u00f1a y los venideros comicios del 15 de mayo.<\/p>\n<\/p>\n<h6> 2016-03-15 12:40:58 <\/h6>\n<p><!--\n<link rel=\"stylesheet\" href=\"css\/bootstrap.min.css\">\n\n\n<ul class=\"pagination\">\n\t    \n\t\n\n<li >\n\t<a href='?page_no=13437'>Previous<\/a>\n\t<\/li>\n\n\n       \n    \n\n<li><a href='?page_no=1'>1<\/a><\/li>\n\n\n\n<li><a href='?page_no=2'>2<\/a><\/li>\n\n\n\n<li><a>...<\/a><\/li>\n\n\n\n<li><a href='?page_no=13436'>13436<\/a><\/li>\n\n\n\n<li><a href='?page_no=13437'>13437<\/a><\/li>\n\n\n\n<li class='active'><a>13438<\/a><\/li>\n\n\n\n<li><a href='?page_no=13439'>13439<\/a><\/li>\n\n\n\n<li><a href='?page_no=13440'>13440<\/a><\/li>\n\n\n\n<li><a>...<\/a><\/li>\n\n\n\n<li><a href='?page_no=56169'>56169<\/a><\/li>\n\n\n\n<li><a href='?page_no=56170'>56170<\/a><\/li>\n\n    \n\t\n\n<li >\n\t<a href='?page_no=13439'>Next<\/a>\n\t<\/li>\n\n\n    \n\n<li><a href='?page_no=56170'>Last &rsaquo;&rsaquo;<\/a><\/li>\n\n<\/ul>\n\n\n--><br \/>\n<\/body><\/p>\n","protected":false},"excerpt":{"rendered":"<p>Analizar\u00e1n sobre lavado de activos y financiamiento pol\u00edtico en RD El Centro de Gobernabilidad y Gerencia Social del INTEC y Participaci\u00f3n Ciudadana organizan el conversatorio que contar\u00e1 con la participaci\u00f3n de destacados expertos en la materia SANTO DOMINGO. Con el objetivo de conocer las modalidades de penetraci\u00f3n del lavado de activos en la pol\u00edtica de [&hellip;]<\/p>\n","protected":false},"author":3,"featured_media":0,"comment_status":"open","ping_status":"open","sticky":false,"template":"","format":"standard","meta":{"footnotes":""},"categories":[20],"tags":[],"class_list":["post-219080","post","type-post","status-publish","format-standard","hentry","category-dominicana-hoy"],"_links":{"self":[{"href":"https:\/\/diariodominicano.com\/index.php?rest_route=\/wp\/v2\/posts\/219080","targetHints":{"allow":["GET"]}}],"collection":[{"href":"https:\/\/diariodominicano.com\/index.php?rest_route=\/wp\/v2\/posts"}],"about":[{"href":"https:\/\/diariodominicano.com\/index.php?rest_route=\/wp\/v2\/types\/post"}],"author":[{"embeddable":true,"href":"https:\/\/diariodominicano.com\/index.php?rest_route=\/wp\/v2\/users\/3"}],"replies":[{"embeddable":true,"href":"https:\/\/diariodominicano.com\/index.php?rest_route=%2Fwp%2Fv2%2Fcomments&post=219080"}],"version-history":[{"count":0,"href":"https:\/\/diariodominicano.com\/index.php?rest_route=\/wp\/v2\/posts\/219080\/revisions"}],"wp:attachment":[{"href":"https:\/\/diariodominicano.com\/index.php?rest_route=%2Fwp%2Fv2%2Fmedia&parent=219080"}],"wp:term":[{"taxonomy":"category","embeddable":true,"href":"https:\/\/diariodominicano.com\/index.php?rest_route=%2Fwp%2Fv2%2Fcategories&post=219080"},{"taxonomy":"post_tag","embeddable":true,"href":"https:\/\/diariodominicano.com\/index.php?rest_route=%2Fwp%2Fv2%2Ftags&post=219080"}],"curies":[{"name":"wp","href":"https:\/\/api.w.org\/{rel}","templated":true}]}}