{"id":219079,"date":"2016-03-15T14:11:40","date_gmt":"2016-03-15T14:11:40","guid":{"rendered":"http:\/\/diariodominicano.ddns.net\/?p=219079"},"modified":"2016-03-15T14:11:40","modified_gmt":"2016-03-15T14:11:40","slug":"director-de-amet-implementara-programas-para-ordenar-el-transito","status":"publish","type":"post","link":"https:\/\/diariodominicano.com\/?p=219079","title":{"rendered":"Director de AMET implementar\u00e1 programas para ordenar el tr\u00e1nsito"},"content":{"rendered":"<p><body><\/p>\n<p><img decoding=\"async\" src=\"img3\/AmetSantiago.jpg\" \/>  <\/p>\n<p><span class=\"text1noticias\">Santo Domingo, RD, 15 de Marzo.-El director de la Autoridad Metropolitana de Transporte, AMET, general de brigada Frener Bello Arias visit\u00f3 la ciudad de Santiago de los Caballeros ocasi\u00f3n que aprovech\u00f3 para intercambiar impresiones con importantes sectores de esa ciudad, involucrados con el transporte y en especial comprometidos  con el ordenamiento del tr\u00e1nsito vehicular y la educaci\u00f3n a choferes y peatones.<\/span><\/p>\n<\/p>\n<p><span class=\"text1noticias\">En ese escenario  el director de AMET, se reuni\u00f3 con dirigentes de la Federaci\u00f3n de Trabajadores del Transporte de la Regi\u00f3n Norte, que dirige el sindicalista Gervacio de la Rosa, quien se comprometi\u00f3 a respaldar y a apoyar todas las acciones relacionadas con el ordenamiento del parque vehicular en esa zona.<\/span><\/p>\n<\/p>\n<p><span class=\"text1noticias\">Destac\u00f3 el l\u00edder sindical que los miembros de la instituci\u00f3n que dirige est\u00e1n empe\u00f1ados en mantener un plan coordinado de educaci\u00f3n vial a los choferes as\u00ed como de mantener encuentros peri\u00f3dicos con las autoridades de AMET, a fin de buscar soluciones conjuntas a este flagelo.<\/span><\/p>\n<\/p>\n<p><span class=\"text1noticias\">Mientras que  el general Bello Arias dijo que el motivo de su visita es el de implementar programas dirigidos al ordenamiento vehicular tales como se\u00f1alizaci\u00f3n de las v\u00edas y el ordenamiento de los parqueos a fin de ordenar el tr\u00e1nsito.<\/span><\/p>\n<\/p>\n<p><span class=\"text1noticias\">Tras reunirse con los dirigentes de FETRANRENOR, el director de la Autoridad Metropolitana de Transporte, AMET, se reuni\u00f3 adem\u00e1s, con la gobernadora civil de Santiago se\u00f1ora Aura Toribio, el director de Tr\u00e1nsito de la Alcald\u00eda se\u00f1or Ram\u00f3n Cabrera, Danny Minaya, presidente de la Federaci\u00f3n de Moto taxis, y el presidente de la Confederaci\u00f3n Nacional del Transporte, CNTT, Juan Marte, quienes manifestaron su respaldo Y apoyo incondicional al director de AMET, en todo lo que tenga que ver con el orden, el respeto a los espacio p\u00fablicos de Santiago<\/span>. <\/p>\n<h6> 2016-03-15 14:11:40 <\/h6>\n<p><!--\n<link rel=\"stylesheet\" href=\"css\/bootstrap.min.css\">\n\n\n<ul class=\"pagination\">\n\t    \n\t\n\n<li >\n\t<a href='?page_no=13436'>Previous<\/a>\n\t<\/li>\n\n\n       \n    \n\n<li><a href='?page_no=1'>1<\/a><\/li>\n\n\n\n<li><a href='?page_no=2'>2<\/a><\/li>\n\n\n\n<li><a>...<\/a><\/li>\n\n\n\n<li><a href='?page_no=13435'>13435<\/a><\/li>\n\n\n\n<li><a href='?page_no=13436'>13436<\/a><\/li>\n\n\n\n<li class='active'><a>13437<\/a><\/li>\n\n\n\n<li><a href='?page_no=13438'>13438<\/a><\/li>\n\n\n\n<li><a href='?page_no=13439'>13439<\/a><\/li>\n\n\n\n<li><a>...<\/a><\/li>\n\n\n\n<li><a href='?page_no=56169'>56169<\/a><\/li>\n\n\n\n<li><a href='?page_no=56170'>56170<\/a><\/li>\n\n    \n\t\n\n<li >\n\t<a href='?page_no=13438'>Next<\/a>\n\t<\/li>\n\n\n    \n\n<li><a href='?page_no=56170'>Last &rsaquo;&rsaquo;<\/a><\/li>\n\n<\/ul>\n\n\n--><br \/>\n<\/body><\/p>\n","protected":false},"excerpt":{"rendered":"<p>Santo Domingo, RD, 15 de Marzo.-El director de la Autoridad Metropolitana de Transporte, AMET, general de brigada Frener Bello Arias visit\u00f3 la ciudad de Santiago de los Caballeros ocasi\u00f3n que aprovech\u00f3 para intercambiar impresiones con importantes sectores de esa ciudad, involucrados con el transporte y en especial comprometidos con el ordenamiento del tr\u00e1nsito vehicular y [&hellip;]<\/p>\n","protected":false},"author":3,"featured_media":0,"comment_status":"open","ping_status":"open","sticky":false,"template":"","format":"standard","meta":{"footnotes":""},"categories":[20],"tags":[],"class_list":["post-219079","post","type-post","status-publish","format-standard","hentry","category-dominicana-hoy"],"_links":{"self":[{"href":"https:\/\/diariodominicano.com\/index.php?rest_route=\/wp\/v2\/posts\/219079","targetHints":{"allow":["GET"]}}],"collection":[{"href":"https:\/\/diariodominicano.com\/index.php?rest_route=\/wp\/v2\/posts"}],"about":[{"href":"https:\/\/diariodominicano.com\/index.php?rest_route=\/wp\/v2\/types\/post"}],"author":[{"embeddable":true,"href":"https:\/\/diariodominicano.com\/index.php?rest_route=\/wp\/v2\/users\/3"}],"replies":[{"embeddable":true,"href":"https:\/\/diariodominicano.com\/index.php?rest_route=%2Fwp%2Fv2%2Fcomments&post=219079"}],"version-history":[{"count":0,"href":"https:\/\/diariodominicano.com\/index.php?rest_route=\/wp\/v2\/posts\/219079\/revisions"}],"wp:attachment":[{"href":"https:\/\/diariodominicano.com\/index.php?rest_route=%2Fwp%2Fv2%2Fmedia&parent=219079"}],"wp:term":[{"taxonomy":"category","embeddable":true,"href":"https:\/\/diariodominicano.com\/index.php?rest_route=%2Fwp%2Fv2%2Fcategories&post=219079"},{"taxonomy":"post_tag","embeddable":true,"href":"https:\/\/diariodominicano.com\/index.php?rest_route=%2Fwp%2Fv2%2Ftags&post=219079"}],"curies":[{"name":"wp","href":"https:\/\/api.w.org\/{rel}","templated":true}]}}