{"id":219076,"date":"2016-03-15T14:47:24","date_gmt":"2016-03-15T14:47:24","guid":{"rendered":"http:\/\/diariodominicano.ddns.net\/?p=219076"},"modified":"2016-03-15T14:47:24","modified_gmt":"2016-03-15T14:47:24","slug":"visita-instalaciones-complejo-aeronautico-de-santo-domingo","status":"publish","type":"post","link":"https:\/\/diariodominicano.com\/?p=219076","title":{"rendered":"Visita instalaciones Complejo Aeron\u00e1utico de Santo Domingo"},"content":{"rendered":"<p><body><\/p>\n<p><img decoding=\"async\" src=\"img3\/aeronautico.jpg\" \/>  <\/p>\n<p><span class=\"text1noticias\">Santo Domingo, RD, 15 de Marzo.-El ministro de la Administraci\u00f3n P\u00fablica, Ram\u00f3n Ventura Camejo, atendiendo a una invitaci\u00f3n de Alejandro Herrera, director general del Instituto Dominicano de Aviaci\u00f3n Civil (IDAC), recorri\u00f3 las instalaciones del Complejo Aeron\u00e1utico de Santo Domingo, que incluye los edificios Norge Botello, donde se alojan las direcciones de Normas de Vuelo y Navegaci\u00f3n A\u00e9rea, as\u00ed como el Centro de Control de Tr\u00e1nsito A\u00e9reo, las edificaciones de la Academia Superior de Ciencias Aeron\u00e1uticas (ASCA), y los modernos equipos de simuladores, radar y simulador de vuelo.<\/span><\/p>\n<\/p>\n<p><span class=\"text1noticias\">Camejo, quien durante la visita estuvo acompa\u00f1ado del viceministro Carlos Manzano, valor\u00f3 los avances tecnol\u00f3gicos y el empe\u00f1o por mantener una instituci\u00f3n que es fiel a los lineamientos de los programas de administraci\u00f3n p\u00fablica modernos, que son empleados en el IDAC.<\/span><\/p>\n<\/p>\n<p><span class=\"text1noticias\">\u00abEs grato encontrarse con una instituci\u00f3n estatal con un sentido tan claro del liderazgo y de la responsabilidad. Lo que acabamos de observar durante nuestro recorrido es el resultado de la disciplina y la estrategia en la planificaci\u00f3n de los proyectos, y la implementaci\u00f3n de los sistemas integrales de gesti\u00f3n que deben ser aplicados en todas las instancias p\u00fablicas\u00bb, coment\u00f3 Camejo al concluir el recorrido por las diferentes instalaciones. <\/span><\/p>\n<\/p>\n<p><span class=\"text1noticias\">Funcionarios del IDAC encabezados por el doctor Alejandro  Herrera explicaron a los representantes del Ministerio de la Administraci\u00f3n P\u00fablica (MAP) las estrategias en las que se basan para mantener a ese organismo, tanto en su estructura f\u00edsica como en el uso de las tecnolog\u00edas de \u00faltima generaci\u00f3n, como ejemplo a seguir tanto por otras instituciones locales, como por sus iguales en el \u00e1rea del Caribe y parte del continente americano.<\/span><\/p>\n<\/p>\n<p><span class=\"text1noticias\">En el recorrido tambi\u00e9n participaron el subdirector general del IDAC, Santiago Rosa Mart\u00ednez y los directores Gabriel Medina Felipe, de Normas de Vuelo; Francisco Bol\u00edvar Le\u00f3n Paulino, de Navegaci\u00f3n A\u00e9rea; Enna de Arredondo, de Planificaci\u00f3n y Desarrollo; Franklin Ross\u00f3, de Reglamentaci\u00f3n y Registro Nacional de Aeronaves; Jos\u00e9 Ortiz, Administrativo; Vicente Estrella, de Recursos Humanos; Johann Estrada, de Vigilancia de la Seguridad Operacional; y Juan C\u00e9sar Thomas Burgos, de la ASCA<\/span>.<\/p>\n<h6> 2016-03-15 14:47:24 <\/h6>\n<p><!--\n<link rel=\"stylesheet\" href=\"css\/bootstrap.min.css\">\n\n\n<ul class=\"pagination\">\n\t    \n\t\n\n<li >\n\t<a href='?page_no=13433'>Previous<\/a>\n\t<\/li>\n\n\n       \n    \n\n<li><a href='?page_no=1'>1<\/a><\/li>\n\n\n\n<li><a href='?page_no=2'>2<\/a><\/li>\n\n\n\n<li><a>...<\/a><\/li>\n\n\n\n<li><a href='?page_no=13432'>13432<\/a><\/li>\n\n\n\n<li><a href='?page_no=13433'>13433<\/a><\/li>\n\n\n\n<li class='active'><a>13434<\/a><\/li>\n\n\n\n<li><a href='?page_no=13435'>13435<\/a><\/li>\n\n\n\n<li><a href='?page_no=13436'>13436<\/a><\/li>\n\n\n\n<li><a>...<\/a><\/li>\n\n\n\n<li><a href='?page_no=56169'>56169<\/a><\/li>\n\n\n\n<li><a href='?page_no=56170'>56170<\/a><\/li>\n\n    \n\t\n\n<li >\n\t<a href='?page_no=13435'>Next<\/a>\n\t<\/li>\n\n\n    \n\n<li><a href='?page_no=56170'>Last &rsaquo;&rsaquo;<\/a><\/li>\n\n<\/ul>\n\n\n--><br \/>\n<\/body><\/p>\n","protected":false},"excerpt":{"rendered":"<p>Santo Domingo, RD, 15 de Marzo.-El ministro de la Administraci\u00f3n P\u00fablica, Ram\u00f3n Ventura Camejo, atendiendo a una invitaci\u00f3n de Alejandro Herrera, director general del Instituto Dominicano de Aviaci\u00f3n Civil (IDAC), recorri\u00f3 las instalaciones del Complejo Aeron\u00e1utico de Santo Domingo, que incluye los edificios Norge Botello, donde se alojan las direcciones de Normas de Vuelo y [&hellip;]<\/p>\n","protected":false},"author":3,"featured_media":0,"comment_status":"open","ping_status":"open","sticky":false,"template":"","format":"standard","meta":{"footnotes":""},"categories":[20],"tags":[],"class_list":["post-219076","post","type-post","status-publish","format-standard","hentry","category-dominicana-hoy"],"_links":{"self":[{"href":"https:\/\/diariodominicano.com\/index.php?rest_route=\/wp\/v2\/posts\/219076","targetHints":{"allow":["GET"]}}],"collection":[{"href":"https:\/\/diariodominicano.com\/index.php?rest_route=\/wp\/v2\/posts"}],"about":[{"href":"https:\/\/diariodominicano.com\/index.php?rest_route=\/wp\/v2\/types\/post"}],"author":[{"embeddable":true,"href":"https:\/\/diariodominicano.com\/index.php?rest_route=\/wp\/v2\/users\/3"}],"replies":[{"embeddable":true,"href":"https:\/\/diariodominicano.com\/index.php?rest_route=%2Fwp%2Fv2%2Fcomments&post=219076"}],"version-history":[{"count":0,"href":"https:\/\/diariodominicano.com\/index.php?rest_route=\/wp\/v2\/posts\/219076\/revisions"}],"wp:attachment":[{"href":"https:\/\/diariodominicano.com\/index.php?rest_route=%2Fwp%2Fv2%2Fmedia&parent=219076"}],"wp:term":[{"taxonomy":"category","embeddable":true,"href":"https:\/\/diariodominicano.com\/index.php?rest_route=%2Fwp%2Fv2%2Fcategories&post=219076"},{"taxonomy":"post_tag","embeddable":true,"href":"https:\/\/diariodominicano.com\/index.php?rest_route=%2Fwp%2Fv2%2Ftags&post=219076"}],"curies":[{"name":"wp","href":"https:\/\/api.w.org\/{rel}","templated":true}]}}