{"id":219075,"date":"2016-03-15T15:01:42","date_gmt":"2016-03-15T15:01:42","guid":{"rendered":"http:\/\/diariodominicano.ddns.net\/?p=219075"},"modified":"2016-03-15T15:01:42","modified_gmt":"2016-03-15T15:01:42","slug":"inician-campana-de-seguridad-vial-y-prevencion-de-accidentes-de-transito","status":"publish","type":"post","link":"https:\/\/diariodominicano.com\/?p=219075","title":{"rendered":"Inician campa\u00f1a de seguridad vial y prevenci\u00f3n de accidentes de tr\u00e1nsito"},"content":{"rendered":"<p><body><\/p>\n<p><img decoding=\"async\" src=\"img3\/uasdss.jpg\" \/>  <\/p>\n<p><span class=\"text1noticias\">Santo Domingo, RD, 15 de Marzo.-Con el prop\u00f3sito de crear conciencia en la poblaci\u00f3n y preservar vidas durante la pr\u00f3xima Semana Santa, la Universidad Aut\u00f3noma de Santo Domingo (UASD) y el Ministerio de Estado de Salud P\u00fablica iniciaron una campa\u00f1a de seguridad vial y prevenci\u00f3n de accidentes de tr\u00e1nsito.<\/span><\/p>\n<p><span class=\"text1noticias\"> <\/span><\/p>\n<p><span class=\"text1noticias\">Este evento que tiene como lema \u00abPiensa, Man\u00e9jate con Prudencia\u00bb qued\u00f3 inaugurado durante un acto que tuvo como escenario el Aula Magna de la Primada de Am\u00e9rica y que encabezara el maestro Rafael Nino F\u00e8liz, vicerrector de Extensi\u00f3n de esa academia, en representaci\u00f3n de su rector, doctor Iv\u00e1n Grull\u00f3n Fern\u00e1ndez.<\/span><\/p>\n<p><span class=\"text1noticias\"> <\/span><\/p>\n<p><span class=\"text1noticias\">El maestro Nino F\u00e8liz resalt\u00f3 que la referida jornada orientativa, la cual  tendr\u00e1 dos d\u00edas de duraci\u00f3n, reviste una gran importancia porque persigue evitar accidentes y preservar vidas, especialmente durante el asueto de la Semana Mayor.<\/span><\/p>\n<p><span class=\"text1noticias\"> <\/span><\/p>\n<p><span class=\"text1noticias\">De su lado, el decano de la facultad de Ciencias de la Salud de la UASD dijo que esa unidad acad\u00e9mica realiza desde hace tiempo el proyecto \u00abUniversidad Saludable\u00bb, con el prop\u00f3sito principal construir un entorno universitario sana en beneficio del ser humano y el medio ambiente.<\/span><\/p>\n<p><span class=\"text1noticias\">  <\/span><\/p>\n<p><span class=\"text1noticias\">El doctor Mej\u00eda consider\u00f3 tambi\u00e9n que la falta de precauci\u00f3n al conducir, la imprudencia, la distracci\u00f3n, el no mantener una distancia  prudente de frenado y la velocidad excesiva son las principales causas de los accidentes de tr\u00e1nsito.<\/span><\/p>\n<p><span class=\"text1noticias\"> <\/span><\/p>\n<p><span class=\"text1noticias\">Asimismo, se\u00f1al\u00f3 que las lesiones que dejan los accidentes afectan la calidad de vida porque se reduce el nivel de productividad, \u00abllegando esto a afectar en el n\u00facleo familiar en su cotidianidad, con un aumento considerable en los gastos en salud y la consecuente reducci\u00f3n de ingreso\u00bb.<\/span><\/p>\n<p><span class=\"text1noticias\"> <\/span><\/p>\n<p><span class=\"text1noticias\">La coordinadora del evento y directora de la Escuela de Salud P\u00fablica de la UASD, doctora Scarlet Pe\u00f1a, explic\u00f3 que la jornada incluir\u00e1 conferencias en la Biblioteca Pedro Mir y exhibiciones permanentes de veh\u00edculos accidentados, proyecci\u00f3n de videos, promoci\u00f3n de estilos de vida saludables.<\/span><\/p>\n<p><span class=\"text1noticias\"> <\/span><\/p>\n<p><span class=\"text1noticias\">Tambi\u00e9n inform\u00f3 la realizaci\u00f3n de actividades de entretenimiento en la explanada del Edificio Doctor Defill\u00f3, de la FSC, as\u00ed como talleres y un simulacro de rescate de v\u00edctimas de un accidente, con la participaci\u00f3n de bomberos, ambulancias y personal de emergencia, frente a la Biblioteca Pedro Mir.<\/span><\/p>\n<p><span class=\"text1noticias\"> <\/span><\/p>\n<p><span class=\"text1noticias\">En tanto, el representante de la Ministra de Salud P\u00fablica, doctor Jos\u00e9 Manuel Puello (actual Director General de la Salud del Pueblo) destac\u00f3 el esfuerzo  de la Universidad Estatal  para  prevenir muertes durante el feriado Semana Santa y de manera permanente.<\/span><\/p>\n<p><span class=\"text1noticias\"> <\/span><\/p>\n<p><span class=\"text1noticias\">Indic\u00f3 el doctor Puello que el pa\u00eds est\u00e1 afectado por muchos problemas de salud de los cuales las muertes por accidentes de tr\u00e1nsito constituye el mayor, porque provoca problemas sociales y econ\u00f3micos; por lo eso ratific\u00f3 su compromiso de proteger y velar por la salud de todos los dominicanos.<\/span><\/p>\n<p><span class=\"text1noticias\"> <\/span><\/p>\n<p><span class=\"text1noticias\">Seg\u00fan un informe de la Organizaci\u00f3n Mundial de la Salud (OMS), la Rep\u00fablica Dominicana ocupa el segundo luga Am\u00e9rica Latina entre los pa\u00edses donde cada a\u00f1o mueren m\u00e1s personas a causa de accidentes de tr\u00e1nsito<\/span><\/p>\n<p><span class=\"text1noticias\"> <\/span><\/p>\n<p><span class=\"text1noticias\">La campa\u00f1a cuenta tambi\u00e9n con el apoyo de distintas instituciones vinculadas al sector salud, transporte, tr\u00e1nsito, seguridad vial, atenci\u00f3n a emergencias, como son: Autoridades Metropolitana del Transporte, AMET, Sistema 911, Defensa Civil, Ministerio de Obras P\u00fablicas y Comunicaciones, MOPC, Oficina T\u00e9cnica de Transporte Terrestre, OTTT, organizaciones de la Sociedad Civil, empresas privadas, de aseguradoras y profesionales y especialistas en el \u00e1rea de Psicolog\u00eda y Comunicaci\u00f3n de la Oficina Panamericana de la Salud, OPS<\/span>.<\/p>\n<h6> 2016-03-15 15:01:42 <\/h6>\n<p><!--\n<link rel=\"stylesheet\" href=\"css\/bootstrap.min.css\">\n\n\n<ul class=\"pagination\">\n\t    \n\t\n\n<li >\n\t<a href='?page_no=13432'>Previous<\/a>\n\t<\/li>\n\n\n       \n    \n\n<li><a href='?page_no=1'>1<\/a><\/li>\n\n\n\n<li><a href='?page_no=2'>2<\/a><\/li>\n\n\n\n<li><a>...<\/a><\/li>\n\n\n\n<li><a href='?page_no=13431'>13431<\/a><\/li>\n\n\n\n<li><a href='?page_no=13432'>13432<\/a><\/li>\n\n\n\n<li class='active'><a>13433<\/a><\/li>\n\n\n\n<li><a href='?page_no=13434'>13434<\/a><\/li>\n\n\n\n<li><a href='?page_no=13435'>13435<\/a><\/li>\n\n\n\n<li><a>...<\/a><\/li>\n\n\n\n<li><a href='?page_no=56169'>56169<\/a><\/li>\n\n\n\n<li><a href='?page_no=56170'>56170<\/a><\/li>\n\n    \n\t\n\n<li >\n\t<a href='?page_no=13434'>Next<\/a>\n\t<\/li>\n\n\n    \n\n<li><a href='?page_no=56170'>Last &rsaquo;&rsaquo;<\/a><\/li>\n\n<\/ul>\n\n\n--><br \/>\n<\/body><\/p>\n","protected":false},"excerpt":{"rendered":"<p>Santo Domingo, RD, 15 de Marzo.-Con el prop\u00f3sito de crear conciencia en la poblaci\u00f3n y preservar vidas durante la pr\u00f3xima Semana Santa, la Universidad Aut\u00f3noma de Santo Domingo (UASD) y el Ministerio de Estado de Salud P\u00fablica iniciaron una campa\u00f1a de seguridad vial y prevenci\u00f3n de accidentes de tr\u00e1nsito. Este evento que tiene como lema [&hellip;]<\/p>\n","protected":false},"author":3,"featured_media":0,"comment_status":"open","ping_status":"open","sticky":false,"template":"","format":"standard","meta":{"footnotes":""},"categories":[20],"tags":[],"class_list":["post-219075","post","type-post","status-publish","format-standard","hentry","category-dominicana-hoy"],"_links":{"self":[{"href":"https:\/\/diariodominicano.com\/index.php?rest_route=\/wp\/v2\/posts\/219075","targetHints":{"allow":["GET"]}}],"collection":[{"href":"https:\/\/diariodominicano.com\/index.php?rest_route=\/wp\/v2\/posts"}],"about":[{"href":"https:\/\/diariodominicano.com\/index.php?rest_route=\/wp\/v2\/types\/post"}],"author":[{"embeddable":true,"href":"https:\/\/diariodominicano.com\/index.php?rest_route=\/wp\/v2\/users\/3"}],"replies":[{"embeddable":true,"href":"https:\/\/diariodominicano.com\/index.php?rest_route=%2Fwp%2Fv2%2Fcomments&post=219075"}],"version-history":[{"count":0,"href":"https:\/\/diariodominicano.com\/index.php?rest_route=\/wp\/v2\/posts\/219075\/revisions"}],"wp:attachment":[{"href":"https:\/\/diariodominicano.com\/index.php?rest_route=%2Fwp%2Fv2%2Fmedia&parent=219075"}],"wp:term":[{"taxonomy":"category","embeddable":true,"href":"https:\/\/diariodominicano.com\/index.php?rest_route=%2Fwp%2Fv2%2Fcategories&post=219075"},{"taxonomy":"post_tag","embeddable":true,"href":"https:\/\/diariodominicano.com\/index.php?rest_route=%2Fwp%2Fv2%2Ftags&post=219075"}],"curies":[{"name":"wp","href":"https:\/\/api.w.org\/{rel}","templated":true}]}}