{"id":219074,"date":"2016-03-15T15:40:19","date_gmt":"2016-03-15T15:40:19","guid":{"rendered":"http:\/\/diariodominicano.ddns.net\/?p=219074"},"modified":"2016-03-15T15:40:19","modified_gmt":"2016-03-15T15:40:19","slug":"apertura-carretera-miches-sabana-de-la-mar-se-traduce-en-desarrollo-para-el-este","status":"publish","type":"post","link":"https:\/\/diariodominicano.com\/?p=219074","title":{"rendered":"Apertura carretera Miches-Sabana de la Mar se traduce en desarrollo para el Este"},"content":{"rendered":"<p><body><\/p>\n<p><img decoding=\"async\" src=\"img3\/daniloeste.jpg\" \/><br \/><img decoding=\"async\" src=\"img3\/carreteraeste.jpg\" \/>  <\/p>\n<p><span class=\"text1noticias\">Miches, El Seibo, RD, 15 de marzo.-El presidente Danilo Medina inaugur\u00f3 este martes  la carretera Miches-Sabana de la Mar, con una extensi\u00f3n de 40 kil\u00f3metros.<\/span><\/p>\n<\/p>\n<p><span class=\"text1noticias\">La  obra forma parte del Circuito Vial del Este, y es adem\u00e1s el \u00faltimo tramo de la carretera B\u00e1varo-Uvero Alto, Uvero Alto-Miches-Sabana de la Mar, que tiene una longitud de 112 kil\u00f3metros.<\/span><\/p>\n<\/p>\n<p><span class=\"text1noticias\">Al  pronunciar el discurso central del acto, el ministro de Obras P\u00fablicas, Gonzalo Castillo signific\u00f3 que esta nueva carretera constituye un aporte fundamental para el desarrollo socioecon\u00f3mico de Sabana de la Mar, Miches y Uvero Alto, as\u00ed como toda la zona Este.<\/span><\/p>\n<\/p>\n<p><span class=\"text1noticias\">La nueva v\u00eda permitir\u00e1 que lleguen a esta regi\u00f3n m\u00e1s inversionistas y miles de turistas locales y extranjeros,  contribuyendo a la creaci\u00f3n de abundante bienestar a toda la zona.<\/span><\/p>\n<\/p>\n<p><span class=\"text1noticias\">\u00abCon esta nueva carretera  los habitantes de Sabana de la Mar pueden ya participar de los empleos, en zonas como Uvero Alto y B\u00e1varo y muy pronto Miches, que son zonas que ahora se encuentran a una distancia y tiempo de recorrido que le permite ir y volver cada d\u00eda a sus trabajos\u00bb.<\/span><\/p>\n<\/p>\n<p><span class=\"text1noticias\">Con esto podemos decir que el desempleo en Sabana de la Mar ha llegado a su final\u00bb, precis\u00f3 el funcionario.<\/span><\/p>\n<\/p>\n<p><span class=\"text1noticias\">La carretera tiene una longitud de 40 kil\u00f3metros de extensi\u00f3n, 8.5 metros de ancho, dos carriles de 3.50 metros cada uno y paseo de 0.75 metros; asimismo permitir\u00e1 una velocidad de desplazamiento de 60 a 80 kil\u00f3metros por hora.<\/span><\/p>\n<\/p>\n<p><span class=\"text1noticias\">\u00abSe\u00f1or presidente Danilo Medina, nueva vez queda demostrado que su voluntad, su incansable modelo de trabajo, su compromiso con los dominicanos y dominicanas y su determinaci\u00f3n, constituyen un camino de bienestar y esperanza para todo nuestro pa\u00eds\u00bb. Precis\u00f3 Gonzalo Castillo.<\/span><\/p>\n<\/p>\n<p><span class=\"text1noticias\">El funcionario inform\u00f3 que la obra hizo posible la creaci\u00f3n de 1,048 empleos directos  y 3,012  indirectos.<\/span><\/p>\n<\/p>\n<p><span class=\"text1noticias\">Dijo que con estas obras viales que van en la direcci\u00f3n de completar el Corredor Vial del Este, cientos de millones de metros cuadrados pasan a ser integrados al desarrollo de la infraestructura hotelera de la zona este.<\/span><\/p>\n<\/p>\n<p><span class=\"text1noticias\">Mientras, el senador por la provincia de Hato Mayor, Rub\u00e9n Dar\u00edo Cruz, lleno de j\u00fabilo, dijo que es imposible ocultar la alegr\u00eda que embarga a esas comunidades al referirse al Seibo, Hato Mayor y La Altagracia,  con el logro de la construcci\u00f3n de esta carretera.<\/span><\/p>\n<\/p>\n<p><strong><span class=\"text1noticias\">Obra prometida, promesa cumplida<\/span><\/strong><\/p>\n<\/p>\n<p><span class=\"text1noticias\">De igual modo, resalt\u00f3 el cumplimiento de promesa al recordar la Visita Sorpresa realizada por el presidente Danilo Medina el 14 de diciembre del a\u00f1o pasado, donde escuch\u00f3 las peticiones de productores de leche de la comunidad El Valle.<\/span><\/p>\n<\/p>\n<p><span class=\"text1noticias\">En esa ocasi\u00f3n solicitaron apoyo en la mejor\u00eda de las fincas  para elevar la calidad de su producto con un proceso eficiente de pasteurizaci\u00f3n y as\u00ed poder participar como proveedores en la Jornada Escolar Extendida.<\/span><\/p>\n<\/p>\n<p><span class=\"text1noticias\">Tambi\u00e9n le solicitaron una ambulancia para el hospital de El Valle, la cual fue provista por el gobernante, significando que de algo m\u00e1s de 20 millones de pesos prometidos, ya han recibido 13 millones.<\/span><\/p>\n<\/p>\n<p><span class=\"text1noticias\">De su lado, el gobernador de Hato Mayor, Manuel de Jes\u00fas de la Cruz, resalt\u00f3  que la obra vial ha sido posible gracias al esfuerzo permanente y a la intenci\u00f3n de buscar mejor\u00edas para la comunidades del presidente Danilo Medina.<\/span><\/p>\n<\/p>\n<p><span class=\"text1noticias\">\u00abEsta carretera se\u00f1or presidente, trae gran alegr\u00eda a las zonas de Hato Mayor, Miches y Sabana de la Mar, lo que es una realidad que significa que su palabra se ha cumplido\u00bb, se\u00f1al\u00f3 el Gobernador.<\/span><\/p>\n<\/p>\n<p><strong><span class=\"text1noticias\">Obra era un anhelo de los comunitarios<\/span><\/strong><\/p>\n<\/p>\n<p><span class=\"text1noticias\">Ordaliza Rodr\u00edguez Pimentel, quien habl\u00f3 a nombre de la comunidad de Sabana de la Mar, refiri\u00f3 que la carretera es un anhelo que marca el inicio de las dem\u00e1s obras viales que faltan por hacer.<\/span><\/p>\n<\/p>\n<p><span class=\"text1noticias\">Entre los asistentes al acto, estuvieron la alcaldesa del municipio de Sabana de la Mar, Aura Salda\u00f1a; el presidente de la empresa Tecno Am\u00e9rica, Pedro Delgado Malag\u00f3n; el administrador del Banco de Reservas, Enrique Ram\u00edrez Paniagua, Carlos Pared P\u00e9rez y Robert de la Cruz, asistentes especiales del presidente de la Rep\u00fablica<\/span>.<\/p>\n<h6> 2016-03-15 15:40:19 <\/h6>\n<p><!--\n<link rel=\"stylesheet\" href=\"css\/bootstrap.min.css\">\n\n\n<ul class=\"pagination\">\n\t    \n\t\n\n<li >\n\t<a href='?page_no=13431'>Previous<\/a>\n\t<\/li>\n\n\n       \n    \n\n<li><a href='?page_no=1'>1<\/a><\/li>\n\n\n\n<li><a href='?page_no=2'>2<\/a><\/li>\n\n\n\n<li><a>...<\/a><\/li>\n\n\n\n<li><a href='?page_no=13430'>13430<\/a><\/li>\n\n\n\n<li><a href='?page_no=13431'>13431<\/a><\/li>\n\n\n\n<li class='active'><a>13432<\/a><\/li>\n\n\n\n<li><a href='?page_no=13433'>13433<\/a><\/li>\n\n\n\n<li><a href='?page_no=13434'>13434<\/a><\/li>\n\n\n\n<li><a>...<\/a><\/li>\n\n\n\n<li><a href='?page_no=56169'>56169<\/a><\/li>\n\n\n\n<li><a href='?page_no=56170'>56170<\/a><\/li>\n\n    \n\t\n\n<li >\n\t<a href='?page_no=13433'>Next<\/a>\n\t<\/li>\n\n\n    \n\n<li><a href='?page_no=56170'>Last &rsaquo;&rsaquo;<\/a><\/li>\n\n<\/ul>\n\n\n--><br \/>\n<\/body><\/p>\n","protected":false},"excerpt":{"rendered":"<p>Miches, El Seibo, RD, 15 de marzo.-El presidente Danilo Medina inaugur\u00f3 este martes la carretera Miches-Sabana de la Mar, con una extensi\u00f3n de 40 kil\u00f3metros. La obra forma parte del Circuito Vial del Este, y es adem\u00e1s el \u00faltimo tramo de la carretera B\u00e1varo-Uvero Alto, Uvero Alto-Miches-Sabana de la Mar, que tiene una longitud de [&hellip;]<\/p>\n","protected":false},"author":3,"featured_media":0,"comment_status":"open","ping_status":"open","sticky":false,"template":"","format":"standard","meta":{"footnotes":""},"categories":[20],"tags":[],"class_list":["post-219074","post","type-post","status-publish","format-standard","hentry","category-dominicana-hoy"],"_links":{"self":[{"href":"https:\/\/diariodominicano.com\/index.php?rest_route=\/wp\/v2\/posts\/219074","targetHints":{"allow":["GET"]}}],"collection":[{"href":"https:\/\/diariodominicano.com\/index.php?rest_route=\/wp\/v2\/posts"}],"about":[{"href":"https:\/\/diariodominicano.com\/index.php?rest_route=\/wp\/v2\/types\/post"}],"author":[{"embeddable":true,"href":"https:\/\/diariodominicano.com\/index.php?rest_route=\/wp\/v2\/users\/3"}],"replies":[{"embeddable":true,"href":"https:\/\/diariodominicano.com\/index.php?rest_route=%2Fwp%2Fv2%2Fcomments&post=219074"}],"version-history":[{"count":0,"href":"https:\/\/diariodominicano.com\/index.php?rest_route=\/wp\/v2\/posts\/219074\/revisions"}],"wp:attachment":[{"href":"https:\/\/diariodominicano.com\/index.php?rest_route=%2Fwp%2Fv2%2Fmedia&parent=219074"}],"wp:term":[{"taxonomy":"category","embeddable":true,"href":"https:\/\/diariodominicano.com\/index.php?rest_route=%2Fwp%2Fv2%2Fcategories&post=219074"},{"taxonomy":"post_tag","embeddable":true,"href":"https:\/\/diariodominicano.com\/index.php?rest_route=%2Fwp%2Fv2%2Ftags&post=219074"}],"curies":[{"name":"wp","href":"https:\/\/api.w.org\/{rel}","templated":true}]}}