{"id":219070,"date":"2016-03-16T08:56:20","date_gmt":"2016-03-16T08:56:20","guid":{"rendered":"http:\/\/diariodominicano.ddns.net\/?p=219070"},"modified":"2016-03-16T08:56:20","modified_gmt":"2016-03-16T08:56:20","slug":"la-justicia-de-genero-no-es-cosa-de-mujeres-la-necesidad-de-acabar-con-el-machismo","status":"publish","type":"post","link":"https:\/\/diariodominicano.com\/?p=219070","title":{"rendered":"La justicia de g\u00e9nero no es cosa de mujeres; la necesidad de acabar con el machismo"},"content":{"rendered":"<p><body><\/p>\n<p><img decoding=\"async\" src=\"img3\/san 1.jpg\" \/><br \/><img decoding=\"async\" src=\"img3\/sur 1.jpg\" \/>  <\/p>\n<p><strong> Por Sandra Ezquerra de Viento del Sur<\/strong><\/p>\n<\/p>\n<p>Madrid, Espa\u00f1a 16  de marzo.- Ahora que ya queda atr\u00e1s el 8 de marzo no podemos perder de vista el objetivo de que, lejos de concentrarse en un par de d\u00edas al a\u00f1o, la necesidad de acabar con el machismo est\u00e9 en el centro del debate pol\u00edtico y social cada d\u00eda. <\/p>\n<\/p>\n<p>Si bien la existencia de jornadas reivindicativas como el 25 de noviembre o el 8 de marzo resulta fundamental para visibilizar tanto la pervivencia de la injusticia de g\u00e9nero como el creciente rechazo social hacia ella, no dar tregua al machismo significa vigilarlo, denunciarlo y trabajar para erradicarlo en cada momento y en cada rinc\u00f3n de nuestras vidas.<\/p>\n<\/p>\n<p>En este sentido, aunque no recibi\u00f3 mucha atenci\u00f3n medi\u00e1tica, el Ayuntamiento de Barcelona aprob\u00f3 el pasado mes de diciembre una medida de transversalidad de g\u00e9nero con el objetivo de dotarse de un marco para implementar de manera efectiva la perspectiva de g\u00e9nero en su din\u00e1mica de trabajo. La medida, impulsada por la Concejal\u00eda de Ciclo de Vida, Feminismos y LGTBI, pone especial \u00e9nfasis en la creaci\u00f3n de una estructura organizativa de transversalidad de g\u00e9nero que impulse la colaboraci\u00f3n entre \u00e1reas, distritos y entidades y que introduzca la perspectiva de g\u00e9nero de manera descentralizada en el conjunto del gobierno municipal.<\/p>\n<\/p>\n<p>Existen en la actualidad dos formas de introducir la perspectiva de g\u00e9nero en las pol\u00edticas p\u00fablicas, las cuales, lejos de ser excluyentes, pueden resultar complementarias. La primera, correspondiente a las pol\u00edticas de igualdad de g\u00e9nero, busca incidir en la situaci\u00f3n de discriminaci\u00f3n de las mujeres en un \u00e1mbito social concreto con el objetivo de convertirlo en menos desfavorable. Esta v\u00eda se considera reactiva ya que genera medidas reparadoras de situaciones consideradas discriminatorias hacia las mujeres atacando los s\u00edntomas de la discriminaci\u00f3n y no sus ra\u00edces. Un ejemplo lo constituyen las pol\u00edticas de cuotas o de paridad en tanto que revierten parcialmente la sobrerrepresentaci\u00f3n de hombres en espacios como la pol\u00edtica institucional o el mundo empresarial sin abordar necesariamente las desigualdades de fondo que la generan. Buscan, de este modo, encontrar una soluci\u00f3n cuantificable para una situaci\u00f3n espec\u00edfica.<\/p>\n<\/p>\n<p>Una segunda v\u00eda para la introducci\u00f3n de la perspectiva de g\u00e9nero en las pol\u00edticas p\u00fablicas es la transversalidad de g\u00e9nero o lo que se conoce internacionalmente como mainstreaming. Aparecida en la Conferencia de Naciones Unidas sobre la Mujer celebrada en Pek\u00edn en 1995, esta estrategia es considerada proactiva en tanto que consiste en introducir la perspectiva de g\u00e9nero en todos los estadios (dise\u00f1o, ejecuci\u00f3n, evaluaci\u00f3n) del conjunto de intervenciones de los poderes p\u00fablicos (salud, educaci\u00f3n, econom\u00eda, mercado laboral, presupuestos, urbanismo, cultura, etc.). Lejos de limitarse a actuaciones compensatorias destinadas a mujeres en \u00e1mbitos sectoriales concretos, la transversalidad de g\u00e9nero o mainstreaming busca incorporar de manera estructural la perspectiva de g\u00e9nero en la pol\u00edtica en aras de garantizar una igualdad real entre hombres y mujeres. As\u00ed, no se limita a proporcionar una igualdad de trato, como ser\u00eda, por ejemplo, garantizar un n\u00famero comparable de hombres y mujeres en las listas electorales, sino que busca actuar sobre todos aquellos factores que impiden su participaci\u00f3n equitativa en el conjunto de la vida social (la naturaleza del sistema electoral, el machismo presente en los partidos pol\u00edticos, sindicatos, otras organizaciones, estructuras institucionales y medios de comunicaci\u00f3n, la pervivencia de comentarios y actitudes machistas en el funcionamiento cotidiano de las instituciones y los entornos laborales, la divisi\u00f3n sexual del trabajo presente en la sociedad y en las familias, etc.). Dicho de otro modo, en vez de intentar evitar \u00fanicamente que las mujeres sean excluidas de la participaci\u00f3n social, pol\u00edtica o comunitaria, se realiza una apuesta por transformar desde un paradigma de equidad y de justicia tanto los marcos que las regulan como las condiciones objetivas que las dificultan.<\/p>\n<\/p>\n<p>Impulsar la transversalidad de g\u00e9nero pasa, de este modo, por revisar todos los procesos institucionales de producci\u00f3n de pol\u00edticas p\u00fablicas con el objetivo de eliminar los sesgos de g\u00e9nero existentes y las desigualdades que reproducen. No nos podemos conformar con generar pol\u00edticas \u00fanicamente para mujeres que nos ayuden a superar las desventajas en las que nos vemos inmersas de manera cotidiana. Al contrario, debemos aspirar a hacer pol\u00edtica con y para el conjunto de la poblaci\u00f3n con el objetivo de transformar y eliminar de manera global y colectiva estas desventajas: no buscamos s\u00f3lo que algunas mujeres participen, sino que la participaci\u00f3n femenina sea la norma y que los hombres aprendan a participar de otro modo; no aspiramos s\u00f3lo a que la mujer denuncie, sino sobre todo a que el hombre no agreda, su entorno rompa el silencio y los y las ni\u00f1as crezca con modelos de relaciones libres, respetuosas y saludables; no nos conformamos con condenar comentarios, actitudes o agresiones machistas, sino que los queremos convertir en impensables; no apostamos s\u00f3lo porque las mujeres alcancen el salario m\u00ednimo, sino que todas ellas gocen de autonom\u00eda econ\u00f3mica para poder decidir en cada momento sobre sus vidas; no encontramos suficiente que las mujeres tengan m\u00e1s apoyo que en la actualidad en el cuidado de los y las ni\u00f1as, sino que nos ponemos como objetivo que los hombres y el conjunto de la sociedad se impliquen en \u00e9l de manera equitativa.<\/p>\n<\/p>\n<p>Conseguirlo requiere concebir la injusticia de g\u00e9nero como fen\u00f3meno transversal en nuestra sociedad y, por lo tanto, comprender que la respuesta debe abordar todos sus \u00e1mbitos. Esto tiene una doble lectura: organizativa y pol\u00edtica. La primera conlleva una cambio profundo en la manera de funcionar de los servicios p\u00fablicos, los cuales deben abandonar el excesivo \u00absectorialismo\u00bb que hist\u00f3ricamente los ha caracterizado y avanzar de manera coordinada hacia una mirada a las experiencias y dificultades vitales de los vecinos y las vecinas de la ciudad que sea claramente global y feminista. La segunda lectura, la pol\u00edtica, pide una apuesta clara por la transversalizaci\u00f3n de la perspectiva de g\u00e9nero en la acci\u00f3n cotidiana de gobierno y plantea una premisa innegociable: que la lucha contra el machismo debe yacer en cada rinc\u00f3n y en cada actor de la ciudad. Las mujeres sin duda nos beneficiaremos de ella, pero no por ello es nuestra responsabilidad. Empezar a transversalizar esta lucha pasa por recordar que la justicia de g\u00e9nero no es cosa de mujeres. La justicia de g\u00e9nero es cosa de todas y de todos.<\/p>\n<\/p>\n<p>Sandra Ezquerra, del Consejo Asesor de Viento Sur, es activista e investigadora<\/p>\n<\/p>\n<h6> 2016-03-16 08:56:20 <\/h6>\n<p><!--\n<link rel=\"stylesheet\" href=\"css\/bootstrap.min.css\">\n\n\n<ul class=\"pagination\">\n\t    \n\t\n\n<li >\n\t<a href='?page_no=13428'>Previous<\/a>\n\t<\/li>\n\n\n       \n    \n\n<li><a href='?page_no=1'>1<\/a><\/li>\n\n\n\n<li><a href='?page_no=2'>2<\/a><\/li>\n\n\n\n<li><a>...<\/a><\/li>\n\n\n\n<li><a href='?page_no=13427'>13427<\/a><\/li>\n\n\n\n<li><a href='?page_no=13428'>13428<\/a><\/li>\n\n\n\n<li class='active'><a>13429<\/a><\/li>\n\n\n\n<li><a href='?page_no=13430'>13430<\/a><\/li>\n\n\n\n<li><a href='?page_no=13431'>13431<\/a><\/li>\n\n\n\n<li><a>...<\/a><\/li>\n\n\n\n<li><a href='?page_no=56169'>56169<\/a><\/li>\n\n\n\n<li><a href='?page_no=56170'>56170<\/a><\/li>\n\n    \n\t\n\n<li >\n\t<a href='?page_no=13430'>Next<\/a>\n\t<\/li>\n\n\n    \n\n<li><a href='?page_no=56170'>Last &rsaquo;&rsaquo;<\/a><\/li>\n\n<\/ul>\n\n\n--><br \/>\n<\/body><\/p>\n","protected":false},"excerpt":{"rendered":"<p>Por Sandra Ezquerra de Viento del Sur Madrid, Espa\u00f1a 16 de marzo.- Ahora que ya queda atr\u00e1s el 8 de marzo no podemos perder de vista el objetivo de que, lejos de concentrarse en un par de d\u00edas al a\u00f1o, la necesidad de acabar con el machismo est\u00e9 en el centro del debate pol\u00edtico y [&hellip;]<\/p>\n","protected":false},"author":3,"featured_media":0,"comment_status":"open","ping_status":"open","sticky":false,"template":"","format":"standard","meta":{"footnotes":""},"categories":[20],"tags":[],"class_list":["post-219070","post","type-post","status-publish","format-standard","hentry","category-dominicana-hoy"],"_links":{"self":[{"href":"https:\/\/diariodominicano.com\/index.php?rest_route=\/wp\/v2\/posts\/219070","targetHints":{"allow":["GET"]}}],"collection":[{"href":"https:\/\/diariodominicano.com\/index.php?rest_route=\/wp\/v2\/posts"}],"about":[{"href":"https:\/\/diariodominicano.com\/index.php?rest_route=\/wp\/v2\/types\/post"}],"author":[{"embeddable":true,"href":"https:\/\/diariodominicano.com\/index.php?rest_route=\/wp\/v2\/users\/3"}],"replies":[{"embeddable":true,"href":"https:\/\/diariodominicano.com\/index.php?rest_route=%2Fwp%2Fv2%2Fcomments&post=219070"}],"version-history":[{"count":0,"href":"https:\/\/diariodominicano.com\/index.php?rest_route=\/wp\/v2\/posts\/219070\/revisions"}],"wp:attachment":[{"href":"https:\/\/diariodominicano.com\/index.php?rest_route=%2Fwp%2Fv2%2Fmedia&parent=219070"}],"wp:term":[{"taxonomy":"category","embeddable":true,"href":"https:\/\/diariodominicano.com\/index.php?rest_route=%2Fwp%2Fv2%2Fcategories&post=219070"},{"taxonomy":"post_tag","embeddable":true,"href":"https:\/\/diariodominicano.com\/index.php?rest_route=%2Fwp%2Fv2%2Ftags&post=219070"}],"curies":[{"name":"wp","href":"https:\/\/api.w.org\/{rel}","templated":true}]}}