{"id":219068,"date":"2016-03-16T14:28:40","date_gmt":"2016-03-16T14:28:40","guid":{"rendered":"http:\/\/diariodominicano.ddns.net\/?p=219068"},"modified":"2016-03-16T14:28:40","modified_gmt":"2016-03-16T14:28:40","slug":"diomedes-nunez-agradece-condolencias-miembros-del-pld-allegados","status":"publish","type":"post","link":"https:\/\/diariodominicano.com\/?p=219068","title":{"rendered":"Di\u00f3medes N\u00fa\u00f1ez agradece condolencias miembros del PLD allegados"},"content":{"rendered":"<p><body><\/p>\n<p><span class=\"text1noticias\">Santo Domingo, R. D., 16 de marzo.- El Partido de la Liberaci\u00f3n Dominicana (PLD) inform\u00f3 el fallecimiento del se\u00f1or Manuel Antonio N\u00fa\u00f1ez Burdier, de 93 a\u00f1os, cabeza familiar  en la provincia Monse\u00f1or Nouel  a la que pertenece su hijo Di\u00f3medes N\u00fa\u00f1ez Polanco actual Director de la Biblioteca Nacional y miembro del Comit\u00e9 Central de dicha organizaci\u00f3n Pol\u00edtica.<\/span><\/p>\n<p><span class=\"text1noticias\"> <\/span><\/p>\n<p><span class=\"text1noticias\">La nota luctuosa divulgada por la Secretar\u00eda de Comunicaciones del partido morado precisa que el deceso del se\u00f1or N\u00fa\u00f1ez Burdier se produjo en las primeras horas de este mi\u00e9rcoles en la ciudad de Nueva  York, Estados Unidos de Norteam\u00e9rica.<\/span><\/p>\n<p><span class=\"text1noticias\"> <\/span><\/p>\n<p><span class=\"text1noticias\"> Di\u00f3medes N\u00fa\u00f1ez Polanco, ex director del peri\u00f3dico Vanguardia del Pueblo del PLD, explic\u00f3 que su progenitor padec\u00eda achaques de salud propios de la edad por lo que recib\u00eda atenciones m\u00e9dicas y de los familiares.<\/span><\/p>\n<p><span class=\"text1noticias\"> <\/span><\/p>\n<p><span class=\"text1noticias\">Completan la familia N\u00fa\u00f1ez Polanco, el destacado pintor Miguel N\u00fa\u00f1ez que tiene una colecci\u00f3n de retratos del Profesor Juan Bosch y del patricio Juan Pablo Duarte as\u00ed como tambi\u00e9n Modesto, Domingo, Feliz, Jos\u00e9 y Carmen N\u00fa\u00f1ez Polanco.<\/span><\/p>\n<p><span class=\"text1noticias\"> <\/span><\/p>\n<p><span class=\"text1noticias\">Con la muerte del se\u00f1or Manuel Antonio N\u00fa\u00f1ez Burdier pasa a viudez la se\u00f1ora Ramona Polanco, matriarca de la familia de dirigentes pelede\u00edstas.<\/span><\/p>\n<h6> 2016-03-16 14:28:40 <\/h6>\n<p><!--\n<link rel=\"stylesheet\" href=\"css\/bootstrap.min.css\">\n\n\n<ul class=\"pagination\">\n\t    \n\t\n\n<li >\n\t<a href='?page_no=13426'>Previous<\/a>\n\t<\/li>\n\n\n       \n    \n\n<li><a href='?page_no=1'>1<\/a><\/li>\n\n\n\n<li><a href='?page_no=2'>2<\/a><\/li>\n\n\n\n<li><a>...<\/a><\/li>\n\n\n\n<li><a href='?page_no=13425'>13425<\/a><\/li>\n\n\n\n<li><a href='?page_no=13426'>13426<\/a><\/li>\n\n\n\n<li class='active'><a>13427<\/a><\/li>\n\n\n\n<li><a href='?page_no=13428'>13428<\/a><\/li>\n\n\n\n<li><a href='?page_no=13429'>13429<\/a><\/li>\n\n\n\n<li><a>...<\/a><\/li>\n\n\n\n<li><a href='?page_no=56169'>56169<\/a><\/li>\n\n\n\n<li><a href='?page_no=56170'>56170<\/a><\/li>\n\n    \n\t\n\n<li >\n\t<a href='?page_no=13428'>Next<\/a>\n\t<\/li>\n\n\n    \n\n<li><a href='?page_no=56170'>Last &rsaquo;&rsaquo;<\/a><\/li>\n\n<\/ul>\n\n\n--><br \/>\n<\/body><\/p>\n","protected":false},"excerpt":{"rendered":"<p>Santo Domingo, R. D., 16 de marzo.- El Partido de la Liberaci\u00f3n Dominicana (PLD) inform\u00f3 el fallecimiento del se\u00f1or Manuel Antonio N\u00fa\u00f1ez Burdier, de 93 a\u00f1os, cabeza familiar en la provincia Monse\u00f1or Nouel a la que pertenece su hijo Di\u00f3medes N\u00fa\u00f1ez Polanco actual Director de la Biblioteca Nacional y miembro del Comit\u00e9 Central de dicha [&hellip;]<\/p>\n","protected":false},"author":3,"featured_media":0,"comment_status":"open","ping_status":"open","sticky":false,"template":"","format":"standard","meta":{"footnotes":""},"categories":[20],"tags":[],"class_list":["post-219068","post","type-post","status-publish","format-standard","hentry","category-dominicana-hoy"],"_links":{"self":[{"href":"https:\/\/diariodominicano.com\/index.php?rest_route=\/wp\/v2\/posts\/219068","targetHints":{"allow":["GET"]}}],"collection":[{"href":"https:\/\/diariodominicano.com\/index.php?rest_route=\/wp\/v2\/posts"}],"about":[{"href":"https:\/\/diariodominicano.com\/index.php?rest_route=\/wp\/v2\/types\/post"}],"author":[{"embeddable":true,"href":"https:\/\/diariodominicano.com\/index.php?rest_route=\/wp\/v2\/users\/3"}],"replies":[{"embeddable":true,"href":"https:\/\/diariodominicano.com\/index.php?rest_route=%2Fwp%2Fv2%2Fcomments&post=219068"}],"version-history":[{"count":0,"href":"https:\/\/diariodominicano.com\/index.php?rest_route=\/wp\/v2\/posts\/219068\/revisions"}],"wp:attachment":[{"href":"https:\/\/diariodominicano.com\/index.php?rest_route=%2Fwp%2Fv2%2Fmedia&parent=219068"}],"wp:term":[{"taxonomy":"category","embeddable":true,"href":"https:\/\/diariodominicano.com\/index.php?rest_route=%2Fwp%2Fv2%2Fcategories&post=219068"},{"taxonomy":"post_tag","embeddable":true,"href":"https:\/\/diariodominicano.com\/index.php?rest_route=%2Fwp%2Fv2%2Ftags&post=219068"}],"curies":[{"name":"wp","href":"https:\/\/api.w.org\/{rel}","templated":true}]}}