{"id":219067,"date":"2016-03-16T14:43:12","date_gmt":"2016-03-16T14:43:12","guid":{"rendered":"http:\/\/diariodominicano.ddns.net\/?p=219067"},"modified":"2016-03-16T14:43:12","modified_gmt":"2016-03-16T14:43:12","slug":"gobierno-no-ha-fijado-posicion-ante-solicitud-de-obispos","status":"publish","type":"post","link":"https:\/\/diariodominicano.com\/?p=219067","title":{"rendered":"\u00abGobierno no ha fijado posici\u00f3n ante solicitud de obispos\u00bb"},"content":{"rendered":"<p><body><\/p>\n<p><img decoding=\"async\" src=\"img3\/Rodriguez.jpg\" \/>  <\/p>\n<p><span class=\"text1noticias\">Santo Domingo, R. D., 16 de marzo.- El portavoz del Gobierno, Roberto Rodr\u00edguez Marchena inform\u00f3 que el gobierno dominicano a\u00fan no ha fijado su posici\u00f3n ante la solicitud hecha por los obispos dominicanos sobre posturas que habr\u00eda asumido el embajador de Estados Unidos en nuestro pa\u00eds, James W. Brewster.<\/span><\/p>\n<p><span class=\"text1noticias\"> <\/span><\/p>\n<p><span class=\"text1noticias\">\u00abAhora mismo no tengo una posici\u00f3n, primero, porque no he hablado con el presidente Danilo Medina, y segundo, porque no tengo constancia de que se haya estudiado, analizado y ponderado la posici\u00f3n que manifestaron los obispos en la Conferencia del Episcopado\u00bb, precis\u00f3 el tambi\u00e9n director general de Comunicaci\u00f3n de la Presidencia.<\/span><\/p>\n<p><span class=\"text1noticias\"> <\/span><\/p>\n<p><span class=\"text1noticias\">Obispos de Iglesia Cat\u00f3lica nos merecen respeto<\/span><\/p>\n<p><span class=\"text1noticias\"> <\/span><\/p>\n<p><span class=\"text1noticias\">Sostuvo que la respuesta, que se dar\u00e1 en su debido momento, estar\u00e1 acorde con los sentimientos e intereses de los dominicanos y dominicanas.<\/span><\/p>\n<p><span class=\"text1noticias\"> <\/span><\/p>\n<p><span class=\"text1noticias\">Dijo que por el respeto que los obispos de la Iglesia Cat\u00f3lica merecen y la principal\u00eda que tienen en la sociedad dominicana, su solicitud debe ser estudiada y analizada con mucha serenidad.<\/span><\/p>\n<p><span class=\"text1noticias\"> <\/span><\/p>\n<p><span class=\"text1noticias\">Se requiere ser \u00abmecha larga\u00bb<\/span><\/p>\n<p><span class=\"text1noticias\"> <\/span><\/p>\n<p><span class=\"text1noticias\">\u00abEn pol\u00edtica se requiere ser mecha larga. Usted tiene que tener un temperamento de mecha larga, porque si la tiene corta explota y dice tonter\u00edas. Tener la mecha larga es tener conciencia de que formas parte de un colectivo. Yo no puedo hablar a nombre de un colectivo al que pertenezco sin que ese colectivo haya fijado una posici\u00f3n\u00bb, expres\u00f3.<\/span><\/p>\n<p><span class=\"text1noticias\"> <\/span><\/p>\n<p><span class=\"text1noticias\">Estim\u00f3 que ser\u00e1 el canciller de la Rep\u00fablica, nuestro ministro de Relaciones Exteriores, Andr\u00e9s Navarro, quien dar\u00e1 una respuesta a la solicitud de los obispos.<\/span><\/p>\n<p><span class=\"text1noticias\"> <\/span><\/p>\n<p><span class=\"text1noticias\">Entiende Rodr\u00edguez Marchena que el tema es un asunto delicado que involucra al Gobierno de los Estados Unidos, \u00abEs es un asunto delicado, primero que involucra al embajador norteamericano, de un pa\u00eds con el que tenemos excelentes relaciones, y queremos seguir teni\u00e9ndolas y segundo nos relaciona con la Iglesia cat\u00f3lica en sus m\u00e1s altas instancias administrativas que son los obispos\u00bb, expres\u00f3 el Portavoz del Gobierno.<\/span><\/p>\n<p><span class=\"text1noticias\"> <\/span><\/p>\n<p><span class=\"text1noticias\">\u00abGobierno mantiene intenso ritmo de trabajo\u00bb<\/span><\/p>\n<p><span class=\"text1noticias\"> <\/span><\/p>\n<p><span class=\"text1noticias\">Roberto Rodr\u00edguez Marchena dijo que la labor del Palacio Nacional y todas las instituciones gubernamentales se mantienen tan intensas como en a\u00f1os anteriores.<\/span><\/p>\n<p><span class=\"text1noticias\"> <\/span><\/p>\n<p><span class=\"text1noticias\">Manifest\u00f3 que en nada ha variado ni se ha alterado la agenda de trabajo del Gobierno por el inicio de la campa\u00f1a electoral y que por el contrario, es necesario trabajar m\u00e1s para atender las urgencias de la poblaci\u00f3n.<\/span><\/p>\n<p><span class=\"text1noticias\"> <\/span><\/p>\n<p><span class=\"text1noticias\">\u00abActualmente la agenda se mantiene inc\u00f3lume; la vida sigue igual en el Gobierno y con mayor intensidad\u00bb, sostuvo Rodr\u00edguez Marchena.<\/span><\/p>\n<p><span class=\"text1noticias\"> <\/span><\/p>\n<p><span class=\"text1noticias\">Pueblo quiere Danilo trabaje 48 horas al d\u00eda<\/span><\/p>\n<p><span class=\"text1noticias\"> <\/span><\/p>\n<p><span class=\"text1noticias\">Con relaci\u00f3n a la licencia que la oposici\u00f3n reclama que tome presidente Danilo Medina,  respondi\u00f3 que el gobernante no tiene que tomar licencia porque la ley no se lo exige y porque la gente lo que quiere es que el Jefe de Estado gobierne m\u00e1s.<\/span><\/p>\n<p><span class=\"text1noticias\"> <\/span><\/p>\n<p><span class=\"text1noticias\">\u00abLa gente vive pidiendo m\u00e1s y m\u00e1s al Presidente. La gente quisiera que Danilo gobernara 48 horas al d\u00eda porque sabe del impacto ben\u00e9fico de su acci\u00f3n como Presidente de la Rep\u00fablica\u00bb, indic\u00f3 el portavoz del Gobierno.<\/span><\/p>\n<p><span class=\"text1noticias\"> <\/span><\/p>\n<p><span class=\"text1noticias\">Al ser preguntado en torno a si los funcionarios, como el ministro de Turismo y otros involucrados en la campa\u00f1a electoral deber\u00edan tomar licencia, precis\u00f3 que la ley electoral tampoco se lo exige y solo a aquellos funcionarios no electos que aspiran a cargos electivos.<\/span><\/p>\n<p><span class=\"text1noticias\"> <\/span><\/p>\n<p><span class=\"text1noticias\">Estas declaraciones fueron ofrecidas por Rodr\u00edguez Marchena al participar en el programa Hoy Mismo, conducido por los periodistas C\u00e9sar Medina, Luis\u00edn Mej\u00eda, Oscar Medina, Danny Alc\u00e1ntara y Freddy Sandoval, <\/span>por Color Visi\u00f3n.<\/p>\n<h6> 2016-03-16 14:43:12 <\/h6>\n<p><!--\n<link rel=\"stylesheet\" href=\"css\/bootstrap.min.css\">\n\n\n<ul class=\"pagination\">\n\t    \n\t\n\n<li >\n\t<a href='?page_no=13425'>Previous<\/a>\n\t<\/li>\n\n\n       \n    \n\n<li><a href='?page_no=1'>1<\/a><\/li>\n\n\n\n<li><a href='?page_no=2'>2<\/a><\/li>\n\n\n\n<li><a>...<\/a><\/li>\n\n\n\n<li><a href='?page_no=13424'>13424<\/a><\/li>\n\n\n\n<li><a href='?page_no=13425'>13425<\/a><\/li>\n\n\n\n<li class='active'><a>13426<\/a><\/li>\n\n\n\n<li><a href='?page_no=13427'>13427<\/a><\/li>\n\n\n\n<li><a href='?page_no=13428'>13428<\/a><\/li>\n\n\n\n<li><a>...<\/a><\/li>\n\n\n\n<li><a href='?page_no=56169'>56169<\/a><\/li>\n\n\n\n<li><a href='?page_no=56170'>56170<\/a><\/li>\n\n    \n\t\n\n<li >\n\t<a href='?page_no=13427'>Next<\/a>\n\t<\/li>\n\n\n    \n\n<li><a href='?page_no=56170'>Last &rsaquo;&rsaquo;<\/a><\/li>\n\n<\/ul>\n\n\n--><br \/>\n<\/body><\/p>\n","protected":false},"excerpt":{"rendered":"<p>Santo Domingo, R. D., 16 de marzo.- El portavoz del Gobierno, Roberto Rodr\u00edguez Marchena inform\u00f3 que el gobierno dominicano a\u00fan no ha fijado su posici\u00f3n ante la solicitud hecha por los obispos dominicanos sobre posturas que habr\u00eda asumido el embajador de Estados Unidos en nuestro pa\u00eds, James W. Brewster. \u00abAhora mismo no tengo una posici\u00f3n, [&hellip;]<\/p>\n","protected":false},"author":3,"featured_media":0,"comment_status":"open","ping_status":"open","sticky":false,"template":"","format":"standard","meta":{"footnotes":""},"categories":[20],"tags":[],"class_list":["post-219067","post","type-post","status-publish","format-standard","hentry","category-dominicana-hoy"],"_links":{"self":[{"href":"https:\/\/diariodominicano.com\/index.php?rest_route=\/wp\/v2\/posts\/219067","targetHints":{"allow":["GET"]}}],"collection":[{"href":"https:\/\/diariodominicano.com\/index.php?rest_route=\/wp\/v2\/posts"}],"about":[{"href":"https:\/\/diariodominicano.com\/index.php?rest_route=\/wp\/v2\/types\/post"}],"author":[{"embeddable":true,"href":"https:\/\/diariodominicano.com\/index.php?rest_route=\/wp\/v2\/users\/3"}],"replies":[{"embeddable":true,"href":"https:\/\/diariodominicano.com\/index.php?rest_route=%2Fwp%2Fv2%2Fcomments&post=219067"}],"version-history":[{"count":0,"href":"https:\/\/diariodominicano.com\/index.php?rest_route=\/wp\/v2\/posts\/219067\/revisions"}],"wp:attachment":[{"href":"https:\/\/diariodominicano.com\/index.php?rest_route=%2Fwp%2Fv2%2Fmedia&parent=219067"}],"wp:term":[{"taxonomy":"category","embeddable":true,"href":"https:\/\/diariodominicano.com\/index.php?rest_route=%2Fwp%2Fv2%2Fcategories&post=219067"},{"taxonomy":"post_tag","embeddable":true,"href":"https:\/\/diariodominicano.com\/index.php?rest_route=%2Fwp%2Fv2%2Ftags&post=219067"}],"curies":[{"name":"wp","href":"https:\/\/api.w.org\/{rel}","templated":true}]}}