{"id":219066,"date":"2016-03-16T20:06:59","date_gmt":"2016-03-16T20:06:59","guid":{"rendered":"http:\/\/diariodominicano.ddns.net\/?p=219066"},"modified":"2016-03-16T20:06:59","modified_gmt":"2016-03-16T20:06:59","slug":"villanueva-anuncia-su-retiro-de-vicepresidencia-de-asonahores","status":"publish","type":"post","link":"https:\/\/diariodominicano.com\/?p=219066","title":{"rendered":"Villanueva anuncia su retiro de vicepresidencia de ASONAHORES"},"content":{"rendered":"<p><body><\/p>\n<p><img decoding=\"async\" src=\"img3\/IMG_9289 (843x1024).jpg\" \/>  <\/p>\n<p>Santo Domingo, R. D., 16 de marzo.- El vicepresidente ejecutivo de la Asociaci\u00f3n de Hoteles y Turismo de la Rep\u00fablica Dominicana (ASONAHORES), Arturo Villanueva, inform\u00f3 su decisi\u00f3n de retirarse de la principal posici\u00f3n ejecutiva de la entidad.<\/p>\n<\/p>\n<p>\u00abDespu\u00e9s de m\u00e1s de dos d\u00e9cadas de servicios a la organizaci\u00f3n, a la industria tur\u00edstica y al pa\u00eds, me retiro para dedicarme a otras actividades pospuestas por estar consagrado a tiempo completo a ASONAHORES\u00bb, dijo Villanueva al Consejo Directivo de la asociaci\u00f3n.<\/p>\n<\/p>\n<p>Durante m\u00e1s de dos d\u00e9cadas, manifest\u00f3, he dedicado mis esfuerzos a promover el desarrollo del turismo, y mantendr\u00e9 mis v\u00ednculos con este sector y con ASONAHORES.<\/p>\n<\/p>\n<p>\u00abDespu\u00e9s de un valios\u00edsimo historial de servicios a la organizaci\u00f3n, a la industria tur\u00edstica y al pa\u00eds desde ASONAHORES, Arturo Villanueva ha solicitado su retiro\u00bb, dijo Sim\u00f3n Su\u00e1rez, presidente de la entidad empresarial tur\u00edstica.<\/p>\n<\/p>\n<p>Su larga carrera al servicio del desarrollo tur\u00edstico y su liderazgo, manifest\u00f3 Su\u00e1rez, \u00ablo hacen merecedor de nuestro agradecimiento y aprecio personal y del profundo e imperecedero reconocimiento de la organizaci\u00f3n\u00bb.<\/p>\n<\/p>\n<p>El retiro es efectivo al 3 de mayo del 2016, pero Villanueva se mantendr\u00e1 en su puesto hasta que la asociaci\u00f3n complete el proceso de selecci\u00f3n de la persona que lo sustituir\u00e1 en la principal posici\u00f3n ejecutiva de ASONAHORES.  Permanecer\u00e1 asimismo como Asesor de la Junta de Directores de ASONAHORES y como miembro del consejo de varias entidades p\u00fablicas a las que pertenece.<\/p>\n<\/p>\n<p>Villanueva, viniendo de varios a\u00f1os en la Asociaci\u00f3n de Hoteles de Playa Dorada, se inici\u00f3 en la direcci\u00f3n de ASONAHORES en 1990, a\u00f1o en que fue electo presidente de la entidad. En 1994 al terminar dos per\u00edodos en la presidencia, fue designado vicepresidente ejecutivo, cargo que ha ostentado hasta ahora.<\/p>\n<\/p>\n<p>Bajo su liderazgo se inici\u00f3 el proceso de transformaci\u00f3n de la organizaci\u00f3n que evolucion\u00f3, primero de una asociaci\u00f3n de hoteles y restaurantes a una entidad que incluy\u00f3 adem\u00e1s a las asociaciones hoteleras regionales, y m\u00e1s recientemente a una federaci\u00f3n de organizaciones empresariales tur\u00edsticas.  Es uno de los l\u00edderes hist\u00f3ricos de la industria tur\u00edstica dominicana, a la que vio y alent\u00f3 desde unos muy modestos inicios hasta contribuir a convertirla en la m\u00e1quina que dinamiza la econom\u00eda dominicana.<\/p>\n<h6> 2016-03-16 20:06:59 <\/h6>\n<p><!--\n<link rel=\"stylesheet\" href=\"css\/bootstrap.min.css\">\n\n\n<ul class=\"pagination\">\n\t    \n\t\n\n<li >\n\t<a href='?page_no=13424'>Previous<\/a>\n\t<\/li>\n\n\n       \n    \n\n<li><a href='?page_no=1'>1<\/a><\/li>\n\n\n\n<li><a href='?page_no=2'>2<\/a><\/li>\n\n\n\n<li><a>...<\/a><\/li>\n\n\n\n<li><a href='?page_no=13423'>13423<\/a><\/li>\n\n\n\n<li><a href='?page_no=13424'>13424<\/a><\/li>\n\n\n\n<li class='active'><a>13425<\/a><\/li>\n\n\n\n<li><a href='?page_no=13426'>13426<\/a><\/li>\n\n\n\n<li><a href='?page_no=13427'>13427<\/a><\/li>\n\n\n\n<li><a>...<\/a><\/li>\n\n\n\n<li><a href='?page_no=56169'>56169<\/a><\/li>\n\n\n\n<li><a href='?page_no=56170'>56170<\/a><\/li>\n\n    \n\t\n\n<li >\n\t<a href='?page_no=13426'>Next<\/a>\n\t<\/li>\n\n\n    \n\n<li><a href='?page_no=56170'>Last &rsaquo;&rsaquo;<\/a><\/li>\n\n<\/ul>\n\n\n--><br \/>\n<\/body><\/p>\n","protected":false},"excerpt":{"rendered":"<p>Santo Domingo, R. D., 16 de marzo.- El vicepresidente ejecutivo de la Asociaci\u00f3n de Hoteles y Turismo de la Rep\u00fablica Dominicana (ASONAHORES), Arturo Villanueva, inform\u00f3 su decisi\u00f3n de retirarse de la principal posici\u00f3n ejecutiva de la entidad. \u00abDespu\u00e9s de m\u00e1s de dos d\u00e9cadas de servicios a la organizaci\u00f3n, a la industria tur\u00edstica y al pa\u00eds, [&hellip;]<\/p>\n","protected":false},"author":3,"featured_media":0,"comment_status":"open","ping_status":"open","sticky":false,"template":"","format":"standard","meta":{"footnotes":""},"categories":[20],"tags":[],"class_list":["post-219066","post","type-post","status-publish","format-standard","hentry","category-dominicana-hoy"],"_links":{"self":[{"href":"https:\/\/diariodominicano.com\/index.php?rest_route=\/wp\/v2\/posts\/219066","targetHints":{"allow":["GET"]}}],"collection":[{"href":"https:\/\/diariodominicano.com\/index.php?rest_route=\/wp\/v2\/posts"}],"about":[{"href":"https:\/\/diariodominicano.com\/index.php?rest_route=\/wp\/v2\/types\/post"}],"author":[{"embeddable":true,"href":"https:\/\/diariodominicano.com\/index.php?rest_route=\/wp\/v2\/users\/3"}],"replies":[{"embeddable":true,"href":"https:\/\/diariodominicano.com\/index.php?rest_route=%2Fwp%2Fv2%2Fcomments&post=219066"}],"version-history":[{"count":0,"href":"https:\/\/diariodominicano.com\/index.php?rest_route=\/wp\/v2\/posts\/219066\/revisions"}],"wp:attachment":[{"href":"https:\/\/diariodominicano.com\/index.php?rest_route=%2Fwp%2Fv2%2Fmedia&parent=219066"}],"wp:term":[{"taxonomy":"category","embeddable":true,"href":"https:\/\/diariodominicano.com\/index.php?rest_route=%2Fwp%2Fv2%2Fcategories&post=219066"},{"taxonomy":"post_tag","embeddable":true,"href":"https:\/\/diariodominicano.com\/index.php?rest_route=%2Fwp%2Fv2%2Ftags&post=219066"}],"curies":[{"name":"wp","href":"https:\/\/api.w.org\/{rel}","templated":true}]}}