{"id":219065,"date":"2016-03-16T20:49:51","date_gmt":"2016-03-16T20:49:51","guid":{"rendered":"http:\/\/diariodominicano.ddns.net\/?p=219065"},"modified":"2016-03-16T20:49:51","modified_gmt":"2016-03-16T20:49:51","slug":"ejecutivo-promulga-reglamento-sobre-declaracion-jurada-de-patrimonio","status":"publish","type":"post","link":"https:\/\/diariodominicano.com\/?p=219065","title":{"rendered":"Ejecutivo promulga reglamento sobre Declaraci\u00f3n Jurada de Patrimonio"},"content":{"rendered":"<p><body><\/p>\n<p><img decoding=\"async\" src=\"img3\/palacio_1.jpg\" \/>  <\/p>\n<p><strong><span class=\"text1noticias\">Santo Domingo, R. D., 16 de marzo de 2016.-<\/span><\/strong><span class=\"text1noticias\"> El presidente Danilo Medina puso en vigencia, mediante la firma del decreto 92-16, el reglamento de aplicaci\u00f3n de la Ley 311-14 sobre Declaraci\u00f3n Jurada de Patrimonio (DJP).<\/span><\/p>\n<p><span class=\"text1noticias\"> <\/span><\/p>\n<p><span class=\"text1noticias\">Seg\u00fan inform\u00f3 el ministro de la Presidencia, Gustavo Montalvo, en el decreto se establecen las normas que viabilizan la adecuada aplicaci\u00f3n de la Ley 311-14 y explica que est\u00e1n sujetos a esta ordenanza determinados funcionarios p\u00fablicos (descritos en el art\u00edculo 3 de dicho reglamento) de los \u00f3rganos y entes constitucionales de la administraci\u00f3n central y descentralizada funcionalmente del Estado, de las empresas estatales y de los entes de la administraci\u00f3n local.<\/span><\/p>\n<p><span class=\"text1noticias\"> <\/span><\/p>\n<p><span class=\"text1noticias\"><strong>Exhorta a funcionarios a hacer declaraci\u00f3n formal de Patrimonio<\/strong><\/span><\/p>\n<p><span class=\"text1noticias\"> <\/span><\/p>\n<p><span class=\"text1noticias\">\u00abExhortamos a todos los funcionarios p\u00fablicos que deben hacer declaraci\u00f3n formal de su patrimonio en los momentos establecidos por la ley, para darle fiel cumplimiento, sin excepciones\u00bb, se\u00f1al\u00f3 Montalvo.<\/span><\/p>\n<p><span class=\"text1noticias\"> <\/span><\/p>\n<p><span class=\"text1noticias\">La Oficina de Evaluaci\u00f3n y Fiscalizaci\u00f3n del Patrimonio de los Funcionarios P\u00fablicos de la C\u00e1mara de Cuentas es el organismo encargado de controlar el cumplimiento de la obligaci\u00f3n de la declaraci\u00f3n jurada que deben realizar los funcionarios.<\/span><\/p>\n<p><span class=\"text1noticias\"> <\/span><\/p>\n<p><span class=\"text1noticias\"><strong>En formato digital y datos fidedignos<\/strong><\/span><\/p>\n<p><span class=\"text1noticias\"> <\/span><\/p>\n<p><span class=\"text1noticias\">De acuerdo al decreto, los funcionarios deben presentar su Declaraci\u00f3n Jurada en formato digital en la Oficina de la C\u00e1mara de Cuentas, as\u00ed como suministrarla completando el formulario disponible en la plataforma habilitada por la instituci\u00f3n para esos fines.<\/span><\/p>\n<p><span class=\"text1noticias\"> <\/span><\/p>\n<p><span class=\"text1noticias\">\u00abEl formulario debe ser completado con datos confiables, fidedignos y verificables, mediante la documentaci\u00f3n de soporte correspondiente\u00bb.<\/span><\/p>\n<p><span class=\"text1noticias\"> <\/span><\/p>\n<p><span class=\"text1noticias\">La Declaraci\u00f3n Jurada deber\u00e1 contener todo lo relativo al patrimonio del funcionario p\u00fablico y cualquier elemento que evidencie posibles conflictos de intereses.<\/span><\/p>\n<p><span class=\"text1noticias\"> <\/span><\/p>\n<p><span class=\"text1noticias\"><strong>Gobierno fortalece transparencia<\/strong><\/span><\/p>\n<p><span class=\"text1noticias\"> <\/span><\/p>\n<p><span class=\"text1noticias\">Asegur\u00f3 que con la promulgaci\u00f3n de este decreto el Gobierno da un paso m\u00e1s en el fortalecimiento de la transparencia en todos los niveles de la administraci\u00f3n p\u00fablica, y en  el buen manejo  de los bienes p\u00fablicos<\/span><\/p>\n<p><span class=\"text1noticias\"> <\/span><\/p>\n<p><span class=\"text1noticias\">\u00abDesde el Gobierno, se han venido tomando medidas para cerrar todas las puertas a las malas pr\u00e1cticas y seguiremos haci\u00e9ndolo por instrucciones del presidente Medina\u00bb, apunt\u00f3<\/span> Montalvo. <\/p>\n<h6> 2016-03-16 20:49:51 <\/h6>\n<p><!--\n<link rel=\"stylesheet\" href=\"css\/bootstrap.min.css\">\n\n\n<ul class=\"pagination\">\n\t    \n\t\n\n<li >\n\t<a href='?page_no=13423'>Previous<\/a>\n\t<\/li>\n\n\n       \n    \n\n<li><a href='?page_no=1'>1<\/a><\/li>\n\n\n\n<li><a href='?page_no=2'>2<\/a><\/li>\n\n\n\n<li><a>...<\/a><\/li>\n\n\n\n<li><a href='?page_no=13422'>13422<\/a><\/li>\n\n\n\n<li><a href='?page_no=13423'>13423<\/a><\/li>\n\n\n\n<li class='active'><a>13424<\/a><\/li>\n\n\n\n<li><a href='?page_no=13425'>13425<\/a><\/li>\n\n\n\n<li><a href='?page_no=13426'>13426<\/a><\/li>\n\n\n\n<li><a>...<\/a><\/li>\n\n\n\n<li><a href='?page_no=56169'>56169<\/a><\/li>\n\n\n\n<li><a href='?page_no=56170'>56170<\/a><\/li>\n\n    \n\t\n\n<li >\n\t<a href='?page_no=13425'>Next<\/a>\n\t<\/li>\n\n\n    \n\n<li><a href='?page_no=56170'>Last &rsaquo;&rsaquo;<\/a><\/li>\n\n<\/ul>\n\n\n--><br \/>\n<\/body><\/p>\n","protected":false},"excerpt":{"rendered":"<p>Santo Domingo, R. D., 16 de marzo de 2016.- El presidente Danilo Medina puso en vigencia, mediante la firma del decreto 92-16, el reglamento de aplicaci\u00f3n de la Ley 311-14 sobre Declaraci\u00f3n Jurada de Patrimonio (DJP). Seg\u00fan inform\u00f3 el ministro de la Presidencia, Gustavo Montalvo, en el decreto se establecen las normas que viabilizan la [&hellip;]<\/p>\n","protected":false},"author":3,"featured_media":0,"comment_status":"open","ping_status":"open","sticky":false,"template":"","format":"standard","meta":{"footnotes":""},"categories":[20],"tags":[],"class_list":["post-219065","post","type-post","status-publish","format-standard","hentry","category-dominicana-hoy"],"_links":{"self":[{"href":"https:\/\/diariodominicano.com\/index.php?rest_route=\/wp\/v2\/posts\/219065","targetHints":{"allow":["GET"]}}],"collection":[{"href":"https:\/\/diariodominicano.com\/index.php?rest_route=\/wp\/v2\/posts"}],"about":[{"href":"https:\/\/diariodominicano.com\/index.php?rest_route=\/wp\/v2\/types\/post"}],"author":[{"embeddable":true,"href":"https:\/\/diariodominicano.com\/index.php?rest_route=\/wp\/v2\/users\/3"}],"replies":[{"embeddable":true,"href":"https:\/\/diariodominicano.com\/index.php?rest_route=%2Fwp%2Fv2%2Fcomments&post=219065"}],"version-history":[{"count":0,"href":"https:\/\/diariodominicano.com\/index.php?rest_route=\/wp\/v2\/posts\/219065\/revisions"}],"wp:attachment":[{"href":"https:\/\/diariodominicano.com\/index.php?rest_route=%2Fwp%2Fv2%2Fmedia&parent=219065"}],"wp:term":[{"taxonomy":"category","embeddable":true,"href":"https:\/\/diariodominicano.com\/index.php?rest_route=%2Fwp%2Fv2%2Fcategories&post=219065"},{"taxonomy":"post_tag","embeddable":true,"href":"https:\/\/diariodominicano.com\/index.php?rest_route=%2Fwp%2Fv2%2Ftags&post=219065"}],"curies":[{"name":"wp","href":"https:\/\/api.w.org\/{rel}","templated":true}]}}