{"id":219064,"date":"2016-03-16T21:27:45","date_gmt":"2016-03-16T21:27:45","guid":{"rendered":"http:\/\/diariodominicano.ddns.net\/?p=219064"},"modified":"2016-03-16T21:27:45","modified_gmt":"2016-03-16T21:27:45","slug":"afirma-alcaldias-juegan-rol-importante-en-lucha-contra-la-pobreza","status":"publish","type":"post","link":"https:\/\/diariodominicano.com\/?p=219064","title":{"rendered":"Afirma alcald\u00edas juegan rol importante en lucha contra la pobreza"},"content":{"rendered":"<p><body><\/p>\n<p><img decoding=\"async\" src=\"img3\/Margot15.jpg\" \/>  <\/p>\n<p><strong><span class=\"text1noticias\">Santo Domingo, R. D., 16 de marzo de 2016.-<\/span><\/strong><span class=\"text1noticias\"> La vicepresidenta  Margarita Cede\u00f1o de Fern\u00e1ndez, calific\u00f3 de vital el papel que juegan los ayuntamientos en la reducci\u00f3n de los \u00edndices de pobreza y desigualdad en el pa\u00eds, por lo que llam\u00f3 a las alcald\u00edas a trabajar de forma coordinada y combinada junto al Gobierno para combatir este flagelo. <\/span><\/p>\n<p><span class=\"text1noticias\"> <\/span><\/p>\n<p><span class=\"text1noticias\">\u00abRep\u00fablica Dominicana est\u00e1 en un momento importante de su historia, un momento en el que est\u00e1 consciente de su capacidad de producir bienestar y abundancia. Promover esa idea es el resultado que obtendremos de la integraci\u00f3n de Gobierno Central y gobiernos locales en materia de protecci\u00f3n social\u00bb, indic\u00f3 la Vicemandataria.<\/span><\/p>\n<p><span class=\"text1noticias\"> <\/span><\/p>\n<p><span class=\"text1noticias\">Al encabezar el lanzamiento de la pasant\u00eda profesional en protecci\u00f3n social para t\u00e9cnicos de los gobiernos locales de la Mancomunidad del Gran Santo Domingo, y la exposici\u00f3n de la conferencia magistral \u00abProtecci\u00f3n social dominicana: Territorios y coordinaci\u00f3n interinstitucional\u00bb, Margarita Cede\u00f1o destac\u00f3 que s\u00f3lo trabajando de forma coordinada y combinada los gobiernos pueden reducir los \u00edndices de pobreza y desigualdad.   <\/span><\/p>\n<p><span class=\"text1noticias\"> <\/span><\/p>\n<p><span class=\"text1noticias\">\u00abTenemos mucho inter\u00e9s de promover una mayor participaci\u00f3n de los gobiernos locales en las pol\u00edticas sociales, porque nuestros recursos econ\u00f3micos siempre ser\u00e1n limitados; por lo cual el esfuerzo conjunto es nuestra \u00fanica alternativa\u00bb, asegur\u00f3 <\/span><\/p>\n<p><span class=\"text1noticias\"> <\/span><\/p>\n<p><span class=\"text1noticias\">La Vicepresidenta destac\u00f3 que la protecci\u00f3n social es el instrumento id\u00f3neo para la promoci\u00f3n del bienestar humano y la justicia social, para lograr un crecimiento econ\u00f3mico sostenido y sentar las bases de un desarrollo con equidad, que propicie la estabilidad social requisito indispensable para garantizar la paz.<\/span><\/p>\n<p><span class=\"text1noticias\"> <\/span><\/p>\n<p><span class=\"text1noticias\">Sostuvo que la pasant\u00eda constituye un aporte a la integraci\u00f3n y coordinaci\u00f3n de las pol\u00edticas sociales entre el Gobierno y las alcald\u00edas. Tiene como objetivo fomentar la vinculaci\u00f3n entre las alcald\u00edas y las diferentes instituciones que conforman el Gabinete de Coordinaci\u00f3n de Pol\u00edticas Sociales, a los fines de dar a conocer el funcionamiento y los mecanismos de acci\u00f3n, as\u00ed como los alcances de los diversos programas y proyectos que ejecuta la vicepresidenta Margarita Cede\u00f1o en el combate a la pobreza.<\/span><\/p>\n<p><span class=\"text1noticias\"> <\/span><\/p>\n<p><span class=\"text1noticias\">En la actividad, que se realiz\u00f3 en el Palacio Consistorial, en la Zona Colonial, tambi\u00e9n particip\u00f3 Onofre Rojas, director ejecutivo de la Mancomunidad del Gran Santo Domingo, quien exhort\u00f3 a los t\u00e9cnicos participantes a sacar el m\u00e1ximo provecho a la iniciativa para contribuir de forma m\u00e1s efectiva en la lucha contra la pobreza. <\/span><\/p>\n<p><span class=\"text1noticias\"> <\/span><\/p>\n<p><span class=\"text1noticias\">\u00abLuchamos frente a muchos problemas, pero los m\u00e1s afectados son los m\u00e1s pobres, los m\u00e1s vulnerables, los ni\u00f1os m\u00e1s pobres, los que m\u00e1s f\u00e1cilmente tienen riesgo de morir, y en la medida en que tomamos seriamente la bandera de las pol\u00edticas sociales, en esa misma medida podemos contribuir a tener un pa\u00eds m\u00e1s sano, m\u00e1s seguro, libre e independiente, m\u00e1s feliz y tranquilo\u00bb, asegur\u00f3 Rojas. <\/span><\/p>\n<p><span class=\"text1noticias\"> <\/span><\/p>\n<p><span class=\"text1noticias\">La pasant\u00eda se llevar\u00e1 a cabo los d\u00edas 17, 18 y 19 de marzo, donde los participantes conocer\u00e1n las iniciativas que realiza el Gabinete Social a trav\u00e9s del programa Progresando con Solidaridad (Prosoli), la Administradora de Subsidios Sociales (Adess), el Sistema \u00danico de Beneficiarios (Siuben) y los Centros Tecnol\u00f3gicos Comunitarios (CTC) en la estrategia de salida de pobreza que implementa el Gobierno.<\/span><\/p>\n<p><span class=\"text1noticias\"> <\/span><\/p>\n<p><span class=\"text1noticias\">La pasant\u00eda incluye una visita a los proyectos de desarrollo que ejecuta la Vicepresidencia de la Rep\u00fablica a trav\u00e9s de Prosoli en El Seibo; intercambios directos con los beneficiarios y la operatividad de los establecimientos de expendio integrados a la Red de Abastecimiento Social (RAS).<\/span><\/p>\n<p><span class=\"text1noticias\"> <\/span><\/p>\n<p><span class=\"text1noticias\">Adem\u00e1s, conocer\u00e1n las acciones que se ejecutan a trav\u00e9s del Centros de Capacitaci\u00f3n y Producci\u00f3n Progresando, as\u00ed como los proyectos de  agricultura familiar desarrollados por la cooperativa agropecuaria Familias Progresando de Arroyo Grande impulsada por iniciativa de la Vicepresidenta en esa comunidad.<\/span><\/p>\n<p><span class=\"text1noticias\"> <\/span><\/p>\n<p><span class=\"text1noticias\">Entre los expositores figuran la directora general de Prosoli, Altagracia Suriel; la directora t\u00e9cnica del Gabinete Social, Rosa Mar\u00eda Su\u00e1rez; el director de la Adess, Ram\u00f3n Gonz\u00e1lez; y del Siuben, Matilde Ch\u00e1vez. Tambi\u00e9n la directora de Vinculaci\u00f3n Interinstitucional de Prosoli, Evangelista Cornelio; de Capacitaci\u00f3n y Desarrollo Familiar, Claudina Valdez; y de Agricultura Familiar Ped<\/span>ro \u00c1ngeles.<\/p>\n<h6> 2016-03-16 21:27:45 <\/h6>\n<p><!--\n<link rel=\"stylesheet\" href=\"css\/bootstrap.min.css\">\n\n\n<ul class=\"pagination\">\n\t    \n\t\n\n<li >\n\t<a href='?page_no=13422'>Previous<\/a>\n\t<\/li>\n\n\n       \n    \n\n<li><a href='?page_no=1'>1<\/a><\/li>\n\n\n\n<li><a href='?page_no=2'>2<\/a><\/li>\n\n\n\n<li><a>...<\/a><\/li>\n\n\n\n<li><a href='?page_no=13421'>13421<\/a><\/li>\n\n\n\n<li><a href='?page_no=13422'>13422<\/a><\/li>\n\n\n\n<li class='active'><a>13423<\/a><\/li>\n\n\n\n<li><a href='?page_no=13424'>13424<\/a><\/li>\n\n\n\n<li><a href='?page_no=13425'>13425<\/a><\/li>\n\n\n\n<li><a>...<\/a><\/li>\n\n\n\n<li><a href='?page_no=56169'>56169<\/a><\/li>\n\n\n\n<li><a href='?page_no=56170'>56170<\/a><\/li>\n\n    \n\t\n\n<li >\n\t<a href='?page_no=13424'>Next<\/a>\n\t<\/li>\n\n\n    \n\n<li><a href='?page_no=56170'>Last &rsaquo;&rsaquo;<\/a><\/li>\n\n<\/ul>\n\n\n--><br \/>\n<\/body><\/p>\n","protected":false},"excerpt":{"rendered":"<p>Santo Domingo, R. D., 16 de marzo de 2016.- La vicepresidenta Margarita Cede\u00f1o de Fern\u00e1ndez, calific\u00f3 de vital el papel que juegan los ayuntamientos en la reducci\u00f3n de los \u00edndices de pobreza y desigualdad en el pa\u00eds, por lo que llam\u00f3 a las alcald\u00edas a trabajar de forma coordinada y combinada junto al Gobierno para [&hellip;]<\/p>\n","protected":false},"author":3,"featured_media":0,"comment_status":"open","ping_status":"open","sticky":false,"template":"","format":"standard","meta":{"footnotes":""},"categories":[20],"tags":[],"class_list":["post-219064","post","type-post","status-publish","format-standard","hentry","category-dominicana-hoy"],"_links":{"self":[{"href":"https:\/\/diariodominicano.com\/index.php?rest_route=\/wp\/v2\/posts\/219064","targetHints":{"allow":["GET"]}}],"collection":[{"href":"https:\/\/diariodominicano.com\/index.php?rest_route=\/wp\/v2\/posts"}],"about":[{"href":"https:\/\/diariodominicano.com\/index.php?rest_route=\/wp\/v2\/types\/post"}],"author":[{"embeddable":true,"href":"https:\/\/diariodominicano.com\/index.php?rest_route=\/wp\/v2\/users\/3"}],"replies":[{"embeddable":true,"href":"https:\/\/diariodominicano.com\/index.php?rest_route=%2Fwp%2Fv2%2Fcomments&post=219064"}],"version-history":[{"count":0,"href":"https:\/\/diariodominicano.com\/index.php?rest_route=\/wp\/v2\/posts\/219064\/revisions"}],"wp:attachment":[{"href":"https:\/\/diariodominicano.com\/index.php?rest_route=%2Fwp%2Fv2%2Fmedia&parent=219064"}],"wp:term":[{"taxonomy":"category","embeddable":true,"href":"https:\/\/diariodominicano.com\/index.php?rest_route=%2Fwp%2Fv2%2Fcategories&post=219064"},{"taxonomy":"post_tag","embeddable":true,"href":"https:\/\/diariodominicano.com\/index.php?rest_route=%2Fwp%2Fv2%2Ftags&post=219064"}],"curies":[{"name":"wp","href":"https:\/\/api.w.org\/{rel}","templated":true}]}}