{"id":219063,"date":"2016-03-16T22:17:57","date_gmt":"2016-03-16T22:17:57","guid":{"rendered":"http:\/\/diariodominicano.ddns.net\/?p=219063"},"modified":"2016-03-16T22:17:57","modified_gmt":"2016-03-16T22:17:57","slug":"casi-de-medio-tiene-acceso-gratuito-a-internet","status":"publish","type":"post","link":"https:\/\/diariodominicano.com\/?p=219063","title":{"rendered":"Casi de medio tiene acceso gratuito a Internet &#13;"},"content":{"rendered":"<p><body><\/p>\n<p><img decoding=\"async\" src=\"img3\/ctc-1.jpg\" \/>  <\/p>\n<p><strong><span class=\"text1noticias\">Santo Domingo, R. D., 16 de marzo de 2016.- <\/span><\/strong><span class=\"text1noticias\">La operaci\u00f3n de 99 Centros Tecnol\u00f3gicos Comunitarios (CTC) en los que 471,733 dominicanos y dominicanas de todas las edades tienen acceso gratuito a internet y reciben formaci\u00f3n, demuestra la eficacia de las pol\u00edticas inclusivas del Gobierno.<\/span><\/p>\n<p><span class=\"text1noticias\"> <\/span><\/p>\n<p><span class=\"text1noticias\">Del mismo modo, son un aporte para lograr el objetivo del presidente Danilo Medina de garantizar el acceso universal a internet y al uso de las tecnolog\u00edas de la informaci\u00f3n y la comunicaci\u00f3n a trav\u00e9s del programa Rep\u00fablica Digital, como tiene previsto.<\/span><\/p>\n<p><span class=\"text1noticias\"> <\/span><\/p>\n<p><span class=\"text1noticias\">As\u00ed lo manifest\u00f3 Claudio Do\u00f1\u00e9, director del programa de los Centros Tecnol\u00f3gicos Comunitarios que desarrolla el Gabinete de Pol\u00edticas Sociales, coordinado por la vicepresidenta Margarita Cede\u00f1o de Fern\u00e1ndez, durante el sexto encuentro de rendici\u00f3n de cuentas ampliada, realizado en el sal\u00f3n Orlando Mart\u00ednez del Palacio Nacional.<\/span><\/p>\n<p><span class=\"text1noticias\"> <\/span><\/p>\n<p><span class=\"text1noticias\"><strong>Rdigital es posible<\/strong><\/span><\/p>\n<p><span class=\"text1noticias\"> <\/span><\/p>\n<p><span class=\"text1noticias\">Dijo que necesitamos internet para todos y por ello, con la estrategia de Rep\u00fablica Digital, el presidente Danilo Medina asume el compromiso de hacer posible una Rep\u00fablica Dominicana donde el acceso a las tecnolog\u00edas de informaci\u00f3n y comunicaci\u00f3n no sea un privilegio para algunos, sino una oportunidad para todos.<\/span><\/p>\n<p><span class=\"text1noticias\"> <\/span><\/p>\n<p><span class=\"text1noticias\">\u00abY es en lo cual este proyecto de los Centros Tecnol\u00f3gicos Comunitarios ha hecho un camino que es una contribuci\u00f3n significativa para saber que la Rdigital no es una quimera, no es un sue\u00f1o, es algo realizable\u00bb, enfatiz\u00f3 Claudio Do\u00f1\u00e9.<\/span><\/p>\n<p><span class=\"text1noticias\"> <\/span><\/p>\n<p><span class=\"text1noticias\">Explic\u00f3 que hoy en 99 localidades del pa\u00eds brindan la oportunidad de que los ciudadanos, sin importar edad o extracci\u00f3n social, accedan a la internet, reciban formaci\u00f3n para hacer uso efectivo de la internet y dominar las herramientas para ser protegidos de los riesgos que se generan en la red.<\/span><\/p>\n<p><span class=\"text1noticias\"><strong> <\/strong><\/span><\/p>\n<p><span class=\"text1noticias\"><strong>CTC son puente entre limitaciones y oportunidades<\/strong><\/span><\/p>\n<p><span class=\"text1noticias\"> <\/span><\/p>\n<p><span class=\"text1noticias\">Record\u00f3 que a pesar de que la tecnolog\u00eda est\u00e1 disponible, todav\u00eda no est\u00e1 accesible a todo el mundo, por lo que con los CTC se tiende un puente entre la limitaci\u00f3n de los recursos econ\u00f3micos y la posibilidad de entrar en un mundo de oportunidades.<\/span><\/p>\n<p><span class=\"text1noticias\"> <\/span><\/p>\n<p><span class=\"text1noticias\">\u00abAbrir todos los d\u00edas un Centro Tecnol\u00f3gico es abrir una ventana de oportunidad a j\u00f3venes, adolescentes, ni\u00f1os, que no tendr\u00eda oportunidad de verse hoy cambiando sus vidas\u00bb, afirm\u00f3 Claudio Do\u00f1\u00e9.<\/span><\/p>\n<p><span class=\"text1noticias\"> <\/span><\/p>\n<p><span class=\"text1noticias\">\u00abA trav\u00e9s de las tecnolog\u00edas de la informaci\u00f3n Estamos acercando elementos a la comunidad que son novedosos y que pudieran ser considerados exclusivos para ciertos sectores de la sociedad.  Hoy en los Centros Tecnol\u00f3gicos Comunitarios de comunidades apartadas del pa\u00eds, estamos facilitando que esos usuarios puedan aprender rob\u00f3tica educativa o puedan desarrollar aplicaciones para m\u00f3viles o puedan aprender a dise\u00f1ar p\u00e1ginas web\u00bb, indic\u00f3 el director de los CTC.<\/span><\/p>\n<p><span class=\"text1noticias\"> <\/span><\/p>\n<p><span class=\"text1noticias\"><strong>607 empleos<\/strong><\/span><\/p>\n<p><span class=\"text1noticias\"> <\/span><\/p>\n<p><span class=\"text1noticias\">Sostuvo que se han creado 627 oportunidades de empleo a trav\u00e9s de las TIC, m\u00e1s de mil j\u00f3venes aprendieron ingl\u00e9s, muchos de los cuales se han integrado al mercado laboral y unos 8,006 ni\u00f1os han egresado del Programa Desarrollo Infante Temprano.<\/span><\/p>\n<p><span class=\"text1noticias\"> <\/span><\/p>\n<p><span class=\"text1noticias\">Dijo que los  centros han facilitado que 243 mil personas participen en clubes tem\u00e1ticos, 383 mil sean usuarios de bibliotecas y 314 mil participen en actividades socioculturales.<\/span><\/p>\n<p><span class=\"text1noticias\"> <\/span><\/p>\n<p><span class=\"text1noticias\">Detall\u00f3 el objetivo e impacto de programas como Tecno Chicas, Innovapp y Mujeres en la Red, as\u00ed como Compumetro, La Hora del C\u00f3digo e Internet Sano, entre otros.<\/span><\/p>\n<p><span class=\"text1noticias\"> <\/span><\/p>\n<p><span class=\"text1noticias\"><strong>M\u00e1s oportunidades con 19 CTC adicionales<\/strong><\/span><\/p>\n<p><span class=\"text1noticias\"> <\/span><\/p>\n<p><span class=\"text1noticias\">En la actualidad existen 19 Centros Tecnol\u00f3gicos Comunitarios en construcci\u00f3n para garantizar una mayor participaci\u00f3n ciudadana, m\u00e1s formaci\u00f3n en tecnolog\u00eda que permita el emprendimiento y una mejor inserci\u00f3n escolar.<\/span><\/p>\n<p><span class=\"text1noticias\"> <\/span><\/p>\n<p><span class=\"text1noticias\">Do\u00f1\u00e9 expuso que 230 mil usuarios de los centros recibieron refuerzo escolar o fueron alfabetizados desde el 2012 a la fecha y que los programas de radio comunitaria llevan informaci\u00f3n de inter\u00e9s local, educaci\u00f3n, salud, prevenci\u00f3n, cultura, actividades comunitarias y campa\u00f1as educativas a radioyentes de la zona en que operan.<\/span><\/p>\n<p><span class=\"text1noticias\"> <\/span><\/p>\n<p><span class=\"text1noticias\"><strong>188 mil 577 personas capacitadas en uso TIC<\/strong><\/span><\/p>\n<p><span class=\"text1noticias\"> <\/span><\/p>\n<p><span class=\"text1noticias\">Asimismo dijo que 188 mil 577 personas han sido capacitadas en el uso de las  TIC lo que le permite desarrollar habilidades y competencias ciudadanas sin importar la edad.<\/span><\/p>\n<p><span class=\"text1noticias\"> <\/span><\/p>\n<p><span class=\"text1noticias\">La capacitaci\u00f3n digital a personas de todas las edades ha sido impartida en 99 comunidades, de las cuales el 70% est\u00e1n en la zona rural y 30% en ciudades.<\/span><\/p>\n<p><span class=\"text1noticias\"><strong> <\/strong><\/span><\/p>\n<p><span class=\"text1noticias\"><strong>Democratizaci\u00f3n de la tecnolog\u00eda<\/strong><\/span><\/p>\n<p><span class=\"text1noticias\"> <\/span><\/p>\n<p><span class=\"text1noticias\">Explic\u00f3 que los CTC son espacios para democratizar el acceso y la formaci\u00f3n en tecnolog\u00eda de la informaci\u00f3n y la comunicaci\u00f3n para garantizar que toda la poblaci\u00f3n tenga  la capacidad digital que se requieren para ser parte de la sociedad y la econom\u00eda de este siglo.<\/span><\/p>\n<p><span class=\"text1noticias\"> <\/span><\/p>\n<p><span class=\"text1noticias\">Su funcionamiento se enmarca en lo establecido por la Estrategia Nacional de Desarrollo y en los ejes estrat\u00e9gicos de la visi\u00f3n pa\u00eds a largo plazo.<\/span><\/p>\n<p><span class=\"text1noticias\"> <\/span><\/p>\n<p><span class=\"text1noticias\">Para este per\u00edodo de Gobierno la meta era elevar la cantidad de hogares vulnerables en formaci\u00f3n y apropiaci\u00f3n de las tecnolog\u00edas de la informaci\u00f3n y la comunicaci\u00f3n a 803 mil, cifra que ha sido superada a la fecha.<\/span><\/p>\n<p><span class=\"text1noticias\"> <\/span><\/p>\n<p><span class=\"text1noticias\">Explic\u00f3 que en los CTC se trabaja con la participaci\u00f3n comunitaria, la formaci\u00f3n y el emprendimiento e inserci\u00f3n labora<\/span>l como ejes estrat\u00e9gicos.<\/p>\n<h6> 2016-03-16 22:17:57 <\/h6>\n<p><!--\n<link rel=\"stylesheet\" href=\"css\/bootstrap.min.css\">\n\n\n<ul class=\"pagination\">\n\t    \n\t\n\n<li >\n\t<a href='?page_no=13421'>Previous<\/a>\n\t<\/li>\n\n\n       \n    \n\n<li><a href='?page_no=1'>1<\/a><\/li>\n\n\n\n<li><a href='?page_no=2'>2<\/a><\/li>\n\n\n\n<li><a>...<\/a><\/li>\n\n\n\n<li><a href='?page_no=13420'>13420<\/a><\/li>\n\n\n\n<li><a href='?page_no=13421'>13421<\/a><\/li>\n\n\n\n<li class='active'><a>13422<\/a><\/li>\n\n\n\n<li><a href='?page_no=13423'>13423<\/a><\/li>\n\n\n\n<li><a href='?page_no=13424'>13424<\/a><\/li>\n\n\n\n<li><a>...<\/a><\/li>\n\n\n\n<li><a href='?page_no=56169'>56169<\/a><\/li>\n\n\n\n<li><a href='?page_no=56170'>56170<\/a><\/li>\n\n    \n\t\n\n<li >\n\t<a href='?page_no=13423'>Next<\/a>\n\t<\/li>\n\n\n    \n\n<li><a href='?page_no=56170'>Last &rsaquo;&rsaquo;<\/a><\/li>\n\n<\/ul>\n\n\n--><br \/>\n<\/body><\/p>\n","protected":false},"excerpt":{"rendered":"<p>Santo Domingo, R. D., 16 de marzo de 2016.- La operaci\u00f3n de 99 Centros Tecnol\u00f3gicos Comunitarios (CTC) en los que 471,733 dominicanos y dominicanas de todas las edades tienen acceso gratuito a internet y reciben formaci\u00f3n, demuestra la eficacia de las pol\u00edticas inclusivas del Gobierno. Del mismo modo, son un aporte para lograr el objetivo [&hellip;]<\/p>\n","protected":false},"author":3,"featured_media":0,"comment_status":"open","ping_status":"open","sticky":false,"template":"","format":"standard","meta":{"footnotes":""},"categories":[20],"tags":[],"class_list":["post-219063","post","type-post","status-publish","format-standard","hentry","category-dominicana-hoy"],"_links":{"self":[{"href":"https:\/\/diariodominicano.com\/index.php?rest_route=\/wp\/v2\/posts\/219063","targetHints":{"allow":["GET"]}}],"collection":[{"href":"https:\/\/diariodominicano.com\/index.php?rest_route=\/wp\/v2\/posts"}],"about":[{"href":"https:\/\/diariodominicano.com\/index.php?rest_route=\/wp\/v2\/types\/post"}],"author":[{"embeddable":true,"href":"https:\/\/diariodominicano.com\/index.php?rest_route=\/wp\/v2\/users\/3"}],"replies":[{"embeddable":true,"href":"https:\/\/diariodominicano.com\/index.php?rest_route=%2Fwp%2Fv2%2Fcomments&post=219063"}],"version-history":[{"count":0,"href":"https:\/\/diariodominicano.com\/index.php?rest_route=\/wp\/v2\/posts\/219063\/revisions"}],"wp:attachment":[{"href":"https:\/\/diariodominicano.com\/index.php?rest_route=%2Fwp%2Fv2%2Fmedia&parent=219063"}],"wp:term":[{"taxonomy":"category","embeddable":true,"href":"https:\/\/diariodominicano.com\/index.php?rest_route=%2Fwp%2Fv2%2Fcategories&post=219063"},{"taxonomy":"post_tag","embeddable":true,"href":"https:\/\/diariodominicano.com\/index.php?rest_route=%2Fwp%2Fv2%2Ftags&post=219063"}],"curies":[{"name":"wp","href":"https:\/\/api.w.org\/{rel}","templated":true}]}}