{"id":219059,"date":"2016-03-17T09:57:37","date_gmt":"2016-03-17T09:57:37","guid":{"rendered":"http:\/\/diariodominicano.ddns.net\/?p=219059"},"modified":"2016-03-17T09:57:37","modified_gmt":"2016-03-17T09:57:37","slug":"cdp-y-sntp-lamentan-fallecimiento-de-luis-lopez-mendez-en-barahona","status":"publish","type":"post","link":"https:\/\/diariodominicano.com\/?p=219059","title":{"rendered":"CDP y SNTP lamentan fallecimiento de Luis L\u00f3pez M\u00e9ndez en Barahona"},"content":{"rendered":"<p><body><\/p>\n<p>Barahona RD 17 marzo (Por Rafael Feliz \/Jos\u00e9 Miguel Medina Tejeda) Las seccionales del Colegio Dominicano de Periodistas (CDP) y Sindicato Nacional de Trabajadores de la Prensa (SNTP), lamentaron el fallecimiento, a los 74 a\u00f1os, del veterano periodista barahonero Luis L\u00f3pez M\u00e9ndez, anoche en su residencia del barrio Balaguer, de Villa Central.<\/p>\n<\/p>\n<p>El deceso del comunicador se produjo en su vivienda del barrio Balaguer, del distrito municipal de Villa Central, quien llevaba un largo tiempo padeciendo un c\u00e1ncer de garganta, raz\u00f3n por la cual estaba recluido en su residencia desde hac\u00eda varios meses.<\/p>\n<\/p>\n<p>A L\u00f3pez M\u00e9ndez le sobreviven su viuda Zoila P\u00e9rez (Pepeta), sus hijos Francisco Alberto, Rubirosa Vladimir, Alberto Francisco y Yiser L\u00f3pez P\u00e9rez, los cuales est\u00e1n impactados por su fallecimiento.<\/p>\n<\/p>\n<p>El veterano periodista, fallecido a los 74 a\u00f1os, fue un hombre de armas a tomar, milit\u00f3 en organizaciones de izquierda y se involucr\u00f3 en las luchas sociales, por lo cual sufri\u00f3 persecuci\u00f3n de la polic\u00eda ? pol\u00edtica de los entonces 12 a\u00f1os del gobierno de Joaqu\u00edn Balaguer Ricardo.<\/p>\n<\/p>\n<p>Durante su dilatado ejercicio profesional como periodista colabor\u00f3 para varios medios de prensa establecidos en la ciudad de Santo Domingo, entre ellos \u00abNoti Tiempo\u00bb, de Radio Comercial, Cadena de Noticias, de Radio Central, en varios noticiarios de la ciudad y corresponsal del vespertino El Nacional.<\/p>\n<\/p>\n<p>En ocasi\u00f3n del D\u00eda Nacional del Periodista el 5 de abril de 2015, a solicitud de las seccionales del CDP y el SNTP L\u00f3pez M\u00e9ndez, fue declarado mediante resoluci\u00f3n de la Sala Capitular Hijo Meritorio del municipio Santa Cruz de Barahona, por sus aportes como periodista a la ciudad, a la regi\u00f3n y al pa\u00eds.<\/p>\n<\/p>\n<p>Su cad\u00e1ver est\u00e1 siendo velado en la funeraria Savica, ubicada pr\u00f3ximo al malec\u00f3n de esta ciudad, por lo que importantes personalidades del \u00e1mbito pol\u00edtico, como la diputada Noris Medina y el alcalde Noel Octavio Suberv\u00ed N\u00edn, quienes han expresado su solidaridad con la familia, as\u00ed como a la dirigencia del CDP y el SNTP.<\/p>\n<\/p>\n<p>Benny Rodr\u00edguez y Daniel Urb\u00e1ez, secretarios generales del CDP y del SNTP, respectivamente llaman a la familia period\u00edstica a acompa\u00f1ar a los deudos del malogrado periodista en este momento de profundo dolor.<\/p>\n<h6> 2016-03-17 09:57:37 <\/h6>\n<p><!--\n<link rel=\"stylesheet\" href=\"css\/bootstrap.min.css\">\n\n\n<ul class=\"pagination\">\n\t    \n\t\n\n<li >\n\t<a href='?page_no=13418'>Previous<\/a>\n\t<\/li>\n\n\n       \n    \n\n<li><a href='?page_no=1'>1<\/a><\/li>\n\n\n\n<li><a href='?page_no=2'>2<\/a><\/li>\n\n\n\n<li><a>...<\/a><\/li>\n\n\n\n<li><a href='?page_no=13417'>13417<\/a><\/li>\n\n\n\n<li><a href='?page_no=13418'>13418<\/a><\/li>\n\n\n\n<li class='active'><a>13419<\/a><\/li>\n\n\n\n<li><a href='?page_no=13420'>13420<\/a><\/li>\n\n\n\n<li><a href='?page_no=13421'>13421<\/a><\/li>\n\n\n\n<li><a>...<\/a><\/li>\n\n\n\n<li><a href='?page_no=56169'>56169<\/a><\/li>\n\n\n\n<li><a href='?page_no=56170'>56170<\/a><\/li>\n\n    \n\t\n\n<li >\n\t<a href='?page_no=13420'>Next<\/a>\n\t<\/li>\n\n\n    \n\n<li><a href='?page_no=56170'>Last &rsaquo;&rsaquo;<\/a><\/li>\n\n<\/ul>\n\n\n--><br \/>\n<\/body><\/p>\n","protected":false},"excerpt":{"rendered":"<p>Barahona RD 17 marzo (Por Rafael Feliz \/Jos\u00e9 Miguel Medina Tejeda) Las seccionales del Colegio Dominicano de Periodistas (CDP) y Sindicato Nacional de Trabajadores de la Prensa (SNTP), lamentaron el fallecimiento, a los 74 a\u00f1os, del veterano periodista barahonero Luis L\u00f3pez M\u00e9ndez, anoche en su residencia del barrio Balaguer, de Villa Central. El deceso del [&hellip;]<\/p>\n","protected":false},"author":3,"featured_media":0,"comment_status":"open","ping_status":"open","sticky":false,"template":"","format":"standard","meta":{"footnotes":""},"categories":[20],"tags":[],"class_list":["post-219059","post","type-post","status-publish","format-standard","hentry","category-dominicana-hoy"],"_links":{"self":[{"href":"https:\/\/diariodominicano.com\/index.php?rest_route=\/wp\/v2\/posts\/219059","targetHints":{"allow":["GET"]}}],"collection":[{"href":"https:\/\/diariodominicano.com\/index.php?rest_route=\/wp\/v2\/posts"}],"about":[{"href":"https:\/\/diariodominicano.com\/index.php?rest_route=\/wp\/v2\/types\/post"}],"author":[{"embeddable":true,"href":"https:\/\/diariodominicano.com\/index.php?rest_route=\/wp\/v2\/users\/3"}],"replies":[{"embeddable":true,"href":"https:\/\/diariodominicano.com\/index.php?rest_route=%2Fwp%2Fv2%2Fcomments&post=219059"}],"version-history":[{"count":0,"href":"https:\/\/diariodominicano.com\/index.php?rest_route=\/wp\/v2\/posts\/219059\/revisions"}],"wp:attachment":[{"href":"https:\/\/diariodominicano.com\/index.php?rest_route=%2Fwp%2Fv2%2Fmedia&parent=219059"}],"wp:term":[{"taxonomy":"category","embeddable":true,"href":"https:\/\/diariodominicano.com\/index.php?rest_route=%2Fwp%2Fv2%2Fcategories&post=219059"},{"taxonomy":"post_tag","embeddable":true,"href":"https:\/\/diariodominicano.com\/index.php?rest_route=%2Fwp%2Fv2%2Ftags&post=219059"}],"curies":[{"name":"wp","href":"https:\/\/api.w.org\/{rel}","templated":true}]}}