{"id":219058,"date":"2016-03-17T10:53:28","date_gmt":"2016-03-17T10:53:28","guid":{"rendered":"http:\/\/diariodominicano.ddns.net\/?p=219058"},"modified":"2016-03-17T10:53:28","modified_gmt":"2016-03-17T10:53:28","slug":"presidente-medina-inaugura-carreterab-miches-sabana-de-la-mar","status":"publish","type":"post","link":"https:\/\/diariodominicano.com\/?p=219058","title":{"rendered":"Presidente Medina inaugura carreterab Miches-Sabana de la Mar"},"content":{"rendered":"<p><body><\/p>\n<p>El Seibo RD 17 marzo.-En lo que constituye otro aporte al desarrollo vial del pa\u00eds, el presidente Danilo Medina inaugur\u00f3 este martes la carretera Miches Sabana de la Mar, con una extensi\u00f3n de 40 kil\u00f3metros.<\/p>\n<\/p>\n<p>Esta importante obra forma parte del Circuito Vial del Este, y es adem\u00e1s el \u00faltimo tramo de la carretera B\u00e1varo-Uvero Alto, Uvero AltoMiches-Sabana de la Mar, que tiene una longitud de 112 kil\u00f3metros.<\/p>\n<\/p>\n<p>En ese sentido, al pronunciar el discurso central del acto, el ministro de Obras P\u00fablicas, Gonzalo Castillo  constituye un aporte fundamental para el desarrollo socioecon\u00f3mico de Sabana de la Mar, Miches y Uvero Alto, as\u00ed como toda la zona Este.<\/p>\n<\/p>\n<p>La misma permitir\u00e1 que lleguen a esta regi\u00f3n m\u00e1s inversionistas y miles de turistas locales y extranjeros,<\/p>\n<p>contribuyendo a la creaci\u00f3n de abundante bienestar a toda la zona.<\/p>\n<\/p>\n<p>\u00abCon esta nueva carretera los habitantes de Sabana de la Mar pueden ya participar de los empleos, en zonas como Uvero Alto y<\/p>\n<p>B\u00e1varo y muy pronto Miches, que son zonas que ahora se encuentran a una distancia y tiempo de recorrido que le permite ir y volver cada d\u00eda a sus trabajos\u00bb.<\/p>\n<\/p>\n<p>Con esto podemos decir que el desempleo en Sabana de la Mar ha llegado a su final\u00bb, precis\u00f3 el funcionario.<\/p>\n<\/p>\n<p>La carretera tiene una longitud de 40 kil\u00f3metros de extensi\u00f3n, 8.5 metros de ancho, dos carriles de 3.50 metros cada uno y paseo de 0.75 metros; asimismo permitir\u00e1 una velocidad de desplazamiento de 60 a 80 kil\u00f3metros por hora.<\/p>\n<\/p>\n<p>\u00abSe\u00f1or presidente Danilo Medina, nueva vez queda demostrado que su voluntad, su incansable modelo de trabajo, su compromiso con los dominicanos y dominicanas y su determinaci\u00f3n, constituyen un camino de bienestar y esperanza para todo nuestro pa\u00eds\u00bb<\/p>\n<h6> 2016-03-17 10:53:28 <\/h6>\n<p><!--\n<link rel=\"stylesheet\" href=\"css\/bootstrap.min.css\">\n\n\n<ul class=\"pagination\">\n\t    \n\t\n\n<li >\n\t<a href='?page_no=13417'>Previous<\/a>\n\t<\/li>\n\n\n       \n    \n\n<li><a href='?page_no=1'>1<\/a><\/li>\n\n\n\n<li><a href='?page_no=2'>2<\/a><\/li>\n\n\n\n<li><a>...<\/a><\/li>\n\n\n\n<li><a href='?page_no=13416'>13416<\/a><\/li>\n\n\n\n<li><a href='?page_no=13417'>13417<\/a><\/li>\n\n\n\n<li class='active'><a>13418<\/a><\/li>\n\n\n\n<li><a href='?page_no=13419'>13419<\/a><\/li>\n\n\n\n<li><a href='?page_no=13420'>13420<\/a><\/li>\n\n\n\n<li><a>...<\/a><\/li>\n\n\n\n<li><a href='?page_no=56169'>56169<\/a><\/li>\n\n\n\n<li><a href='?page_no=56170'>56170<\/a><\/li>\n\n    \n\t\n\n<li >\n\t<a href='?page_no=13419'>Next<\/a>\n\t<\/li>\n\n\n    \n\n<li><a href='?page_no=56170'>Last &rsaquo;&rsaquo;<\/a><\/li>\n\n<\/ul>\n\n\n--><br \/>\n<\/body><\/p>\n","protected":false},"excerpt":{"rendered":"<p>El Seibo RD 17 marzo.-En lo que constituye otro aporte al desarrollo vial del pa\u00eds, el presidente Danilo Medina inaugur\u00f3 este martes la carretera Miches Sabana de la Mar, con una extensi\u00f3n de 40 kil\u00f3metros. Esta importante obra forma parte del Circuito Vial del Este, y es adem\u00e1s el \u00faltimo tramo de la carretera B\u00e1varo-Uvero [&hellip;]<\/p>\n","protected":false},"author":3,"featured_media":0,"comment_status":"open","ping_status":"open","sticky":false,"template":"","format":"standard","meta":{"footnotes":""},"categories":[20],"tags":[],"class_list":["post-219058","post","type-post","status-publish","format-standard","hentry","category-dominicana-hoy"],"_links":{"self":[{"href":"https:\/\/diariodominicano.com\/index.php?rest_route=\/wp\/v2\/posts\/219058","targetHints":{"allow":["GET"]}}],"collection":[{"href":"https:\/\/diariodominicano.com\/index.php?rest_route=\/wp\/v2\/posts"}],"about":[{"href":"https:\/\/diariodominicano.com\/index.php?rest_route=\/wp\/v2\/types\/post"}],"author":[{"embeddable":true,"href":"https:\/\/diariodominicano.com\/index.php?rest_route=\/wp\/v2\/users\/3"}],"replies":[{"embeddable":true,"href":"https:\/\/diariodominicano.com\/index.php?rest_route=%2Fwp%2Fv2%2Fcomments&post=219058"}],"version-history":[{"count":0,"href":"https:\/\/diariodominicano.com\/index.php?rest_route=\/wp\/v2\/posts\/219058\/revisions"}],"wp:attachment":[{"href":"https:\/\/diariodominicano.com\/index.php?rest_route=%2Fwp%2Fv2%2Fmedia&parent=219058"}],"wp:term":[{"taxonomy":"category","embeddable":true,"href":"https:\/\/diariodominicano.com\/index.php?rest_route=%2Fwp%2Fv2%2Fcategories&post=219058"},{"taxonomy":"post_tag","embeddable":true,"href":"https:\/\/diariodominicano.com\/index.php?rest_route=%2Fwp%2Fv2%2Ftags&post=219058"}],"curies":[{"name":"wp","href":"https:\/\/api.w.org\/{rel}","templated":true}]}}