{"id":219056,"date":"2016-03-17T11:45:59","date_gmt":"2016-03-17T11:45:59","guid":{"rendered":"http:\/\/diariodominicano.ddns.net\/?p=219056"},"modified":"2016-03-17T11:45:59","modified_gmt":"2016-03-17T11:45:59","slug":"firman-acuerdo-para-fortalecer-los-programas-en-el-pais-a-traves-de-la-tecnologia-y-la-innovacion","status":"publish","type":"post","link":"https:\/\/diariodominicano.com\/?p=219056","title":{"rendered":"Firman acuerdo para fortalecer los programas en el pa\u00eds a trav\u00e9s de la tecnolog\u00eda y la innovaci\u00f3n"},"content":{"rendered":"<p><body><\/p>\n<p><img decoding=\"async\" src=\"img3\/firma 4.jpeg\" \/>  <\/p>\n<p>Santo Domingo, RD 17 marzo. &#8211;  El Encargado de Negocios de la Embajada de los Estados Unidos, Patrick Dunn, la Directora de la Agencia de los Estados Unidos para el Desarrollo Internacional (USAID), Alexandria L. Panehal, y el Gerente General de Microsoft Dominicana en el pa\u00eds, Jorge Cabeza, firmaron hoy un memor\u00e1ndum de entendimiento a trav\u00e9s del cual se emplear\u00e1 el uso de tecnolog\u00eda  de la informaci\u00f3n para fortalecer los programas de educaci\u00f3n y otros programas de la USAID.<\/p>\n<\/p>\n<p>Esta alianza promover\u00e1 la capacitaci\u00f3n y el empoderamiento de los j\u00f3venes en situaci\u00f3n de riesgo a trav\u00e9s de cursos t\u00e9cnicos para incrementar sus oportunidades de empleo y la inserci\u00f3n laboral.  Otra iniciativa bajo esta alianza es que Microsoft identificar\u00e1 tecnolog\u00edas de desarrollo inclusivo y donar\u00e1 software para asistir a estudiantes con alg\u00fan tipo de discapacidad en las escuelas donde se implementa el programa USAID\/Leer. <\/p>\n<\/p>\n<p>El Encargado de Negocios, Patrick Dunn, resalt\u00f3 que esta alianza es un recurso importante que permitir\u00e1 a USAID y Microsoft, trabajar juntos para encontrar soluciones tecnol\u00f3gicas e innovadoras para apoyar una amplia gama de programas que promuevan el desarrollo en la Rep\u00fablica Dominicana a trav\u00e9s de la educaci\u00f3n y haciendo frente a las necesidades de las poblaciones marginadas.<\/p>\n<\/p>\n<p>Durante la realizaci\u00f3n del evento el se\u00f1or Jorge Cabeza, Gerente General de Microsoft Dominicana destac\u00f3 que a trav\u00e9s de Microsoft Philanthropies, se contribuye en formas nuevas y m\u00e1s impactantes para un ecosistema social que lleva los beneficios de la tecnolog\u00eda a quienes m\u00e1s lo necesitan. Tambi\u00e9n agreg\u00f3 que Microsoft Dominicana se esfuerza por acortar las brechas, dentro y entre comunidades, a trav\u00e9s de un amplio acceso a la tecnolog\u00eda ?la cual mejora la educaci\u00f3n y la calidad de vida para los habitantes de esas comunidades.<\/p>\n<\/p>\n<p>La alianza fortalecer\u00e1, a trav\u00e9s de la tecnolog\u00eda y la experiencia de Microsoft, los proyectos de la USAID El B\u00e9isbol Est\u00e1 Contigo, USAID\/Leery Alerta Joven.  Adicionalmente, se mejorar\u00e1 el ambiente de aprendizaje y las capacidades de lecturas de ni\u00f1os entre los 6 y 18 a\u00f1os.  Otro beneficio es que los estudiantes aprender\u00e1n a desarrollar software y dar\u00e1n soporte a actividades como hackatons para la creaci\u00f3n de nuevas tecnolog\u00edas a favor de los ni\u00f1os con discapacidad. <\/p>\n<\/p>\n<p>#####<\/p>\n<h6> 2016-03-17 11:45:59 <\/h6>\n<p><!--\n<link rel=\"stylesheet\" href=\"css\/bootstrap.min.css\">\n\n\n<ul class=\"pagination\">\n\t    \n\t\n\n<li >\n\t<a href='?page_no=13415'>Previous<\/a>\n\t<\/li>\n\n\n       \n    \n\n<li><a href='?page_no=1'>1<\/a><\/li>\n\n\n\n<li><a href='?page_no=2'>2<\/a><\/li>\n\n\n\n<li><a>...<\/a><\/li>\n\n\n\n<li><a href='?page_no=13414'>13414<\/a><\/li>\n\n\n\n<li><a href='?page_no=13415'>13415<\/a><\/li>\n\n\n\n<li class='active'><a>13416<\/a><\/li>\n\n\n\n<li><a href='?page_no=13417'>13417<\/a><\/li>\n\n\n\n<li><a href='?page_no=13418'>13418<\/a><\/li>\n\n\n\n<li><a>...<\/a><\/li>\n\n\n\n<li><a href='?page_no=56169'>56169<\/a><\/li>\n\n\n\n<li><a href='?page_no=56170'>56170<\/a><\/li>\n\n    \n\t\n\n<li >\n\t<a href='?page_no=13417'>Next<\/a>\n\t<\/li>\n\n\n    \n\n<li><a href='?page_no=56170'>Last &rsaquo;&rsaquo;<\/a><\/li>\n\n<\/ul>\n\n\n--><br \/>\n<\/body><\/p>\n","protected":false},"excerpt":{"rendered":"<p>Santo Domingo, RD 17 marzo. &#8211; El Encargado de Negocios de la Embajada de los Estados Unidos, Patrick Dunn, la Directora de la Agencia de los Estados Unidos para el Desarrollo Internacional (USAID), Alexandria L. Panehal, y el Gerente General de Microsoft Dominicana en el pa\u00eds, Jorge Cabeza, firmaron hoy un memor\u00e1ndum de entendimiento a [&hellip;]<\/p>\n","protected":false},"author":3,"featured_media":0,"comment_status":"open","ping_status":"open","sticky":false,"template":"","format":"standard","meta":{"footnotes":""},"categories":[20],"tags":[],"class_list":["post-219056","post","type-post","status-publish","format-standard","hentry","category-dominicana-hoy"],"_links":{"self":[{"href":"https:\/\/diariodominicano.com\/index.php?rest_route=\/wp\/v2\/posts\/219056","targetHints":{"allow":["GET"]}}],"collection":[{"href":"https:\/\/diariodominicano.com\/index.php?rest_route=\/wp\/v2\/posts"}],"about":[{"href":"https:\/\/diariodominicano.com\/index.php?rest_route=\/wp\/v2\/types\/post"}],"author":[{"embeddable":true,"href":"https:\/\/diariodominicano.com\/index.php?rest_route=\/wp\/v2\/users\/3"}],"replies":[{"embeddable":true,"href":"https:\/\/diariodominicano.com\/index.php?rest_route=%2Fwp%2Fv2%2Fcomments&post=219056"}],"version-history":[{"count":0,"href":"https:\/\/diariodominicano.com\/index.php?rest_route=\/wp\/v2\/posts\/219056\/revisions"}],"wp:attachment":[{"href":"https:\/\/diariodominicano.com\/index.php?rest_route=%2Fwp%2Fv2%2Fmedia&parent=219056"}],"wp:term":[{"taxonomy":"category","embeddable":true,"href":"https:\/\/diariodominicano.com\/index.php?rest_route=%2Fwp%2Fv2%2Fcategories&post=219056"},{"taxonomy":"post_tag","embeddable":true,"href":"https:\/\/diariodominicano.com\/index.php?rest_route=%2Fwp%2Fv2%2Ftags&post=219056"}],"curies":[{"name":"wp","href":"https:\/\/api.w.org\/{rel}","templated":true}]}}