{"id":219055,"date":"2016-03-17T13:31:14","date_gmt":"2016-03-17T13:31:14","guid":{"rendered":"http:\/\/diariodominicano.ddns.net\/?p=219055"},"modified":"2016-03-17T13:31:14","modified_gmt":"2016-03-17T13:31:14","slug":"uasd-conmemora-41-anos-asesinato-del-periodista-orlando-martinez","status":"publish","type":"post","link":"https:\/\/diariodominicano.com\/?p=219055","title":{"rendered":"UASD conmemora 41 a\u00f1os asesinato del periodista Orlando Mart\u00ednez"},"content":{"rendered":"<p><body><\/p>\n<p><img decoding=\"async\" src=\"img3\/uasd 2.jpg\" \/>  <\/p>\n<p><strong>Santo Domingo RD 17 marzo.- <\/strong>Las autoridades de la Universidad Aut\u00f3noma de Santo Domingo (UASD) depositaron una ofrenda floral al conmemorarse hoy el 41 aniversario del asesinato del periodista Orlando Mart\u00ednez, por fuerzas represivas del gobierno de los Doce A\u00f1os del doctor Joaqu\u00edn Balaguer.<\/p>\n<\/p>\n<p>El rector de la academia, doctor Iv\u00e1n Grull\u00f3n Fern\u00e1ndez, pronunci\u00f3 el discurso central de la actividad que se llev\u00f3 a cabo en la avenida Jos\u00e9 Contreras, en la Zona Universitaria, donde reposa el busto en honor al comunicador social.<\/p>\n<\/p>\n<p>Grull\u00f3n Fern\u00e1ndez  dijo que un d\u00eda como hoy, 17 de marzo de 1975, fue asesinado el periodista Mart\u00ednez, por su posici\u00f3n vertical a favor de esa poblaci\u00f3n depauperada, a la cual el gobierno de turno y sus aliados trataban de acallar mediante el enga\u00f1o, la represi\u00f3n y el terror.<\/p>\n<\/p>\n<p>Justific\u00f3 el acto realizado por la UASD  en el lugar donde fue asesinado el distinguido periodista, \u00aben virtud del compromiso de resaltar los valores de la sociedad dominicana\u00bb.<\/p>\n<\/p>\n<p>Agreg\u00f3 que \u00abesta ofrenda floral constituye un acto de justicia que procura contribuir a que los j\u00f3venes conozcan a un periodista de la luz, que ciment\u00f3 su vida en los principios \u00e9ticos y valores morales en que se sustenta la Rep\u00fablica que nos legaron los padres de la Patria\u00bb.<\/p>\n<\/p>\n<p>El rector de la UASD, tras hacer una breve descripci\u00f3n de las luchas de las masas populares que se libraban durante el gobierno balaguerista donde desarroll\u00f3 sus actividades el destacado comunicador, indic\u00f3 que  Mart\u00ednez fue un periodista emblem\u00e1tico que convirti\u00f3 su profesi\u00f3n en un sacerdocio y muri\u00f3 por sus ideas en defensa de los obreros y los campesinos dominicanos.<\/p>\n<\/p>\n<p>El doctor Grull\u00f3n Fern\u00e1ndez culmin\u00f3 sus palabras diciendo que \u00abes justo y conveniente que las presentes y futuras generaciones conozcan a los hombres que lucharon, se sacrificaron y hasta llegaron al hero\u00edsmo de ofrendar sus vidas en aras de la justicia, la libertad, la democracia y la paz en la Rep\u00fablica Dominicana\u00bb. <\/p>\n<\/p>\n<p>Destac\u00f3 la perseverancia de la familia Mart\u00ednez Howley y de Narciso Isa Conde, en el logro de la condena a los culpables intelectuales; asimismo, llam\u00f3 a los universitarios a insistir hasta conseguir una justa condena a los culpables del asesinato del pasado rector, maestro Mateo Aquino Febrillet.<\/p>\n<\/p>\n<p>Por la UASD, estuvieron presente en el acto, el exrector, doctor Porfirio Garc\u00eda  Fern\u00e1ndez; el vicerrector Docente, doctor Jorge Asjana David; el  vicerrector Administrativo, maestro Editrudis Beltr\u00e1n Cris\u00f3stomo; el Secretario General, maestro H\u00e9ctor Luis Mart\u00ednez; el director de la Escuela  de Comunicaci\u00f3n Social, maestro Rodolfo Coiscou, as\u00ed como decanos, directores de escuelas y departamentos.<\/p>\n<\/p>\n<p>El evento sirvi\u00f3 de escenario para la participaci\u00f3n de algunos dirigentes de izquierdas y personalidades entre los cuales se encontraban: Narciso Isa Conde, dirigente del Partido Caama\u00f1ista; Juan G\u00f3mez, Secretario General de la Fuerza de la Revoluci\u00f3n; y Sergio Mart\u00ednez, hermano de Orlando, as\u00ed como el poeta Mateo Morrison, quien exclamo un poema alusivo al periodista  malogrado.<\/p>\n<h6> 2016-03-17 13:31:14 <\/h6>\n<p><!--\n<link rel=\"stylesheet\" href=\"css\/bootstrap.min.css\">\n\n\n<ul class=\"pagination\">\n\t    \n\t\n\n<li >\n\t<a href='?page_no=13414'>Previous<\/a>\n\t<\/li>\n\n\n       \n    \n\n<li><a href='?page_no=1'>1<\/a><\/li>\n\n\n\n<li><a href='?page_no=2'>2<\/a><\/li>\n\n\n\n<li><a>...<\/a><\/li>\n\n\n\n<li><a href='?page_no=13413'>13413<\/a><\/li>\n\n\n\n<li><a href='?page_no=13414'>13414<\/a><\/li>\n\n\n\n<li class='active'><a>13415<\/a><\/li>\n\n\n\n<li><a href='?page_no=13416'>13416<\/a><\/li>\n\n\n\n<li><a href='?page_no=13417'>13417<\/a><\/li>\n\n\n\n<li><a>...<\/a><\/li>\n\n\n\n<li><a href='?page_no=56169'>56169<\/a><\/li>\n\n\n\n<li><a href='?page_no=56170'>56170<\/a><\/li>\n\n    \n\t\n\n<li >\n\t<a href='?page_no=13416'>Next<\/a>\n\t<\/li>\n\n\n    \n\n<li><a href='?page_no=56170'>Last &rsaquo;&rsaquo;<\/a><\/li>\n\n<\/ul>\n\n\n--><br \/>\n<\/body><\/p>\n","protected":false},"excerpt":{"rendered":"<p>Santo Domingo RD 17 marzo.- Las autoridades de la Universidad Aut\u00f3noma de Santo Domingo (UASD) depositaron una ofrenda floral al conmemorarse hoy el 41 aniversario del asesinato del periodista Orlando Mart\u00ednez, por fuerzas represivas del gobierno de los Doce A\u00f1os del doctor Joaqu\u00edn Balaguer. El rector de la academia, doctor Iv\u00e1n Grull\u00f3n Fern\u00e1ndez, pronunci\u00f3 el [&hellip;]<\/p>\n","protected":false},"author":3,"featured_media":0,"comment_status":"open","ping_status":"open","sticky":false,"template":"","format":"standard","meta":{"footnotes":""},"categories":[20],"tags":[],"class_list":["post-219055","post","type-post","status-publish","format-standard","hentry","category-dominicana-hoy"],"_links":{"self":[{"href":"https:\/\/diariodominicano.com\/index.php?rest_route=\/wp\/v2\/posts\/219055","targetHints":{"allow":["GET"]}}],"collection":[{"href":"https:\/\/diariodominicano.com\/index.php?rest_route=\/wp\/v2\/posts"}],"about":[{"href":"https:\/\/diariodominicano.com\/index.php?rest_route=\/wp\/v2\/types\/post"}],"author":[{"embeddable":true,"href":"https:\/\/diariodominicano.com\/index.php?rest_route=\/wp\/v2\/users\/3"}],"replies":[{"embeddable":true,"href":"https:\/\/diariodominicano.com\/index.php?rest_route=%2Fwp%2Fv2%2Fcomments&post=219055"}],"version-history":[{"count":0,"href":"https:\/\/diariodominicano.com\/index.php?rest_route=\/wp\/v2\/posts\/219055\/revisions"}],"wp:attachment":[{"href":"https:\/\/diariodominicano.com\/index.php?rest_route=%2Fwp%2Fv2%2Fmedia&parent=219055"}],"wp:term":[{"taxonomy":"category","embeddable":true,"href":"https:\/\/diariodominicano.com\/index.php?rest_route=%2Fwp%2Fv2%2Fcategories&post=219055"},{"taxonomy":"post_tag","embeddable":true,"href":"https:\/\/diariodominicano.com\/index.php?rest_route=%2Fwp%2Fv2%2Ftags&post=219055"}],"curies":[{"name":"wp","href":"https:\/\/api.w.org\/{rel}","templated":true}]}}