{"id":219052,"date":"2016-03-17T23:28:03","date_gmt":"2016-03-17T23:28:03","guid":{"rendered":"http:\/\/diariodominicano.ddns.net\/?p=219052"},"modified":"2016-03-17T23:28:03","modified_gmt":"2016-03-17T23:28:03","slug":"senasa-firma-carta-compromiso-para-poner-fin-a-la-tuberculosis","status":"publish","type":"post","link":"https:\/\/diariodominicano.com\/?p=219052","title":{"rendered":"SeNaSa firma carta compromiso para poner fin a la tuberculosis"},"content":{"rendered":"<p><body><\/p>\n<p><img decoding=\"async\" src=\"img3\/IMG_0575.JPG\" \/>  <\/p>\n<p><span class=\"text1noticias\">Santo Domingo, R. D., 17 de marzo.- En el marco de la conmemoraci\u00f3n del D\u00eda Internacional de la Tuberculosis, el Seguro Nacional de Salud (SeNaSa) firm\u00f3 una carta compromiso en la que asume la afiliaci\u00f3n al R\u00e9gimen Subsidiado de los dominicanos diagnosticados con Tuberculosis que vivan en condici\u00f3n de pobreza.<\/span><\/p>\n<p><span class=\"text1noticias\"> <\/span><\/p>\n<p><span class=\"text1noticias\">Con la afiliaci\u00f3n a ese r\u00e9gimen, los pacientes de tuberculosis tendr\u00e1n garantizado el acceso a los servicios de salud y con ello se contribuir\u00e1 a la reducci\u00f3n del abandono del tratamiento por limitaciones econ\u00f3micas, que es uno de los mayores problemas que afecta a esta poblaci\u00f3n.<\/span><\/p>\n<p><span class=\"text1noticias\"> <\/span><\/p>\n<p><span class=\"text1noticias\">\u00abEn SeNaSa mantenemos nuestra disposici\u00f3n de garantizar los servicios de salud a la poblaci\u00f3n vulnerable y por eso nos unimos a las disposiciones emanadas desde la Asamblea Mundial de la Salud en la que nuestro pa\u00eds se compromete a trabajar para lograr poner fin a la tuberculosis en el pr\u00f3ximo decenio\u00bb indic\u00f3 el licenciado Chanel Rosa Chupany, director ejecutivo de SeNaSa.<\/span><\/p>\n<p><span class=\"text1noticias\"> <\/span><\/p>\n<p><span class=\"text1noticias\">La carta compromiso se firm\u00f3 durante el evento \u00abUnidos para poner fin a la tuberculosis\u00bb, coordinado por el Programa Nacional de Control de la Tuberculosis (PCNT), dependencia del Ministerio de Salud P\u00fablica, junto a otras entidades del sector salud, en conmemoraci\u00f3n del D\u00eda Internacional de la Tuberculosis que se celebra el pr\u00f3ximo 24 de marzo.<\/span><\/p>\n<p><span class=\"text1noticias\"> <\/span><\/p>\n<p><span class=\"text1noticias\">Para la firma de la carta, el PCNT suministr\u00f3 a la ARS Estatal la base de datos de las personas que tienen registradas, la cual fue verificada seg\u00fan los requisitos para la afiliaci\u00f3n al R\u00e9gimen Subsidiado, resultando afiliadas m\u00e1s del 40 por ciento de las personas registradas en el Programa.<\/span><\/p>\n<p><span class=\"text1noticias\"> <\/span><\/p>\n<p><span class=\"text1noticias\">Datos estad\u00edsticos<\/span><\/p>\n<p><span class=\"text1noticias\"> <\/span><\/p>\n<p><span class=\"text1noticias\">En la Rep\u00fablica Dominicana la tasa de Tuberculosis estimada por la Organizaci\u00f3n Mundial de la Salud (OMS) para el 2014 fue de 60 casos por 100,000 habitantes, en los \u00faltimos a\u00f1os el pa\u00eds registra cerca de 5 mil casos anuales. Producto de los esfuerzos para el control de la Tuberculosis se ha logrado una reducci\u00f3n de 50% de la prevalencia y mortalidad por esta causa, cumpliendo el pa\u00eds con los compromisos asumidos con los Objetivos de Desarrollo Sostenible.<\/span><\/p>\n<p><span class=\"text1noticias\"> <\/span><\/p>\n<p><span class=\"text1noticias\">El mayor reto en estos momentos es lograr reducir el abandono del tratamiento a menos de 5%, para lo que es prioritario abordar los determinantes sociales asociados con las p\u00e9rdidas de pacientes en el seguimiento.<\/span><\/p>\n<p><span class=\"text1noticias\"> <\/span><\/p>\n<p><span class=\"text1noticias\">SeNaSa como administradora de riesgos de salud del Estado y \u00fanica que administra el R\u00e9gimen Subsidiado tiene como responsabilidad de la afiliaci\u00f3n de la poblaci\u00f3n vulnerable a dicho r\u00e9gimen de financiamiento, garantizando el acceso a servicios de salud de acuerdo a las coberturas contempladas en el Plan B\u00e1sico de Salu<\/span>d. <\/p>\n<h6> 2016-03-17 23:28:03 <\/h6>\n<p><!--\n<link rel=\"stylesheet\" href=\"css\/bootstrap.min.css\">\n\n\n<ul class=\"pagination\">\n\t    \n\t\n\n<li >\n\t<a href='?page_no=13411'>Previous<\/a>\n\t<\/li>\n\n\n       \n    \n\n<li><a href='?page_no=1'>1<\/a><\/li>\n\n\n\n<li><a href='?page_no=2'>2<\/a><\/li>\n\n\n\n<li><a>...<\/a><\/li>\n\n\n\n<li><a href='?page_no=13410'>13410<\/a><\/li>\n\n\n\n<li><a href='?page_no=13411'>13411<\/a><\/li>\n\n\n\n<li class='active'><a>13412<\/a><\/li>\n\n\n\n<li><a href='?page_no=13413'>13413<\/a><\/li>\n\n\n\n<li><a href='?page_no=13414'>13414<\/a><\/li>\n\n\n\n<li><a>...<\/a><\/li>\n\n\n\n<li><a href='?page_no=56169'>56169<\/a><\/li>\n\n\n\n<li><a href='?page_no=56170'>56170<\/a><\/li>\n\n    \n\t\n\n<li >\n\t<a href='?page_no=13413'>Next<\/a>\n\t<\/li>\n\n\n    \n\n<li><a href='?page_no=56170'>Last &rsaquo;&rsaquo;<\/a><\/li>\n\n<\/ul>\n\n\n--><br \/>\n<\/body><\/p>\n","protected":false},"excerpt":{"rendered":"<p>Santo Domingo, R. D., 17 de marzo.- En el marco de la conmemoraci\u00f3n del D\u00eda Internacional de la Tuberculosis, el Seguro Nacional de Salud (SeNaSa) firm\u00f3 una carta compromiso en la que asume la afiliaci\u00f3n al R\u00e9gimen Subsidiado de los dominicanos diagnosticados con Tuberculosis que vivan en condici\u00f3n de pobreza. Con la afiliaci\u00f3n a ese [&hellip;]<\/p>\n","protected":false},"author":3,"featured_media":0,"comment_status":"open","ping_status":"open","sticky":false,"template":"","format":"standard","meta":{"footnotes":""},"categories":[20],"tags":[],"class_list":["post-219052","post","type-post","status-publish","format-standard","hentry","category-dominicana-hoy"],"_links":{"self":[{"href":"https:\/\/diariodominicano.com\/index.php?rest_route=\/wp\/v2\/posts\/219052","targetHints":{"allow":["GET"]}}],"collection":[{"href":"https:\/\/diariodominicano.com\/index.php?rest_route=\/wp\/v2\/posts"}],"about":[{"href":"https:\/\/diariodominicano.com\/index.php?rest_route=\/wp\/v2\/types\/post"}],"author":[{"embeddable":true,"href":"https:\/\/diariodominicano.com\/index.php?rest_route=\/wp\/v2\/users\/3"}],"replies":[{"embeddable":true,"href":"https:\/\/diariodominicano.com\/index.php?rest_route=%2Fwp%2Fv2%2Fcomments&post=219052"}],"version-history":[{"count":0,"href":"https:\/\/diariodominicano.com\/index.php?rest_route=\/wp\/v2\/posts\/219052\/revisions"}],"wp:attachment":[{"href":"https:\/\/diariodominicano.com\/index.php?rest_route=%2Fwp%2Fv2%2Fmedia&parent=219052"}],"wp:term":[{"taxonomy":"category","embeddable":true,"href":"https:\/\/diariodominicano.com\/index.php?rest_route=%2Fwp%2Fv2%2Fcategories&post=219052"},{"taxonomy":"post_tag","embeddable":true,"href":"https:\/\/diariodominicano.com\/index.php?rest_route=%2Fwp%2Fv2%2Ftags&post=219052"}],"curies":[{"name":"wp","href":"https:\/\/api.w.org\/{rel}","templated":true}]}}