{"id":219051,"date":"2016-03-17T23:39:28","date_gmt":"2016-03-17T23:39:28","guid":{"rendered":"http:\/\/diariodominicano.ddns.net\/?p=219051"},"modified":"2016-03-17T23:39:28","modified_gmt":"2016-03-17T23:39:28","slug":"vicepresidenta-llama-a-mujeres-a-luchar-por-la-igualdad-de-genero","status":"publish","type":"post","link":"https:\/\/diariodominicano.com\/?p=219051","title":{"rendered":"Vicepresidenta llama a mujeres a  luchar por la igualdad de g\u00e9nero"},"content":{"rendered":"<p><body><\/p>\n<p><img decoding=\"async\" src=\"img3\/vice.JPG\" \/>  <\/p>\n<p><strong><span class=\"text1noticias\">Santiago, R. D., 17 de marzo de 2016.-<\/span><\/strong><span class=\"text1noticias\"> La vicepresidenta de la Rep\u00fablica, doctora Margarita Cede\u00f1o, hizo este jueves un llamado a las mujeres a luchar contra la desigualdad de g\u00e9nero, para mitigar as\u00ed los males sociales como la violencia intrafamiliar y contra las f\u00e9minas, discriminaci\u00f3n salarial, dificultades socioecon\u00f3micas entre otros obst\u00e1culos que les impiden alcanzar su pleno desarrollo.<\/span><\/p>\n<p><span class=\"text1noticias\"> <\/span><\/p>\n<p><span class=\"text1noticias\">\u00abEn la uni\u00f3n de nuestras voluntades est\u00e1 la clave para que, en poco tiempo, la preocupaci\u00f3n de la desigualdad de g\u00e9nero no sea m\u00e1s que un triste cap\u00edtulo en la historia universal. De nuestra unidad depende que nuestras ni\u00f1as, las generaciones futuras, tengan m\u00e1s oportunidades de las que nosotras tuvimos, para que as\u00ed puedan romper el c\u00edrculo vicioso de la pobreza y de la exclusi\u00f3n\u00bb, consider\u00f3 la Vicemandataria al encabezar la entrega n\u00famero 11 del Premio Nacional Mujer de Progreso 2016, que se realiz\u00f3 en el Cibao.<\/span><\/p>\n<p><span class=\"text1noticias\"> <\/span><\/p>\n<p><span class=\"text1noticias\">Margarita Cede\u00f1o reconoci\u00f3 el esfuerzo de 15 mujeres pertenecientes al programa Progresando con Solidaridad (Prosoli) de diferentes localidades de esta regi\u00f3n, quienes vencieron el c\u00edrculo de la pobreza, desigualdad, violencia intrafamiliar y son ejemplos de superaci\u00f3n para que su familia y su comunidad puedan tener un futuro promisorio.<\/span><\/p>\n<p><span class=\"text1noticias\"> <\/span><\/p>\n<p><span class=\"text1noticias\">La premiaci\u00f3n que se realiza cada a\u00f1o en ocasi\u00f3n de la celebraci\u00f3n del D\u00eda Internacional de la Mujer, es un incentivo para reconocer el valor del esfuerzo, sacrificio y dedicaci\u00f3n de las mujeres de escasos recursos para convertirse en emprendedoras, y que a trav\u00e9s de sus testimonios convierten a la Rep\u00fablica Dominicana en un pa\u00eds m\u00e1s justo, unido y solidario.<\/span><\/p>\n<p><span class=\"text1noticias\"> <\/span><\/p>\n<p><span class=\"text1noticias\">\u00abDestacamos el valor de mujeres l\u00edderes comunitarias, Enlaces Familiares y l\u00edderes del programa que, ante la impotencia y el pesimismo que puede causar la exclusi\u00f3n, en vez de dejarlo todo y abandonar llevan esperanza a las familias en situaci\u00f3n de pobreza, inspir\u00e1ndolas a ser las protagonistas de su propio desarrollo\u00bb, indic\u00f3.<\/span><\/p>\n<p><span class=\"text1noticias\"> <\/span><\/p>\n<p><span class=\"text1noticias\">El premio contempla cinco categor\u00edas a alcanzar, que son: Desarrollo Econ\u00f3mico; Superaci\u00f3n de limitaciones o situaciones de vulnerabilidad personal y familiar; Compromiso con el programa; Cumplimiento de las metas y objetivos del programa; y Liderazgo comunitario.<\/span><\/p>\n<p><span class=\"text1noticias\">Las f\u00e9minas, que provienen de las provincias Duarte, La Vega, Santiago, Espaillat, Monse\u00f1or Nouel, Hermanas Mirabal, Santiago Rodr\u00edguez, Puerto Plata y Saman\u00e1 recibieron el galard\u00f3n por sus aportes al desarrollo de sus familias y sus comunidades.<\/span><\/p>\n<p><span class=\"text1noticias\"> <\/span><\/p>\n<p><span class=\"text1noticias\">Tambi\u00e9n, entre las reconocidas est\u00e1n tres mujeres que recibieron el m\u00e1ximo galard\u00f3n Estrellas de Progreso por mantener una trayectoria de avance y desarrollo en Prosoli en los \u00faltimos once a\u00f1os. El galard\u00f3n sirve adem\u00e1s de est\u00edmulo para superar las condiciones de extrema pobreza de las familias dominicanas, crear fuentes de empleo y bienestar personal y colectivo.<\/span><\/p>\n<p><span class=\"text1noticias\"> <\/span><\/p>\n<p><span class=\"text1noticias\">Asimismo, busca incentivar a las mujeres sumidas en ese flagelo y el desempleo a alcanzar su propio desarrollo mediante iniciativas de orientaci\u00f3n, capacitaci\u00f3n, seguimiento y emprendimiento impulsadas desde Prosoli.<\/span><\/p>\n<p><span class=\"text1noticias\"> <\/span><\/p>\n<p><span class=\"text1noticias\"><strong>Ganadoras<\/strong><\/span><\/p>\n<p><span class=\"text1noticias\"> <\/span><\/p>\n<p><span class=\"text1noticias\">El m\u00e1ximo galard\u00f3n Estrellas de Progreso lo recibieron Beita G\u00f3mez y Rosa Elba Fern\u00e1ndez, en la categor\u00eda Desarrollo Econ\u00f3mico respectivamente. Tambi\u00e9n, en Liderazgo Comunitario fue reconocida Casimira Reinoso con el m\u00e1ximo galard\u00f3n.<\/span><\/p>\n<p><span class=\"text1noticias\"> <\/span><\/p>\n<p><span class=\"text1noticias\">Las Mujeres de Progreso fueron Mercedes Eusebio Paulino, Paula Dolores Disla y C\u00e1ndida Altagracia G\u00f3mez, en la categor\u00eda Liderazgo Comunitario. Mientras que en Superaci\u00f3n de Limitaciones o situaciones de vulnerabilidad personal o familiar, la Vicepresidenta entreg\u00f3 reconocimiento a Arelis Betances Gonz\u00e1lez, Mercedes P\u00e9rez, Munda Parra, Luisanna Pe\u00f1a Guzm\u00e1n y Griselda Rodr\u00edguez.<\/span><\/p>\n<p><span class=\"text1noticias\"> <\/span><\/p>\n<p><span class=\"text1noticias\">Por otro lado, en Desarrollo Econ\u00f3mico se reconoci\u00f3 a Mildred Santos Acosta, Carmen Lidis Metivier y Petronila del Carmen Cruz. Finalmente, Dorka V\u00e1squez fue reconocida en Cumplimiento de las metas y objetivos del Programa.<\/span><\/p>\n<h6> 2016-03-17 23:39:28 <\/h6>\n<p><!--\n<link rel=\"stylesheet\" href=\"css\/bootstrap.min.css\">\n\n\n<ul class=\"pagination\">\n\t    \n\t\n\n<li >\n\t<a href='?page_no=13410'>Previous<\/a>\n\t<\/li>\n\n\n       \n    \n\n<li><a href='?page_no=1'>1<\/a><\/li>\n\n\n\n<li><a href='?page_no=2'>2<\/a><\/li>\n\n\n\n<li><a>...<\/a><\/li>\n\n\n\n<li><a href='?page_no=13409'>13409<\/a><\/li>\n\n\n\n<li><a href='?page_no=13410'>13410<\/a><\/li>\n\n\n\n<li class='active'><a>13411<\/a><\/li>\n\n\n\n<li><a href='?page_no=13412'>13412<\/a><\/li>\n\n\n\n<li><a href='?page_no=13413'>13413<\/a><\/li>\n\n\n\n<li><a>...<\/a><\/li>\n\n\n\n<li><a href='?page_no=56169'>56169<\/a><\/li>\n\n\n\n<li><a href='?page_no=56170'>56170<\/a><\/li>\n\n    \n\t\n\n<li >\n\t<a href='?page_no=13412'>Next<\/a>\n\t<\/li>\n\n\n    \n\n<li><a href='?page_no=56170'>Last &rsaquo;&rsaquo;<\/a><\/li>\n\n<\/ul>\n\n\n--><br \/>\n<\/body><\/p>\n","protected":false},"excerpt":{"rendered":"<p>Santiago, R. D., 17 de marzo de 2016.- La vicepresidenta de la Rep\u00fablica, doctora Margarita Cede\u00f1o, hizo este jueves un llamado a las mujeres a luchar contra la desigualdad de g\u00e9nero, para mitigar as\u00ed los males sociales como la violencia intrafamiliar y contra las f\u00e9minas, discriminaci\u00f3n salarial, dificultades socioecon\u00f3micas entre otros obst\u00e1culos que les impiden [&hellip;]<\/p>\n","protected":false},"author":3,"featured_media":0,"comment_status":"open","ping_status":"open","sticky":false,"template":"","format":"standard","meta":{"footnotes":""},"categories":[20],"tags":[],"class_list":["post-219051","post","type-post","status-publish","format-standard","hentry","category-dominicana-hoy"],"_links":{"self":[{"href":"https:\/\/diariodominicano.com\/index.php?rest_route=\/wp\/v2\/posts\/219051","targetHints":{"allow":["GET"]}}],"collection":[{"href":"https:\/\/diariodominicano.com\/index.php?rest_route=\/wp\/v2\/posts"}],"about":[{"href":"https:\/\/diariodominicano.com\/index.php?rest_route=\/wp\/v2\/types\/post"}],"author":[{"embeddable":true,"href":"https:\/\/diariodominicano.com\/index.php?rest_route=\/wp\/v2\/users\/3"}],"replies":[{"embeddable":true,"href":"https:\/\/diariodominicano.com\/index.php?rest_route=%2Fwp%2Fv2%2Fcomments&post=219051"}],"version-history":[{"count":0,"href":"https:\/\/diariodominicano.com\/index.php?rest_route=\/wp\/v2\/posts\/219051\/revisions"}],"wp:attachment":[{"href":"https:\/\/diariodominicano.com\/index.php?rest_route=%2Fwp%2Fv2%2Fmedia&parent=219051"}],"wp:term":[{"taxonomy":"category","embeddable":true,"href":"https:\/\/diariodominicano.com\/index.php?rest_route=%2Fwp%2Fv2%2Fcategories&post=219051"},{"taxonomy":"post_tag","embeddable":true,"href":"https:\/\/diariodominicano.com\/index.php?rest_route=%2Fwp%2Fv2%2Ftags&post=219051"}],"curies":[{"name":"wp","href":"https:\/\/api.w.org\/{rel}","templated":true}]}}