{"id":219048,"date":"2016-03-18T11:11:46","date_gmt":"2016-03-18T11:11:46","guid":{"rendered":"http:\/\/diariodominicano.ddns.net\/?p=219048"},"modified":"2016-03-18T11:11:46","modified_gmt":"2016-03-18T11:11:46","slug":"padre-billini-reune-comite-de-emergencias-y-desastres-para-analizar-plan-de-contingencia-de-semana-santa","status":"publish","type":"post","link":"https:\/\/diariodominicano.com\/?p=219048","title":{"rendered":"Padre Billini re\u00fane Comit\u00e9 de Emergencias y Desastres para analizar plan de contingencia de Semana Santa"},"content":{"rendered":"<p><body><\/p>\n<p><img decoding=\"async\" src=\"img3\/fea  1.jpg\" \/>  <\/p>\n<p>Santo Domingo RD 18 marzo.- Con el objetivo de parar todo lo concerniente al operativo de la Semana Santa 2016, las autoridades del Hospital Docente Padre Billini, reuni\u00f3 este jueves su Comit\u00e9 de Emergencias y Desastres.<\/p>\n<\/p>\n<p>Durante el  encuentro, los miembros del comit\u00e9 planificaron  las medidas a implementar para  que el hospital pueda dar respuesta  a los casos que se presenten durante el asueto de la semana mayor.<\/p>\n<\/p>\n<p>La directora del centro asistencial, doctora  Ysabel Menual afirm\u00f3 que se adoptaran las medidas que sean  necesarias, para que los pacientes que acudan al hospital y sean referidos de otros centros de la red p\u00fablica, puedan recibir asistencia de calidad.<\/p>\n<\/p>\n<p>La doctora Ysabel Menual explic\u00f3 que con el prop\u00f3sito de brindar un servicio eficiente, reforzar\u00e1n el personal del \u00e1rea de emergencia.  Ya esta  seleccionado el personal que trabajar\u00e1 en horarios diferentes para cubrir servicios  24 horas,  en el periodo comprendido  entre los d\u00edas 24 al 27 de marzo.<\/p>\n<\/p>\n<p>Sostuvo que tomaron las previsiones de lugar para que la planta de emergencia  pueda trabajar a cualquier hora en caso de que falle la energ\u00eda el\u00e9ctrica.<\/p>\n<\/p>\n<p>De igual forma dar\u00e1n la de alta a los pacientes que ya est\u00e9n aptos para retornar a sus hogares, a fin de tener camas disponibles para nuevos ingresos en caso de que el paciente lo amerite.<\/p>\n<\/p>\n<p>La directora del Hospital Docente Padre Billini tambi\u00e9n dijo que cuentan con el abastecimiento necesario para estos d\u00edas, pero adem\u00e1s, est\u00e1n programadas rutas especiales para el suministro de oxigeno, medicamentos y el material gastable que pueda necesitarse. <\/p>\n<\/p>\n<h6> 2016-03-18 11:11:46 <\/h6>\n<p><!--\n<link rel=\"stylesheet\" href=\"css\/bootstrap.min.css\">\n\n\n<ul class=\"pagination\">\n\t    \n\t\n\n<li >\n\t<a href='?page_no=13408'>Previous<\/a>\n\t<\/li>\n\n\n       \n    \n\n<li><a href='?page_no=1'>1<\/a><\/li>\n\n\n\n<li><a href='?page_no=2'>2<\/a><\/li>\n\n\n\n<li><a>...<\/a><\/li>\n\n\n\n<li><a href='?page_no=13407'>13407<\/a><\/li>\n\n\n\n<li><a href='?page_no=13408'>13408<\/a><\/li>\n\n\n\n<li class='active'><a>13409<\/a><\/li>\n\n\n\n<li><a href='?page_no=13410'>13410<\/a><\/li>\n\n\n\n<li><a href='?page_no=13411'>13411<\/a><\/li>\n\n\n\n<li><a>...<\/a><\/li>\n\n\n\n<li><a href='?page_no=56169'>56169<\/a><\/li>\n\n\n\n<li><a href='?page_no=56170'>56170<\/a><\/li>\n\n    \n\t\n\n<li >\n\t<a href='?page_no=13410'>Next<\/a>\n\t<\/li>\n\n\n    \n\n<li><a href='?page_no=56170'>Last &rsaquo;&rsaquo;<\/a><\/li>\n\n<\/ul>\n\n\n--><br \/>\n<\/body><\/p>\n","protected":false},"excerpt":{"rendered":"<p>Santo Domingo RD 18 marzo.- Con el objetivo de parar todo lo concerniente al operativo de la Semana Santa 2016, las autoridades del Hospital Docente Padre Billini, reuni\u00f3 este jueves su Comit\u00e9 de Emergencias y Desastres. Durante el encuentro, los miembros del comit\u00e9 planificaron las medidas a implementar para que el hospital pueda dar respuesta [&hellip;]<\/p>\n","protected":false},"author":3,"featured_media":0,"comment_status":"open","ping_status":"open","sticky":false,"template":"","format":"standard","meta":{"footnotes":""},"categories":[20],"tags":[],"class_list":["post-219048","post","type-post","status-publish","format-standard","hentry","category-dominicana-hoy"],"_links":{"self":[{"href":"https:\/\/diariodominicano.com\/index.php?rest_route=\/wp\/v2\/posts\/219048","targetHints":{"allow":["GET"]}}],"collection":[{"href":"https:\/\/diariodominicano.com\/index.php?rest_route=\/wp\/v2\/posts"}],"about":[{"href":"https:\/\/diariodominicano.com\/index.php?rest_route=\/wp\/v2\/types\/post"}],"author":[{"embeddable":true,"href":"https:\/\/diariodominicano.com\/index.php?rest_route=\/wp\/v2\/users\/3"}],"replies":[{"embeddable":true,"href":"https:\/\/diariodominicano.com\/index.php?rest_route=%2Fwp%2Fv2%2Fcomments&post=219048"}],"version-history":[{"count":0,"href":"https:\/\/diariodominicano.com\/index.php?rest_route=\/wp\/v2\/posts\/219048\/revisions"}],"wp:attachment":[{"href":"https:\/\/diariodominicano.com\/index.php?rest_route=%2Fwp%2Fv2%2Fmedia&parent=219048"}],"wp:term":[{"taxonomy":"category","embeddable":true,"href":"https:\/\/diariodominicano.com\/index.php?rest_route=%2Fwp%2Fv2%2Fcategories&post=219048"},{"taxonomy":"post_tag","embeddable":true,"href":"https:\/\/diariodominicano.com\/index.php?rest_route=%2Fwp%2Fv2%2Ftags&post=219048"}],"curies":[{"name":"wp","href":"https:\/\/api.w.org\/{rel}","templated":true}]}}