{"id":219044,"date":"2016-03-18T11:52:17","date_gmt":"2016-03-18T11:52:17","guid":{"rendered":"http:\/\/diariodominicano.ddns.net\/?p=219044"},"modified":"2016-03-18T11:52:17","modified_gmt":"2016-03-18T11:52:17","slug":"rd-juega-dinamico-rol-en-reunion-del-consejo-de-ministros-del-cariforum-en-guyana","status":"publish","type":"post","link":"https:\/\/diariodominicano.com\/?p=219044","title":{"rendered":"RD juega din\u00e1mico rol en Reuni\u00f3n del Consejo de Ministros del CARIFORUM en Guyana"},"content":{"rendered":"<p><body><\/p>\n<p><img decoding=\"async\" src=\"img3\/cari 1.jpg\" \/>  <\/p>\n<p>Georgetown, Guyana 19 marzo.- ,- Una vez m\u00e1s, Rep\u00fablica Dominicana, se hace sentir en un nuevo escenario internacional, al jugar un papel din\u00e1mico y preeminente, durante su participaci\u00f3n en la sesi\u00f3n de trabajo del XXIII Consejo de Ministros del Foro del Caribe (CARIFORUM), del grupo ACP, celebrada esta semana en el pa\u00eds caribe\u00f1o.<\/p>\n<\/p>\n<p>Dominicana, representada en esta ocasi\u00f3n por una misi\u00f3n integrada por el Embajador Antonio Vargas Hern\u00e1ndez, Ordenador Nacional de los Fondos Europeos para el Desarrollo; C\u00e9sar Dargam, Viceministro de Relaciones Exteriores; Iv\u00e1n Ogando, Asesor para el Caribe, y Lidia Encarnaci\u00f3n, desde una \u00f3ptica regional, expuso inquietudes puntuales, que merecieron el inter\u00e9s del concilio.  <\/p>\n<\/p>\n<p>La representaci\u00f3n dominicana, defendi\u00f3 la eficiencia con que los pa\u00edses de la regi\u00f3n han comprometido los recursos recibidos en el marco de la implementaci\u00f3n del 10mo Fondo Europeo de Desarrollo (FED), y presentaron varios desaf\u00edos en algunos programas definidos como prioritarios para la regi\u00f3n.<\/p>\n<\/p>\n<p>La delegaci\u00f3n abog\u00f3 porque haya un monitoreo permanente a la implementaci\u00f3n de los programas predefinidos, para garantizar una mayor celeridad en su ejecuci\u00f3n, y propuso adem\u00e1s, que desde los pa\u00edses se ofrezca apoyo pol\u00edtico, a fin de que se puedan lograr en los distintos casos, las extensiones correspondientes de dichos programas en curso, en los casos que se requiera.<\/p>\n<\/p>\n<p>Asimismo, plante\u00f3 que se deben extraer las lecciones aprendidas en el 10mo. FED, de cara al 11avo. FED, el cual dispone de 346 millones de euros para el Caribe, para el per\u00edodo 2016-2020, cuyos recursos ser\u00e1n enfocados en \u00e1reas como Integraci\u00f3n Regional;  Cambio Clim\u00e1tico, Medio Ambiente, Gesti\u00f3n de Riesgo y Energ\u00eda; y Crimen y Seguridad.En dicho c\u00f3nclave, tambi\u00e9n se discuti\u00f3 sobre los avances en la programaci\u00f3n del 11avo FED.<\/p>\n<\/p>\n<p>\u00abEstas organizaciones deben acompa\u00f1ar a esos organismos, transfiriendo conocimiento y aportando su expertis, a fin de que la regi\u00f3n no pierda apropiaci\u00f3n y las acciones puedan ser sostenibles\u00bb, precisa el documento de la comitiva dominicana.<\/p>\n<\/p>\n<p>Tambi\u00e9n, la misi\u00f3n del pa\u00eds, ponder\u00f3 el trabajo que viene realizando la Agencia Caribbean Export, en lo relativo al impulso dado a la competitividad de la regi\u00f3n con iniciativas que fomentan el comercio y la inversi\u00f3n. \u00abLa Republica Dominicana desea reiterar su apoyo a Caribbean Export a fin de que siga realizando con \u00e9xito el rol que como regi\u00f3n le hemos encomendado\u00bb.<\/p>\n<\/p>\n<p>De igual modo, resalt\u00f3 como relevante el rol que ha jugado y que debe jugar Instituto de Informaci\u00f3n y Traducci\u00f3n para la Regi\u00f3n del Caribe (CRITI), a favor de la cooperaci\u00f3n e integraci\u00f3n regional es sumamente relevante, Teniendo cuatro idiomas en la regi\u00f3n (ingl\u00e9s, franc\u00e9s, holand\u00e9s y espa\u00f1ol).<\/p>\n<\/p>\n<p>Dialogo Pol\u00edtico con la UE<\/p>\n<\/p>\n<p>Rep\u00fablica Dominicana, al sustentar en ese espacio la vocer\u00eda de la regi\u00f3n del Cariforum  a trav\u00e9s del Embajador y Ordenador Nacional, Vargas Hern\u00e1ndez, para el tema relacionado con la implementaci\u00f3n del EPA, dijo que a\u00fan se mantiene la esperanza de que se materialicen los objetivos definidos en el texto y esp\u00edritu del Acuerdo de Asociaci\u00f3n Econ\u00f3mica (EPA, por sus siglas en ingl\u00e9s).<\/p>\n<\/p>\n<p>Precis\u00f3 que ocho a\u00f1os despu\u00e9s, la regi\u00f3n conf\u00eda en que dicho acuerdo satisfaga las expectativas creadas, logrando constituirse en un verdadero instrumento para el desarrollo que estimule el comercio y la integraci\u00f3n de los pa\u00edses a la econom\u00eda global, contribuyendo a la reducci\u00f3n de la pobreza, el desarrollo sostenible y la promoci\u00f3n de la integraci\u00f3n regional como estipulan sus objetivos. <\/p>\n<\/p>\n<p>Expuso que otras regiones ACP que han suscrito EPA mucho despu\u00e9s que el CARIFORUM, han logrado condiciones m\u00e1s flexibles, y se han beneficiado del acompa\u00f1amiento de mayores recursos de cooperaci\u00f3n no reembolsable para la implementaci\u00f3n de sus compromisos y aprovechamiento de las potencialidades del importante acuerdo comercial. <\/p>\n<\/p>\n<p>Resalta el documento Pa\u00eds, que no obstante, CARIFORUM contin\u00faa teniendo altas expectativas de los EPA, y mantiene los esfuerzos necesarios para que esas expectativas se hagan realidad para propulsar un incremento en los niveles de la calidad de vida de los habitantes de la regi\u00f3n, al tiempo de se\u00f1alar que \u00abcon recursos financieros limitados, se requiere de  un apoyo significativo de la UE en ese sentido\u00bb. <\/p>\n<\/p>\n<p>\u00abEn ese orden, CARIFORUM desea convocar a nuestros socios europeos para asistir de manera decisiva en proyectos del 11o FED que se consideran cr\u00edticos para garantizar una implementaci\u00f3n eficiente y que genere beneficios equitativos para toda la regi\u00f3n, como son, apoyo institucional para las relaciones CARIFORUM-UE incluyendo la implementaci\u00f3n del EPA, y proyecto de creaci\u00f3n de capacidad integrada EPA\u00bb, expuso Vargas Hern\u00e1ndez, a nombre de la Regi\u00f3n.<\/p>\n<\/p>\n<p>Por \u00faltimo, dijo, queremos reiterar la voluntad del CARIFORUM para continuar trabajando en un mecanismo de monitoreo que defina una l\u00ednea de base sobre la cual se pueda mantener un revisi\u00f3n permanente del EPA en todos sus aspectos.<\/p>\n<\/p>\n<p>Otros temas importantes abordados en el di\u00e1logo pol\u00edtico entre el CARIFORUM y la UE, fueron: Implementaci\u00f3n de la Estrategia Conjunta CARIFORUM UE, panorama de la situaci\u00f3n econ\u00f3mica y pol\u00edtica en ambas regiones, seguridad ciudadana, gobernanza y derechos humanos, desarrollo y comercio post el Acuerdo de Cotonou, as\u00ed como otros asuntos internacionales de inter\u00e9s mutuo como es el caso de las metas de desarrollo sostenible y el cambio clim\u00e1tico.<\/p>\n<\/p>\n<p>Viernes 18 de marzo, 2016.<\/p>\n<\/p>\n<\/p>\n<p>2 archivos adjuntos <\/p>\n<\/p>\n<p>Vista previa del archivo adjunto Foto ON_Participacion_Guyana (1).jpg<\/p>\n<p>Imagen<\/p>\n<p>Foto ON_Participacion_Guyana (1).jpg<\/p>\n<p>Vista previa del archivo adjunto NOTA DE PRENSA RD juega din\u00e1mico rol en Reuni\u00f3n del Consejo de Ministros del CARIFORUM en Guyana.doc<\/p>\n<\/p>\n<p>Word<\/p>\n<p>NOTA DE PRENSA RD juega din\u00e1mico rol en Reuni\u00f3n del Consejo de Ministros del CARIFORUM en Guyana.doc<\/p>\n<h6> 2016-03-18 11:52:17 <\/h6>\n<p><!--\n<link rel=\"stylesheet\" href=\"css\/bootstrap.min.css\">\n\n\n<ul class=\"pagination\">\n\t    \n\t\n\n<li >\n\t<a href='?page_no=13404'>Previous<\/a>\n\t<\/li>\n\n\n       \n    \n\n<li><a href='?page_no=1'>1<\/a><\/li>\n\n\n\n<li><a href='?page_no=2'>2<\/a><\/li>\n\n\n\n<li><a>...<\/a><\/li>\n\n\n\n<li><a href='?page_no=13403'>13403<\/a><\/li>\n\n\n\n<li><a href='?page_no=13404'>13404<\/a><\/li>\n\n\n\n<li class='active'><a>13405<\/a><\/li>\n\n\n\n<li><a href='?page_no=13406'>13406<\/a><\/li>\n\n\n\n<li><a href='?page_no=13407'>13407<\/a><\/li>\n\n\n\n<li><a>...<\/a><\/li>\n\n\n\n<li><a href='?page_no=56169'>56169<\/a><\/li>\n\n\n\n<li><a href='?page_no=56170'>56170<\/a><\/li>\n\n    \n\t\n\n<li >\n\t<a href='?page_no=13406'>Next<\/a>\n\t<\/li>\n\n\n    \n\n<li><a href='?page_no=56170'>Last &rsaquo;&rsaquo;<\/a><\/li>\n\n<\/ul>\n\n\n--><br \/>\n<\/body><\/p>\n","protected":false},"excerpt":{"rendered":"<p>Georgetown, Guyana 19 marzo.- ,- Una vez m\u00e1s, Rep\u00fablica Dominicana, se hace sentir en un nuevo escenario internacional, al jugar un papel din\u00e1mico y preeminente, durante su participaci\u00f3n en la sesi\u00f3n de trabajo del XXIII Consejo de Ministros del Foro del Caribe (CARIFORUM), del grupo ACP, celebrada esta semana en el pa\u00eds caribe\u00f1o. Dominicana, representada [&hellip;]<\/p>\n","protected":false},"author":3,"featured_media":0,"comment_status":"open","ping_status":"open","sticky":false,"template":"","format":"standard","meta":{"footnotes":""},"categories":[20],"tags":[],"class_list":["post-219044","post","type-post","status-publish","format-standard","hentry","category-dominicana-hoy"],"_links":{"self":[{"href":"https:\/\/diariodominicano.com\/index.php?rest_route=\/wp\/v2\/posts\/219044","targetHints":{"allow":["GET"]}}],"collection":[{"href":"https:\/\/diariodominicano.com\/index.php?rest_route=\/wp\/v2\/posts"}],"about":[{"href":"https:\/\/diariodominicano.com\/index.php?rest_route=\/wp\/v2\/types\/post"}],"author":[{"embeddable":true,"href":"https:\/\/diariodominicano.com\/index.php?rest_route=\/wp\/v2\/users\/3"}],"replies":[{"embeddable":true,"href":"https:\/\/diariodominicano.com\/index.php?rest_route=%2Fwp%2Fv2%2Fcomments&post=219044"}],"version-history":[{"count":0,"href":"https:\/\/diariodominicano.com\/index.php?rest_route=\/wp\/v2\/posts\/219044\/revisions"}],"wp:attachment":[{"href":"https:\/\/diariodominicano.com\/index.php?rest_route=%2Fwp%2Fv2%2Fmedia&parent=219044"}],"wp:term":[{"taxonomy":"category","embeddable":true,"href":"https:\/\/diariodominicano.com\/index.php?rest_route=%2Fwp%2Fv2%2Fcategories&post=219044"},{"taxonomy":"post_tag","embeddable":true,"href":"https:\/\/diariodominicano.com\/index.php?rest_route=%2Fwp%2Fv2%2Ftags&post=219044"}],"curies":[{"name":"wp","href":"https:\/\/api.w.org\/{rel}","templated":true}]}}