{"id":219043,"date":"2016-03-18T12:15:20","date_gmt":"2016-03-18T12:15:20","guid":{"rendered":"http:\/\/diariodominicano.ddns.net\/?p=219043"},"modified":"2016-03-18T12:15:20","modified_gmt":"2016-03-18T12:15:20","slug":"vicepresidenta-inaugura-decimo-centro-de-salud-construido-por-gabinete-social","status":"publish","type":"post","link":"https:\/\/diariodominicano.com\/?p=219043","title":{"rendered":"Vicepresidenta inaugura d\u00e9cimo centro de salud construido por Gabinete Social"},"content":{"rendered":"<p><body><\/p>\n<p>Ban\u00ed RD 19 de marzo de 2016.- La vicepresidenta de la Rep\u00fablica, doctora Margarita Cede\u00f1o, inaugur\u00f3 en la secci\u00f3n R\u00edo Arriba de aqu\u00ed el d\u00e9cimo Centro de Primer Nivel de Atenci\u00f3n de Salud (CPN) construido por el Gabinete de Pol\u00edticas Sociales para apoyar las ejecutorias del Ministerio de Salud P\u00fablica y elevar la calidad de los servicios que recibe la poblaci\u00f3n.<\/p>\n<p>El Gabinete Social, que coordina la doctora Margarita Cede\u00f1o, est\u00e1 inmerso en la edificaci\u00f3n de 42 CPN y en la readecuaci\u00f3n de otros 112 con la colaboraci\u00f3n del Banco Interamericano de Desarrollo (BID) para aportar en la reducci\u00f3n de la brecha entre la oferta y demanda de servicios de salud.<\/p>\n<p>En el nuevo CPN residentes de esa comunidad encontrar\u00e1n los servicios contenidos en el Plan B\u00e1sico de Salud dirigidos a la disminuci\u00f3n de la mortalidad materno-infantil, la colocaci\u00f3n de inmunizaciones seg\u00fan el esquema nacional de vacunaci\u00f3n, detecci\u00f3n oportuna de casos de c\u00e1ncer de mama, c\u00e9rvico-uterino y pr\u00f3stata, entre otros.<\/p>\n<p>\u00abEste espacio que la Vicepresidenta quiere colocar en manos de todos ustedes es un espacio en donde se cambia el enfoque asistencial por un enfoque preventivo, y es aqu\u00ed donde ustedes tienen que dejarse acompa\u00f1ar por los facultativos de la salud para poder identificar cu\u00e1les son esos estilos de vida saludables y h\u00e1bitos para estar en salud\u00bb, indic\u00f3 Rosa Mar\u00eda Su\u00e1rez, directora t\u00e9cnica del Gabinete Social al participar en la actividad.<\/p>\n<p>Dijo que en estos centros se albergan unidades de atenci\u00f3n en salud compuestas por equipos comunitarios que acompa\u00f1an a la poblaci\u00f3n en la vigilancia y detecci\u00f3n de enfermedades o patolog\u00edas en la poblaci\u00f3n infantil, materno-infantil, adulta, entre otras.<\/p>\n<p>Se\u00f1al\u00f3 que con esta inauguraci\u00f3n se completan 24 centros de atenci\u00f3n primaria construidos por el Gabinete Social en la primera fase del proyecto. <\/p>\n<p>Los dem\u00e1s CPN, inaugurados desde mediados de febrero, est\u00e1n ubicados en comunidades vulnerables y apartadas de Monte Plata, Santo Domingo Este y Yamas\u00e1, con los cuales se beneficia a 55 mil personas.<\/p>\n<p>Mejorar la calidad de los servicios en salud y el acceso a los mismos en este primer nivel de atenci\u00f3n es vital para que las m\u00e1s de 800 mil familias que se benefician del programa Progresando con Solidaridad (Prosoli) puedan cumplir con sus corresponsabilidades en el \u00e1rea de la salud.<\/p>\n<p>La Vicepresidenta ha destacado que estas acciones son vitales para lograr una cobertura universal de salud, facilitar medicamentos y vacunas seguras y eficaces para todos los ciudadanos.<\/p>\n<p>Este tipo de centros permite que la poblaci\u00f3n encuentre en sus mismas comunidades respuestas a las principales necesidades de salud evit\u00e1ndoles desplazarse a los hospitales de las grandes ciudades, muchos de los cuales est\u00e1n congestionados por la gran demanda.<\/p>\n<p>Con los CPN se incrementa adem\u00e1s la calidad en la atenci\u00f3n, puesto que est\u00e1n habilitados seg\u00fan la normativa de la Direcci\u00f3n Nacional de Habilitaci\u00f3n del Ministerio de Salud P\u00fablica y dotados de todos los equipos requeridos.<\/p>\n<p>Los computadores de todos los CPN construidos por el Gabinete Social disponen de un sistema de gesti\u00f3n cl\u00ednica en el que se registra el record de los pacientes para que est\u00e9 disponible en cualquier centro de salud en el cual se atienda y de una aplicaci\u00f3n para el registro de la administraci\u00f3n de las vacunas suministradas a la poblaci\u00f3n.<\/p>\n<p>En la actividad participaron adem\u00e1s, la gobernadora de Peravia, Nelly Melo de Guerrero; La bendici\u00f3n de la instalaci\u00f3n estuvo a cargo del Padre Jos\u00e9 Evelio Familia, p\u00e1rroco de la Iglesia Nuestra Se\u00f1ora de la Altagracia.<\/p>\n<h6> 2016-03-18 12:15:20 <\/h6>\n<p><!--\n<link rel=\"stylesheet\" href=\"css\/bootstrap.min.css\">\n\n\n<ul class=\"pagination\">\n\t    \n\t\n\n<li >\n\t<a href='?page_no=13403'>Previous<\/a>\n\t<\/li>\n\n\n       \n    \n\n<li><a href='?page_no=1'>1<\/a><\/li>\n\n\n\n<li><a href='?page_no=2'>2<\/a><\/li>\n\n\n\n<li><a>...<\/a><\/li>\n\n\n\n<li><a href='?page_no=13402'>13402<\/a><\/li>\n\n\n\n<li><a href='?page_no=13403'>13403<\/a><\/li>\n\n\n\n<li class='active'><a>13404<\/a><\/li>\n\n\n\n<li><a href='?page_no=13405'>13405<\/a><\/li>\n\n\n\n<li><a href='?page_no=13406'>13406<\/a><\/li>\n\n\n\n<li><a>...<\/a><\/li>\n\n\n\n<li><a href='?page_no=56169'>56169<\/a><\/li>\n\n\n\n<li><a href='?page_no=56170'>56170<\/a><\/li>\n\n    \n\t\n\n<li >\n\t<a href='?page_no=13405'>Next<\/a>\n\t<\/li>\n\n\n    \n\n<li><a href='?page_no=56170'>Last &rsaquo;&rsaquo;<\/a><\/li>\n\n<\/ul>\n\n\n--><br \/>\n<\/body><\/p>\n","protected":false},"excerpt":{"rendered":"<p>Ban\u00ed RD 19 de marzo de 2016.- La vicepresidenta de la Rep\u00fablica, doctora Margarita Cede\u00f1o, inaugur\u00f3 en la secci\u00f3n R\u00edo Arriba de aqu\u00ed el d\u00e9cimo Centro de Primer Nivel de Atenci\u00f3n de Salud (CPN) construido por el Gabinete de Pol\u00edticas Sociales para apoyar las ejecutorias del Ministerio de Salud P\u00fablica y elevar la calidad de [&hellip;]<\/p>\n","protected":false},"author":3,"featured_media":0,"comment_status":"open","ping_status":"open","sticky":false,"template":"","format":"standard","meta":{"footnotes":""},"categories":[20],"tags":[],"class_list":["post-219043","post","type-post","status-publish","format-standard","hentry","category-dominicana-hoy"],"_links":{"self":[{"href":"https:\/\/diariodominicano.com\/index.php?rest_route=\/wp\/v2\/posts\/219043","targetHints":{"allow":["GET"]}}],"collection":[{"href":"https:\/\/diariodominicano.com\/index.php?rest_route=\/wp\/v2\/posts"}],"about":[{"href":"https:\/\/diariodominicano.com\/index.php?rest_route=\/wp\/v2\/types\/post"}],"author":[{"embeddable":true,"href":"https:\/\/diariodominicano.com\/index.php?rest_route=\/wp\/v2\/users\/3"}],"replies":[{"embeddable":true,"href":"https:\/\/diariodominicano.com\/index.php?rest_route=%2Fwp%2Fv2%2Fcomments&post=219043"}],"version-history":[{"count":0,"href":"https:\/\/diariodominicano.com\/index.php?rest_route=\/wp\/v2\/posts\/219043\/revisions"}],"wp:attachment":[{"href":"https:\/\/diariodominicano.com\/index.php?rest_route=%2Fwp%2Fv2%2Fmedia&parent=219043"}],"wp:term":[{"taxonomy":"category","embeddable":true,"href":"https:\/\/diariodominicano.com\/index.php?rest_route=%2Fwp%2Fv2%2Fcategories&post=219043"},{"taxonomy":"post_tag","embeddable":true,"href":"https:\/\/diariodominicano.com\/index.php?rest_route=%2Fwp%2Fv2%2Ftags&post=219043"}],"curies":[{"name":"wp","href":"https:\/\/api.w.org\/{rel}","templated":true}]}}