{"id":219040,"date":"2016-03-19T00:48:34","date_gmt":"2016-03-19T00:48:34","guid":{"rendered":"http:\/\/diariodominicano.ddns.net\/?p=219040"},"modified":"2016-03-19T00:48:34","modified_gmt":"2016-03-19T00:48:34","slug":"capacitan-familias-de-ninos-especiales-para-que-les-den-terapias-en-el-hogar","status":"publish","type":"post","link":"https:\/\/diariodominicano.com\/?p=219040","title":{"rendered":"Capacitan familias de ni\u00f1os especiales para que les den terapias en el hogar"},"content":{"rendered":"<p><body><\/p>\n<p><img decoding=\"async\" src=\"img3\/Caid7_c.jpg\" \/>  <\/p>\n<p><span class=\"text1noticias\">Santo Domingo, R. D., 19 de marzo (DICOM).- El Centro de Atenci\u00f3n Integral para la Discapacidad (CAID), entren\u00f3 en terapia f\u00edsica a decenas de familias de ni\u00f1os especiales para que puedan actuar de forma efectiva en su hogar.<\/span><\/p>\n<p><span class=\"text1noticias\"> <\/span><\/p>\n<p><span class=\"text1noticias\">Con esta t\u00e9cnica, el Despacho de la Primera Dama busca el continuo desarrollo de las habilidades en los ni\u00f1os y ni\u00f1as, con diagn\u00f3stico de S\u00edndrome de Down.<\/span><\/p>\n<p><span class=\"text1noticias\"> <\/span><\/p>\n<p><span class=\"text1noticias\">Adem\u00e1s, es una estrategia alterna de intervenci\u00f3n que se desarrollar\u00e1 en varias fases, en la que se trabajar\u00e1 con las familias de los ni\u00f1os especiales en edades de 3 a 10 a\u00f1os de edad.<\/span><\/p>\n<p><span class=\"text1noticias\"> <\/span><\/p>\n<p><span class=\"text1noticias\">Ejercicios y juegos<\/span><\/p>\n<p><span class=\"text1noticias\"> <\/span><\/p>\n<p><span class=\"text1noticias\">En la actividad participaron especialistas de diferentes \u00e1reas de la salud, que mostraron variados ejercicios y juegos f\u00e1ciles de realizar a los padres, con el prop\u00f3sito de que sus ni\u00f1os puedan mantenerse de forma activa.<\/span><\/p>\n<p><span class=\"text1noticias\"> <\/span><\/p>\n<p><span class=\"text1noticias\">Tambi\u00e9n, se realiz\u00f3 una presentaci\u00f3n din\u00e1mica, con informaci\u00f3n sobre la importancia de continuar el trabajo en casa, los cuidados odontol\u00f3gicos y la nutrici\u00f3n de los ni\u00f1os especiales.<\/span><\/p>\n<p><span class=\"text1noticias\"> <\/span><\/p>\n<p><span class=\"text1noticias\">Adem\u00e1s, los padres recibieron orientaci\u00f3n en torno a otras instituciones que pueden ser utilizadas por sus hijos para continuar con su desarrollo y sobre programas educativos y deportivos en sus comunidades.<\/span><\/p>\n<p><span class=\"text1noticias\"> <\/span><\/p>\n<p><span class=\"text1noticias\">La casa y el entorno son instrumentos estimuladores<\/span><\/p>\n<p><span class=\"text1noticias\"> <\/span><\/p>\n<p><span class=\"text1noticias\">La doctora Demetrio Rosario Manzano, del CAID,  explic\u00f3 que en el centro se trabaja con pacientes con condiciones que son permanentes, que no tienen una cura y por lo tanto, se le ense\u00f1a a la familia a c\u00f3mo obtener provecho en su hogar.<\/span><\/p>\n<p><span class=\"text1noticias\"> <\/span><\/p>\n<p><span class=\"text1noticias\">Dijo que los ni\u00f1os viven con sus familias donde pasan la mayor parte del tiempo y que la misma, debe de ser entrenada para manejar a sus hijos especiales desde todos los puntos de vista, no s\u00f3lo en el \u00e1rea f\u00edsica, sino tambi\u00e9n en la vida diaria y en la conducta.<\/span><\/p>\n<p><span class=\"text1noticias\"> <\/span><\/p>\n<p><span class=\"text1noticias\">La especialista expres\u00f3 que el S\u00edndrome de Down es una condici\u00f3n gen\u00e9tica que el paciente permanece con ella y que lo que se debe hacer es brindar est\u00edmulo para que los ni\u00f1os sean independientes.<\/span><\/p>\n<p><span class=\"text1noticias\"> <\/span><\/p>\n<p><span class=\"text1noticias\">\u00abLa casa y el entono tienen que ser un instrumento estimulador con los elementos que se tienen\u00bb, sostuvo Manzano al hablar a las familias.<\/span><\/p>\n<p><span class=\"text1noticias\"> <\/span><\/p>\n<p><span class=\"text1noticias\">Cari\u00f1o y chequeos m\u00e9dicos<\/span><\/p>\n<p><span class=\"text1noticias\"> <\/span><\/p>\n<p><span class=\"text1noticias\">Con esta capacitaci\u00f3n las familias pueden brindar asistencia terap\u00e9utica en sus casas a sus hijos, ante la discapacidad que uno de sus miembros pueda tener.<\/span><\/p>\n<p><span class=\"text1noticias\"> <\/span><\/p>\n<p><span class=\"text1noticias\">La profesional de la salud manifest\u00f3 que es importante que los padres puedan tomar en cuenta la demostraci\u00f3n de cari\u00f1o, intervenci\u00f3n temprana, chequeos m\u00e9dicos, escolarizaci\u00f3n temprana y actividades f\u00edsicas, entre otras.<\/span><\/p>\n<p><span class=\"text1noticias\"> <\/span><\/p>\n<p><span class=\"text1noticias\">Indic\u00f3 que la meta de todo tratamiento es mejorar las actividades funcionales, siendo necesario que los padres est\u00e9n relacionados con las actividades diarias y asesorados por el equipo se profesionales que atiende el ni\u00f1o.<\/span><\/p>\n<p><span class=\"text1noticias\"> <\/span><\/p>\n<p><span class=\"text1noticias\">Agradece al CAID<\/span><\/p>\n<p><span class=\"text1noticias\"> <\/span><\/p>\n<p><span class=\"text1noticias\">Zoila V\u00e1squez, madre de uno de los ni\u00f1os especiales, agradeci\u00f3 al CAID por la oportunidad que esa instituci\u00f3n brinda a las familias de ingresar al centro y de poder recibir ese importan<\/span>te entrenamiento.<\/p>\n<h6> 2016-03-19 00:48:34 <\/h6>\n<p><!--\n<link rel=\"stylesheet\" href=\"css\/bootstrap.min.css\">\n\n\n<ul class=\"pagination\">\n\t    \n\t\n\n<li >\n\t<a href='?page_no=13400'>Previous<\/a>\n\t<\/li>\n\n\n       \n    \n\n<li><a href='?page_no=1'>1<\/a><\/li>\n\n\n\n<li><a href='?page_no=2'>2<\/a><\/li>\n\n\n\n<li><a>...<\/a><\/li>\n\n\n\n<li><a href='?page_no=13399'>13399<\/a><\/li>\n\n\n\n<li><a href='?page_no=13400'>13400<\/a><\/li>\n\n\n\n<li class='active'><a>13401<\/a><\/li>\n\n\n\n<li><a href='?page_no=13402'>13402<\/a><\/li>\n\n\n\n<li><a href='?page_no=13403'>13403<\/a><\/li>\n\n\n\n<li><a>...<\/a><\/li>\n\n\n\n<li><a href='?page_no=56169'>56169<\/a><\/li>\n\n\n\n<li><a href='?page_no=56170'>56170<\/a><\/li>\n\n    \n\t\n\n<li >\n\t<a href='?page_no=13402'>Next<\/a>\n\t<\/li>\n\n\n    \n\n<li><a href='?page_no=56170'>Last &rsaquo;&rsaquo;<\/a><\/li>\n\n<\/ul>\n\n\n--><br \/>\n<\/body><\/p>\n","protected":false},"excerpt":{"rendered":"<p>Santo Domingo, R. D., 19 de marzo (DICOM).- El Centro de Atenci\u00f3n Integral para la Discapacidad (CAID), entren\u00f3 en terapia f\u00edsica a decenas de familias de ni\u00f1os especiales para que puedan actuar de forma efectiva en su hogar. Con esta t\u00e9cnica, el Despacho de la Primera Dama busca el continuo desarrollo de las habilidades en [&hellip;]<\/p>\n","protected":false},"author":3,"featured_media":0,"comment_status":"open","ping_status":"open","sticky":false,"template":"","format":"standard","meta":{"footnotes":""},"categories":[20],"tags":[],"class_list":["post-219040","post","type-post","status-publish","format-standard","hentry","category-dominicana-hoy"],"_links":{"self":[{"href":"https:\/\/diariodominicano.com\/index.php?rest_route=\/wp\/v2\/posts\/219040","targetHints":{"allow":["GET"]}}],"collection":[{"href":"https:\/\/diariodominicano.com\/index.php?rest_route=\/wp\/v2\/posts"}],"about":[{"href":"https:\/\/diariodominicano.com\/index.php?rest_route=\/wp\/v2\/types\/post"}],"author":[{"embeddable":true,"href":"https:\/\/diariodominicano.com\/index.php?rest_route=\/wp\/v2\/users\/3"}],"replies":[{"embeddable":true,"href":"https:\/\/diariodominicano.com\/index.php?rest_route=%2Fwp%2Fv2%2Fcomments&post=219040"}],"version-history":[{"count":0,"href":"https:\/\/diariodominicano.com\/index.php?rest_route=\/wp\/v2\/posts\/219040\/revisions"}],"wp:attachment":[{"href":"https:\/\/diariodominicano.com\/index.php?rest_route=%2Fwp%2Fv2%2Fmedia&parent=219040"}],"wp:term":[{"taxonomy":"category","embeddable":true,"href":"https:\/\/diariodominicano.com\/index.php?rest_route=%2Fwp%2Fv2%2Fcategories&post=219040"},{"taxonomy":"post_tag","embeddable":true,"href":"https:\/\/diariodominicano.com\/index.php?rest_route=%2Fwp%2Fv2%2Ftags&post=219040"}],"curies":[{"name":"wp","href":"https:\/\/api.w.org\/{rel}","templated":true}]}}