{"id":219035,"date":"2016-03-19T09:38:46","date_gmt":"2016-03-19T09:38:46","guid":{"rendered":"http:\/\/diariodominicano.ddns.net\/?p=219035"},"modified":"2016-03-19T09:38:46","modified_gmt":"2016-03-19T09:38:46","slug":"con-quisqueya-somos-todos-gobierno-fortalece-asociaciones-y-cooperativas","status":"publish","type":"post","link":"https:\/\/diariodominicano.com\/?p=219035","title":{"rendered":"Con \u00abQuisqueya Somos Todos\u00bb, Gobierno fortalece asociaciones y cooperativas"},"content":{"rendered":"<p><body><\/p>\n<p>Santo Domingo RD 19 marzo (DICOM).- A partir de la implementaci\u00f3n del Plan Nacional de Desarrollo Integral Local \u00abQuisqueya Somos Todos\u00bb, se han fortalecido las econom\u00edas asociativa y cooperativa.<\/p>\n<\/p>\n<p>El dato fue ofrecido por el director general de Programas Especiales de la Presidencia, Lidio Cadet, durante el s\u00e9ptimo encuentro de rendici\u00f3n de cuentas ampliada, organizado por la Direcci\u00f3n General de Comunicaci\u00f3n de la Presidencia (DICOM) y que tuvo lugar en el sal\u00f3n Orlando Mart\u00ednez del Palacio Nacional.<\/p>\n<\/p>\n<p><strong>Mejores condiciones de vida de la gente y bienestar a las comunidades<\/strong><\/p>\n<p>Cadet sostuvo que a trav\u00e9s del referido programa, el Gobierno ha logrado mejorar las condiciones de vida de la gente y llevar bienestar a las comunidades, apoyando m\u00faltiples iniciativas productivas, entre las que cit\u00f3 cadenas de producci\u00f3n de leche, cacao, ca\u00f1a de az\u00facar y carne.<\/p>\n<\/p>\n<p>Igualmente, explic\u00f3 c\u00f3mo la solidaridad del Gobierno ayud\u00f3 a la formaci\u00f3n y consolidaci\u00f3n de dos cooperativas el\u00e9ctricas en Santiago; tres en la cuenca de los r\u00edos Ozama e Isabela; as\u00ed como siete agropecuarias, dos textiles y una de artesanos, en la sub-regi\u00f3n Enriquillo.<\/p>\n<\/p>\n<p><strong>Suplidores alimentaci\u00f3n escolar<\/strong><\/p>\n<p>Lidio Cadet resalt\u00f3 la firma de un acuerdo con el Instituto Nacional de Bienestar Estudiantil (INABIE), a los fines de facilitar la inserci\u00f3n de actores asociativos agropecuarios locales como suplidores de alimentaci\u00f3n escolar.<\/p>\n<p><strong> <\/strong><\/p>\n<p><strong>Gesti\u00f3n sostenible del h\u00e1bitat<\/strong><\/p>\n<p>Se\u00f1al\u00f3, adem\u00e1s, que se han promovido y coordinado iniciativas de gesti\u00f3n sostenible del h\u00e1bitat, tales como el Plan Maestro de Saneamiento Ambiental y Desarrollo Local Integral de la Cuenca de los R\u00edos Ozama e Isabela.<\/p>\n<\/p>\n<p>En ese sentido, destac\u00f3 los logros obtenidos con la implementaci\u00f3n del referido plan, entre los que se destacan el saneamiento de las ca\u00f1adas Bonavides y El Arrozal de La Ci\u00e9naga; incluyendo la reparaci\u00f3n de las viviendas circundantes, construcci\u00f3n de una escuela t\u00e9cnico vocacional, liceo y de estancias infantiles.<\/p>\n<\/p>\n<p>Tasa de analfabetismo baja de 14% a 7%<\/p>\n<p>Al referirse al Plan Nacional de Alfabetizaci\u00f3n \u00abQuisqueya Aprende Contigo\u00bb, precis\u00f3 que 561,619 personas aprendieron a leer y escribir, lo que ha resultado en una disminuci\u00f3n de la tasa de analfabetismo desde 14% en el 2012 a 7% a finales de 2015.<\/p>\n<\/p>\n<p>Lidio Cadet inform\u00f3, asimismo, que el n\u00famero de personas inscritas asciende a 970,203, equivalente al 99.8% de la meta final establecida.<\/p>\n<\/p>\n<p><strong>Avanzamos hacia la superaci\u00f3n del analfabetismo<\/strong><\/p>\n<p>Expres\u00f3 que la Rep\u00fablica Dominicana avanza con seguridad hacia la meta de alcanzar la tasa de un 5% de analfabetismo, que es el umbral establecido internacionalmente para su superaci\u00f3n.<\/p>\n<\/p>\n<p>Precis\u00f3 que al pa\u00eds apenas le falta un 2% para lograr la meta, mientras el Gobierno se est\u00e1 asegurando de ofrecer a cada ciudadano y ciudadana que no sepa leer y escribir la oportunidad de alfabetizarse, por lo que pronto todo el pueblo podr\u00e1 celebrar con gozo el haber superado esa deuda social acumulada.<\/p>\n<\/p>\n<p><strong>El amor es perenne<\/strong><\/p>\n<p>\u00abCuando un Gobierno trabaja sobre la base del amor, le da perennidad a lo que hace. En el caso del presidente de la Rep\u00fablica, s\u00e9 que brota de su coraz\u00f3n servir a los dem\u00e1s, \u00e9l est\u00e1 inspirando, es algo contagioso\u00bb, dijo.<\/p>\n<\/p>\n<p>M\u00e1s de 50 mil alfabetizadores voluntarios<\/p>\n<p>Asimismo, ponder\u00f3 la labor realizada por 58,077 alfabetizadores voluntarios, en 101,981 n\u00facleos de aprendizaje, que han hecho posible la obra de amor al pr\u00f3jimo llevada a cabo por el Gobierno del presidente Danilo Medina.<\/p>\n<\/p>\n<p><strong>Educaci\u00f3n continua<\/strong><\/p>\n<p>Respecto a la educaci\u00f3n continua de los beneficiarios de Quisqueya Aprende Contigo, afirm\u00f3 que, de acuerdo a la encuesta ENHOGAR 2015, alrededor de 75 mil participantes han tomado cursos de formaci\u00f3n t\u00e9cnico-profesional o se encuentran cursando el primer ciclo de b\u00e1sica.<\/p>\n<h6> 2016-03-19 09:38:46 <\/h6>\n<p><!--\n<link rel=\"stylesheet\" href=\"css\/bootstrap.min.css\">\n\n\n<ul class=\"pagination\">\n\t    \n\t\n\n<li >\n\t<a href='?page_no=13397'>Previous<\/a>\n\t<\/li>\n\n\n       \n    \n\n<li><a href='?page_no=1'>1<\/a><\/li>\n\n\n\n<li><a href='?page_no=2'>2<\/a><\/li>\n\n\n\n<li><a>...<\/a><\/li>\n\n\n\n<li><a href='?page_no=13396'>13396<\/a><\/li>\n\n\n\n<li><a href='?page_no=13397'>13397<\/a><\/li>\n\n\n\n<li class='active'><a>13398<\/a><\/li>\n\n\n\n<li><a href='?page_no=13399'>13399<\/a><\/li>\n\n\n\n<li><a href='?page_no=13400'>13400<\/a><\/li>\n\n\n\n<li><a>...<\/a><\/li>\n\n\n\n<li><a href='?page_no=56169'>56169<\/a><\/li>\n\n\n\n<li><a href='?page_no=56170'>56170<\/a><\/li>\n\n    \n\t\n\n<li >\n\t<a href='?page_no=13399'>Next<\/a>\n\t<\/li>\n\n\n    \n\n<li><a href='?page_no=56170'>Last &rsaquo;&rsaquo;<\/a><\/li>\n\n<\/ul>\n\n\n--><br \/>\n<\/body><\/p>\n","protected":false},"excerpt":{"rendered":"<p>Santo Domingo RD 19 marzo (DICOM).- A partir de la implementaci\u00f3n del Plan Nacional de Desarrollo Integral Local \u00abQuisqueya Somos Todos\u00bb, se han fortalecido las econom\u00edas asociativa y cooperativa. El dato fue ofrecido por el director general de Programas Especiales de la Presidencia, Lidio Cadet, durante el s\u00e9ptimo encuentro de rendici\u00f3n de cuentas ampliada, organizado [&hellip;]<\/p>\n","protected":false},"author":3,"featured_media":0,"comment_status":"open","ping_status":"open","sticky":false,"template":"","format":"standard","meta":{"footnotes":""},"categories":[20],"tags":[],"class_list":["post-219035","post","type-post","status-publish","format-standard","hentry","category-dominicana-hoy"],"_links":{"self":[{"href":"https:\/\/diariodominicano.com\/index.php?rest_route=\/wp\/v2\/posts\/219035","targetHints":{"allow":["GET"]}}],"collection":[{"href":"https:\/\/diariodominicano.com\/index.php?rest_route=\/wp\/v2\/posts"}],"about":[{"href":"https:\/\/diariodominicano.com\/index.php?rest_route=\/wp\/v2\/types\/post"}],"author":[{"embeddable":true,"href":"https:\/\/diariodominicano.com\/index.php?rest_route=\/wp\/v2\/users\/3"}],"replies":[{"embeddable":true,"href":"https:\/\/diariodominicano.com\/index.php?rest_route=%2Fwp%2Fv2%2Fcomments&post=219035"}],"version-history":[{"count":0,"href":"https:\/\/diariodominicano.com\/index.php?rest_route=\/wp\/v2\/posts\/219035\/revisions"}],"wp:attachment":[{"href":"https:\/\/diariodominicano.com\/index.php?rest_route=%2Fwp%2Fv2%2Fmedia&parent=219035"}],"wp:term":[{"taxonomy":"category","embeddable":true,"href":"https:\/\/diariodominicano.com\/index.php?rest_route=%2Fwp%2Fv2%2Fcategories&post=219035"},{"taxonomy":"post_tag","embeddable":true,"href":"https:\/\/diariodominicano.com\/index.php?rest_route=%2Fwp%2Fv2%2Ftags&post=219035"}],"curies":[{"name":"wp","href":"https:\/\/api.w.org\/{rel}","templated":true}]}}