{"id":219034,"date":"2016-03-19T10:25:18","date_gmt":"2016-03-19T10:25:18","guid":{"rendered":"http:\/\/diariodominicano.ddns.net\/?p=219034"},"modified":"2016-03-19T10:25:18","modified_gmt":"2016-03-19T10:25:18","slug":"con-la-procesion-de-domingo-de-ramos-obispado-puerto-plata-da-a-conocer-programa-religioso","status":"publish","type":"post","link":"https:\/\/diariodominicano.com\/?p=219034","title":{"rendered":"Con La Procesi\u00f3n De Domingo De Ramos Obispado Puerto Plata Da A Conocer Programa Religioso"},"content":{"rendered":"<p><body><\/p>\n<p><img decoding=\"async\" src=\"img3\/procesion 1.jpg\" \/>  <\/p>\n<p>Puerto Plata RD 19 marzo (Por: Juan Jos\u00e9 Morrobel Sandoval.):-Con la procesi\u00f3n de domingo de Ramos el pr\u00f3ximo domingo 20 de marzo, se le da inicio a la programaci\u00f3n de todas las actividades religiosas, programada por la Di\u00f3cesis de esta ciudad que preside monse\u00f1or Julio Cesar Corniel Amado, en ocasi\u00f3n de celebrarse la Semana Mayor (Semana Santa), dicha procesi\u00f3n inicia a partir de las 4 de la tarde, desde la parroquia Perpetuo Socorro del Ensanche Miramar hasta la Catedral San Felipe Apostol.<\/p>\n<\/p>\n<p>Seg\u00fan dio a conocer el Obispo de la Di\u00f3cesis P\/p Gaspar Hern\u00e1ndez Julio Cesar, informo que para el mi\u00e9rcoles Santo 23 a partir de las 6 de la tarde, se realiza el V\u00eda crucis que iniciara desde la avenida Presidente Caama\u00f1o hasta la Catedral, para el Jueves Santo a las 9 de la ma\u00f1ana en la Catedral Misa Crismal, mientras que el mismo jueves a partir de las 7 de la noche la Misa de la Cena del Se\u00f1or en la Catedral Misa de la Cena del Se\u00f1or.<\/p>\n<\/p>\n<p>El Viernes Santo las 7 palabras a las 1 de la tarde y 3 de la tarde en la Catedral San Felipe Ap\u00f3stol, para el s\u00e1bado Santo la Vigilia Pascual iniciado desde la 7 de la ma\u00f1ana.<\/p>\n<\/p>\n<p>La crucifixi\u00f3n es tal vez la m\u00e1s humillante y dolorosa forma de ejecuci\u00f3n jam\u00e1s encontrada, y sin embargo Jes\u00fas no ofreci\u00f3 resistencia ni manifest\u00f3 resentimiento, incluso or\u00f3 por los responsables de su muerte (Lucas 23:34). <\/p>\n<\/p>\n<p>Su oraci\u00f3n no obtuvo autom\u00e1ticamente perd\u00f3n personal para sus enemigos, pero si contuvo la ira de Dios por casi cuarenta a\u00f1os, d\u00e1ndole as\u00ed tiempo a la naci\u00f3n para que se arrepintiera. <\/p>\n<\/p>\n<p>Es triste, pero no recibieron la Palabra y hasta cometieron otro asesinato cuando apedrearon a Esteban (Hechos 7:59).<\/p>\n<\/p>\n<h6> 2016-03-19 10:25:18 <\/h6>\n<p><!--\n<link rel=\"stylesheet\" href=\"css\/bootstrap.min.css\">\n\n\n<ul class=\"pagination\">\n\t    \n\t\n\n<li >\n\t<a href='?page_no=13396'>Previous<\/a>\n\t<\/li>\n\n\n       \n    \n\n<li><a href='?page_no=1'>1<\/a><\/li>\n\n\n\n<li><a href='?page_no=2'>2<\/a><\/li>\n\n\n\n<li><a>...<\/a><\/li>\n\n\n\n<li><a href='?page_no=13395'>13395<\/a><\/li>\n\n\n\n<li><a href='?page_no=13396'>13396<\/a><\/li>\n\n\n\n<li class='active'><a>13397<\/a><\/li>\n\n\n\n<li><a href='?page_no=13398'>13398<\/a><\/li>\n\n\n\n<li><a href='?page_no=13399'>13399<\/a><\/li>\n\n\n\n<li><a>...<\/a><\/li>\n\n\n\n<li><a href='?page_no=56169'>56169<\/a><\/li>\n\n\n\n<li><a href='?page_no=56170'>56170<\/a><\/li>\n\n    \n\t\n\n<li >\n\t<a href='?page_no=13398'>Next<\/a>\n\t<\/li>\n\n\n    \n\n<li><a href='?page_no=56170'>Last &rsaquo;&rsaquo;<\/a><\/li>\n\n<\/ul>\n\n\n--><br \/>\n<\/body><\/p>\n","protected":false},"excerpt":{"rendered":"<p>Puerto Plata RD 19 marzo (Por: Juan Jos\u00e9 Morrobel Sandoval.):-Con la procesi\u00f3n de domingo de Ramos el pr\u00f3ximo domingo 20 de marzo, se le da inicio a la programaci\u00f3n de todas las actividades religiosas, programada por la Di\u00f3cesis de esta ciudad que preside monse\u00f1or Julio Cesar Corniel Amado, en ocasi\u00f3n de celebrarse la Semana Mayor [&hellip;]<\/p>\n","protected":false},"author":3,"featured_media":0,"comment_status":"open","ping_status":"open","sticky":false,"template":"","format":"standard","meta":{"footnotes":""},"categories":[20],"tags":[],"class_list":["post-219034","post","type-post","status-publish","format-standard","hentry","category-dominicana-hoy"],"_links":{"self":[{"href":"https:\/\/diariodominicano.com\/index.php?rest_route=\/wp\/v2\/posts\/219034","targetHints":{"allow":["GET"]}}],"collection":[{"href":"https:\/\/diariodominicano.com\/index.php?rest_route=\/wp\/v2\/posts"}],"about":[{"href":"https:\/\/diariodominicano.com\/index.php?rest_route=\/wp\/v2\/types\/post"}],"author":[{"embeddable":true,"href":"https:\/\/diariodominicano.com\/index.php?rest_route=\/wp\/v2\/users\/3"}],"replies":[{"embeddable":true,"href":"https:\/\/diariodominicano.com\/index.php?rest_route=%2Fwp%2Fv2%2Fcomments&post=219034"}],"version-history":[{"count":0,"href":"https:\/\/diariodominicano.com\/index.php?rest_route=\/wp\/v2\/posts\/219034\/revisions"}],"wp:attachment":[{"href":"https:\/\/diariodominicano.com\/index.php?rest_route=%2Fwp%2Fv2%2Fmedia&parent=219034"}],"wp:term":[{"taxonomy":"category","embeddable":true,"href":"https:\/\/diariodominicano.com\/index.php?rest_route=%2Fwp%2Fv2%2Fcategories&post=219034"},{"taxonomy":"post_tag","embeddable":true,"href":"https:\/\/diariodominicano.com\/index.php?rest_route=%2Fwp%2Fv2%2Ftags&post=219034"}],"curies":[{"name":"wp","href":"https:\/\/api.w.org\/{rel}","templated":true}]}}