{"id":219032,"date":"2016-03-19T21:23:36","date_gmt":"2016-03-19T21:23:36","guid":{"rendered":"http:\/\/diariodominicano.ddns.net\/?p=219032"},"modified":"2016-03-19T21:23:36","modified_gmt":"2016-03-19T21:23:36","slug":"rector-afirma-la-uasd-sigue-siendo-la-conciencia-critica-de-rd","status":"publish","type":"post","link":"https:\/\/diariodominicano.com\/?p=219032","title":{"rendered":"Rector afirma la UASD sigue siendo la conciencia cr\u00edtica de RD"},"content":{"rendered":"<p><body><\/p>\n<p><img decoding=\"async\" src=\"img3\/IMG_5109-2 copia.jpg\" \/><br \/><img decoding=\"async\" src=\"img3\/IMG_5088 copia.jpg\" \/><br \/><img decoding=\"async\" src=\"img3\/IMG_5060 copia.jpg\" \/>  <\/p>\n<p><strong><span class=\"text1noticias\">El rector de la UASD, doctor Iv\u00e0n Grull\u00f2n Fern\u00e1ndez entrega el titulo a Yvely Yannel Ledesma Duval, de la carrera de Contabilidad en la Facultad de Ciencias Econ\u00f3micas y Sociales, quien logr\u00f3 un promedio general de 92.5.<\/span><\/strong><\/p>\n<\/p>\n<p><strong><span class=\"text1noticias\">BARAHONA, RD, 19 de Marzo de 2016.-<\/span><\/strong><span class=\"text1noticias\"> El rector de la Universidad Aut\u00f3noma de Santo Domingo (UASD), Iv\u00e1n Grull\u00f3n Fern\u00e1ndez, afirm\u00f3 este s\u00e1bado aqu\u00ed que esa academia sigue siendo la conciencia cr\u00edtica de Rep\u00fablica Dominicana. <\/span><\/p>\n<\/p>\n<p><strong><span class=\"text1noticias\">El director del Centro UASD-Barahona, maestro Priamo Rivas Batista.<\/span><\/strong><\/p>\n<\/p>\n<p><span class=\"text1noticias\">Dijo que la instituci\u00f3n educativa cumple al pie de la letra su misi\u00f3n esencial de formar profesionales calificados y con las debidas competencias para contribuir al progreso del pa\u00eds. <\/span><\/p>\n<\/p>\n<p><span class=\"text1noticias\">Hizo su afirmaci\u00f3n al pronunciar  el discurso central del acto de investidura celebrado en esta ciudad, donde la academia entreg\u00f3 419 profesionales de Grado y 27 de Postgrado.<\/span><\/p>\n<\/p>\n<p><span class=\"text1noticias\">Antes de hacer su exposici\u00f3n, Grull\u00f3n Fern\u00e1ndez pidi\u00f3 que los presentes honraran con un minuto de silencio las memorias del fenecido pasado rector, maestro Mateo Aquino Febrillet, y de la tambi\u00e9n docente Alejandrina Luciano Salda\u00f1a, antigua directora del subcentro de Neyba.<\/span><\/p>\n<\/p>\n<p><span class=\"text1noticias\">Dijo que la investidura de esos nuevos profesionales constituye un importante aporte de la familia uasdiana al desarrollo humano de esta provincia y la Regi\u00f3n Sur.<\/span><\/p>\n<\/p>\n<p><strong><span class=\"text1noticias\">Parte de los investidos.<\/span><\/strong><\/p>\n<p><strong> <\/strong><\/p>\n<p><span class=\"text1noticias\">Expres\u00f3 que a pesar de las carencias y los d\u00e9ficits con que se maneja la instituci\u00f3n desde hace a\u00f1os, sigue llevando a cabo actos como el celebrado en esta ciudad.<\/span><\/p>\n<\/p>\n<p><span class=\"text1noticias\">Signific\u00f3 que la Universidad Aut\u00f3noma de Santo Domingo sigue siendo como la conciencia cr\u00edtica de la patria, a pesar de la incomprensi\u00f3n y las discrepancias de los intereses creados de los que habl\u00f3 Jacinto Benavente.<\/span><\/p>\n<\/p>\n<p><span class=\"text1noticias\">Grull\u00f3n Fern\u00e1ndez manifest\u00f3 que los 446 t\u00edtulados han logrado graduarse para asumir el rol de promotores de un cambio que asegure el avance, el crecimiento y el desarrollo con inclusi\u00f3n social.<\/span><\/p>\n<\/p>\n<p><span class=\"text1noticias\">Destac\u00f3 que la provincia de Barahona celebra con j\u00fabilo la investidura de sus mejores hijos en una fecha marcada en los anales de la historia dominicana por haberse librado en Azua, un d\u00eda como \u00e9ste, pero en 1844, la primera de las dos batallas con que se consolid\u00f3 el proyecto patri\u00f3tico de la Independencia Nacional.<\/span><\/p>\n<\/p>\n<p><span class=\"text1noticias\">En la actividad, las autoridades universitarias entregaron sus t\u00edtulos a 268 profesores egresados de la Facultad de Ciencias de la Educaci\u00f3n y que alcanzaron licenciaturas con menciones en filosof\u00eda y letras, ciencias sociales, matem\u00e1ticas, biolog\u00eda y qu\u00edmica y orientaci\u00f3n acad\u00e9mica.<\/span><\/p>\n<\/p>\n<p><span class=\"text1noticias\">Tambi\u00e9n hubo en educaci\u00f3n inicial, b\u00e1sica, bibliotecolog\u00eda y certificados de estudios superiores en educaci\u00f3n b\u00e1sica.<\/span><\/p>\n<\/p>\n<p><span class=\"text1noticias\">De igual modo, la Facultad de Ciencias Jur\u00eddicas y Pol\u00edticas invisti\u00f3 a 50 nuevos abogados.<\/span><\/p>\n<\/p>\n<p><span class=\"text1noticias\">La de Ciencias de la Salud tuvo en su haber 41 licenciados en enfermer\u00eda; 22 en bioan\u00e1lisis y un doctor en medicina.<\/span><\/p>\n<\/p>\n<p><span class=\"text1noticias\">Los presentes pudieron tambi\u00e9n presenciar la graduaci\u00f3n de 27 licenciados  en contabilidad y dos como administradores de empresas tur\u00edsticas y hoteler\u00edas.<\/span><\/p>\n<\/p>\n<p><span class=\"text1noticias\">La Facultad de Humanidades entreg\u00f3 otros siete comunicadores sociales con la menci\u00f3n de periodismo.<\/span><\/p>\n<\/p>\n<p><span class=\"text1noticias\">En el acto, hubo 36 estudiantes que alcanzaron lauros acad\u00e9micos. <\/span><\/p>\n<p><span class=\"text1noticias\"><strong>Ively Yannel Ledesma Duval<\/strong>, quien estudi\u00f3 Contabilidad en la Facultad de Ciencias Econ\u00f3micas y Sociales, fue la que ostent\u00f3 un promedio general de 92.5 para graduarse con honores Magna Cum Laude.<\/span><\/p>\n<\/p>\n<p><span class=\"text1noticias\">Ella fue escoltada en el segundo lugar por Esmirna Ver\u00f3nica V\u00e1squez Jim\u00e9nez, con 91.6, en la carrera de Enfermer\u00eda, y por Keila Yoelin Castillo P\u00e9rez, de educaci\u00f3n inicial, quien qued\u00f3 con 91.5, para tambi\u00e9n ser portadoras de los lauros de Magna Cum Laude.<\/span><\/p>\n<\/p>\n<p><span class=\"text1noticias\">Mariana Antonia Ure\u00f1a Ram\u00edrez y Jacqueline Herrera Rosado ya son licenciadas en Educaci\u00f3n, menci\u00f3n Orientaci\u00f3n Acad\u00e9mica, con los promedios de 90.6 y 90.4 para completar los cinco que finalizaron con los mejores n\u00fameros generales en sus respectivas carreras.<\/span><\/p>\n<\/p>\n<p><span class=\"text1noticias\">Debido a ser la due\u00f1a de la m\u00e1s alta calificaci\u00f3n, Ledesma Duval fue la encargada de hablar a nombre de todos los graduandos.<\/span><\/p>\n<\/p>\n<p><span class=\"text1noticias\">En la ceremonia se dieron cita los miembros del Consejo Universitario, as\u00ed como las autoridades de la provincia Barahona, al igual que importantes figuras de esta colectividad sure\u00f1a.<\/span><\/p>\n<\/p>\n<p><strong><span class=\"text1noticias\">  <\/span><\/strong><\/p>\n<p><strong><span class=\"text1noticias\">Director del Centro llama a defender instituci\u00f3n<\/span><\/strong><\/p>\n<\/p>\n<p><span class=\"text1noticias\">El maestro Pr\u00edamo Rivas Batista, director del UASD-Barahona llam\u00f3 a defender esa instituci\u00f3n porque es el m\u00e1s importante de la Regi\u00f3n y el de mayor movilidad social.<\/span><\/p>\n<\/p>\n<p><span class=\"text1noticias\">Expres\u00f3 que ese Centro ha cumplido cabalmente con sus responsabilidades, graduando un total de dos mil 143 nuevos profesionales en distintas \u00e1reas durante los \u00faltimos cinco a\u00f1os.<\/span><\/p>\n<\/p>\n<p><span class=\"text1noticias\">Sostuvo  que ese organismo uasdiano es una instituci\u00f3n de excelencia acad\u00e9mica, pertinente y apegada a los principios que le dieron origen.<\/span><\/p>\n<\/p>\n<p><span class=\"text1noticias\">Consider\u00f3  que la regi\u00f3n Suroeste del pa\u00eds, hist\u00f3ricamente es el m\u00e1s olvidado por los diferentes gobiernos y que la UASD contribuye con su desarrollo.<\/span><\/p>\n<\/p>\n<\/p>\n<\/p>\n<\/p>\n<h6> 2016-03-19 21:23:36 <\/h6>\n<p><!--\n<link rel=\"stylesheet\" href=\"css\/bootstrap.min.css\">\n\n\n<ul class=\"pagination\">\n\t    \n\t\n\n<li >\n\t<a href='?page_no=13394'>Previous<\/a>\n\t<\/li>\n\n\n       \n    \n\n<li><a href='?page_no=1'>1<\/a><\/li>\n\n\n\n<li><a href='?page_no=2'>2<\/a><\/li>\n\n\n\n<li><a>...<\/a><\/li>\n\n\n\n<li><a href='?page_no=13393'>13393<\/a><\/li>\n\n\n\n<li><a href='?page_no=13394'>13394<\/a><\/li>\n\n\n\n<li class='active'><a>13395<\/a><\/li>\n\n\n\n<li><a href='?page_no=13396'>13396<\/a><\/li>\n\n\n\n<li><a href='?page_no=13397'>13397<\/a><\/li>\n\n\n\n<li><a>...<\/a><\/li>\n\n\n\n<li><a href='?page_no=56169'>56169<\/a><\/li>\n\n\n\n<li><a href='?page_no=56170'>56170<\/a><\/li>\n\n    \n\t\n\n<li >\n\t<a href='?page_no=13396'>Next<\/a>\n\t<\/li>\n\n\n    \n\n<li><a href='?page_no=56170'>Last &rsaquo;&rsaquo;<\/a><\/li>\n\n<\/ul>\n\n\n--><br \/>\n<\/body><\/p>\n","protected":false},"excerpt":{"rendered":"<p>El rector de la UASD, doctor Iv\u00e0n Grull\u00f2n Fern\u00e1ndez entrega el titulo a Yvely Yannel Ledesma Duval, de la carrera de Contabilidad en la Facultad de Ciencias Econ\u00f3micas y Sociales, quien logr\u00f3 un promedio general de 92.5. BARAHONA, RD, 19 de Marzo de 2016.- El rector de la Universidad Aut\u00f3noma de Santo Domingo (UASD), Iv\u00e1n [&hellip;]<\/p>\n","protected":false},"author":3,"featured_media":0,"comment_status":"open","ping_status":"open","sticky":false,"template":"","format":"standard","meta":{"footnotes":""},"categories":[20],"tags":[],"class_list":["post-219032","post","type-post","status-publish","format-standard","hentry","category-dominicana-hoy"],"_links":{"self":[{"href":"https:\/\/diariodominicano.com\/index.php?rest_route=\/wp\/v2\/posts\/219032","targetHints":{"allow":["GET"]}}],"collection":[{"href":"https:\/\/diariodominicano.com\/index.php?rest_route=\/wp\/v2\/posts"}],"about":[{"href":"https:\/\/diariodominicano.com\/index.php?rest_route=\/wp\/v2\/types\/post"}],"author":[{"embeddable":true,"href":"https:\/\/diariodominicano.com\/index.php?rest_route=\/wp\/v2\/users\/3"}],"replies":[{"embeddable":true,"href":"https:\/\/diariodominicano.com\/index.php?rest_route=%2Fwp%2Fv2%2Fcomments&post=219032"}],"version-history":[{"count":0,"href":"https:\/\/diariodominicano.com\/index.php?rest_route=\/wp\/v2\/posts\/219032\/revisions"}],"wp:attachment":[{"href":"https:\/\/diariodominicano.com\/index.php?rest_route=%2Fwp%2Fv2%2Fmedia&parent=219032"}],"wp:term":[{"taxonomy":"category","embeddable":true,"href":"https:\/\/diariodominicano.com\/index.php?rest_route=%2Fwp%2Fv2%2Fcategories&post=219032"},{"taxonomy":"post_tag","embeddable":true,"href":"https:\/\/diariodominicano.com\/index.php?rest_route=%2Fwp%2Fv2%2Ftags&post=219032"}],"curies":[{"name":"wp","href":"https:\/\/api.w.org\/{rel}","templated":true}]}}