{"id":219029,"date":"2016-03-20T11:01:48","date_gmt":"2016-03-20T11:01:48","guid":{"rendered":"http:\/\/diariodominicano.ddns.net\/?p=219029"},"modified":"2016-03-20T11:01:48","modified_gmt":"2016-03-20T11:01:48","slug":"palacio-presidencial-dominicano-en-la-hora-del-planeta-firme-compromiso","status":"publish","type":"post","link":"https:\/\/diariodominicano.com\/?p=219029","title":{"rendered":"Palacio presidencial dominicano en La Hora del Planeta; firme compromiso"},"content":{"rendered":"<p><body><\/p>\n<p><img decoding=\"async\" src=\"img3\/palacio 1.jpg\" \/>  <\/p>\n<p>Santo Domingo RD 20 marzo.- El Gobierno dominicano mantiene su compromiso de proteger el medio ambiente y por tercer a\u00f1o consecutivo se uni\u00f3 a la jornada mundial \u00abLa Hora del Planeta\u00bb, apagando las luces del Palacio Nacional durante una hora.<\/p>\n<\/p>\n<p>En la actividad, Greybby Cuello, directora de Eventos y Asuntos Comunitarios de la Presidencia, hizo un llamado a la poblaci\u00f3n para que cooperen, a fin de mejorar el Cambio Clim\u00e1tico.<\/p>\n<\/p>\n<p>Record\u00f3 la importancia de esta jornada<\/p>\n<\/p>\n<p>De igual manera exhort\u00f3 a los ciudadanos a unirse a esta jornada y record\u00f3 que con este acto simb\u00f3lico, la Presidencia de la Rep\u00fablica tiene como objetivo crear conciencia en la importancia de cuidar el medio ambiente.<\/p>\n<\/p>\n<p>Fortalecimiento de la estructura social y cultura del reciclaje<\/p>\n<\/p>\n<p>Cuello destac\u00f3 que en los \u00faltimos a\u00f1os, la Presidencia de la Rep\u00fablica se ha mantenido firme en su compromiso social y que por tal raz\u00f3n, cre\u00f3 la  cuenta con un comit\u00e9 de desarrollo sostenible, conformado por diversas direcciones, en la que incluye la de Recursos Humanos.<\/p>\n<\/p>\n<p>\u00abEste es un llamado de alerta porque tenemos que tomar conciencia, sobre todo nosotros, que tenemos el octavo lugar de vulnerabilidad ante el cambio clim\u00e1tico\u00bb, precis\u00f3.<\/p>\n<\/p>\n<p>Enfatiz\u00f3 que desde que la Presidencia asumi\u00f3 el compromiso de trabajar a favor de mejorar el medio ambiente y lo reafirm\u00f3 en el 2015, en Francia, se han aplicado herramientas de  cambio a trav\u00e9s de la cultura 3R, que significa reducir, reciclar y rehusar.<\/p>\n<\/p>\n<p>Todos unidos por \u00e9l \u00abla hora del planeta\u00bb. <\/p>\n<\/p>\n<p>\u00abDe esta manera, servimos de marco de referencia para que se unan todos los sectores con un solo objetivo, cuidar el medio ambiente\u00bb, dijo Greybby Cuello. <\/p>\n<\/p>\n<p> Destac\u00f3 que los ministerios de Turismo, Obras P\u00fablicas y Cultura, as\u00ed como el Centro de Exportaci\u00f3n e Inversi\u00f3n de la Rep\u00fablica Dominicana (CEI-RD), la Polic\u00eda Nacional, la Corporaci\u00f3n de Acueducto Alcantarillado de Santo Domingo y diez alcald\u00edas a nivel nacional, tambi\u00e9n apagaron las luces de sus instalaciones para contribuir con esta iniciativa.<\/p>\n<\/p>\n<p>Adem\u00e1s se unieron a La Hora del Planeta, los monumentos emblem\u00e1ticos como son el Alc\u00e1zar  de Col\u00f3n y  H\u00e9roes de la Restauraci\u00f3n, en Santiago.<\/p>\n<\/p>\n<p>Tenemos el compromiso de cuidar a nuestros sucesores<\/p>\n<\/p>\n<p>\u00abTenemos el compromiso de cuidar a nuestros sucesores, no podemos ser indiferente ante el cambio clim\u00e1tico, todos debemos sumarnos\u00bb se\u00f1al\u00f3 Cuello.<\/p>\n<\/p>\n<p>Estuvieron presentes, igualmente, la directora de recursos humanos, Haidy Plancencia, as\u00ed como decenas de j\u00f3venes integrados a las distintas jornadas creadas para mejorar el cambio clim\u00e1tico.<\/p>\n<\/p>\n<p>\u00abLa Hora del Planeta\u00bb es uno de los principales actos que se realiza a favor del medio ambiente y se lleva a cabo cada 19 de marzo, en m\u00e1s de 170 pa\u00edses, siendo Rep\u00fablica Dominicana uno de ellos. El mismo es coordinado internacionalmente por la Fundaci\u00f3n de Vida Silvestre (WWF),  teniendo como ciudad de origen S\u00eddney, Australia. La actualidad, se han sumado m\u00e1s de 10,000 edificios de renombre mundial.<\/p>\n<h6> 2016-03-20 11:01:48 <\/h6>\n<p><!--\n<link rel=\"stylesheet\" href=\"css\/bootstrap.min.css\">\n\n\n<ul class=\"pagination\">\n\t    \n\t\n\n<li >\n\t<a href='?page_no=13391'>Previous<\/a>\n\t<\/li>\n\n\n       \n    \n\n<li><a href='?page_no=1'>1<\/a><\/li>\n\n\n\n<li><a href='?page_no=2'>2<\/a><\/li>\n\n\n\n<li><a>...<\/a><\/li>\n\n\n\n<li><a href='?page_no=13390'>13390<\/a><\/li>\n\n\n\n<li><a href='?page_no=13391'>13391<\/a><\/li>\n\n\n\n<li class='active'><a>13392<\/a><\/li>\n\n\n\n<li><a href='?page_no=13393'>13393<\/a><\/li>\n\n\n\n<li><a href='?page_no=13394'>13394<\/a><\/li>\n\n\n\n<li><a>...<\/a><\/li>\n\n\n\n<li><a href='?page_no=56169'>56169<\/a><\/li>\n\n\n\n<li><a href='?page_no=56170'>56170<\/a><\/li>\n\n    \n\t\n\n<li >\n\t<a href='?page_no=13393'>Next<\/a>\n\t<\/li>\n\n\n    \n\n<li><a href='?page_no=56170'>Last &rsaquo;&rsaquo;<\/a><\/li>\n\n<\/ul>\n\n\n--><br \/>\n<\/body><\/p>\n","protected":false},"excerpt":{"rendered":"<p>Santo Domingo RD 20 marzo.- El Gobierno dominicano mantiene su compromiso de proteger el medio ambiente y por tercer a\u00f1o consecutivo se uni\u00f3 a la jornada mundial \u00abLa Hora del Planeta\u00bb, apagando las luces del Palacio Nacional durante una hora. En la actividad, Greybby Cuello, directora de Eventos y Asuntos Comunitarios de la Presidencia, hizo [&hellip;]<\/p>\n","protected":false},"author":3,"featured_media":0,"comment_status":"open","ping_status":"open","sticky":false,"template":"","format":"standard","meta":{"footnotes":""},"categories":[20],"tags":[],"class_list":["post-219029","post","type-post","status-publish","format-standard","hentry","category-dominicana-hoy"],"_links":{"self":[{"href":"https:\/\/diariodominicano.com\/index.php?rest_route=\/wp\/v2\/posts\/219029","targetHints":{"allow":["GET"]}}],"collection":[{"href":"https:\/\/diariodominicano.com\/index.php?rest_route=\/wp\/v2\/posts"}],"about":[{"href":"https:\/\/diariodominicano.com\/index.php?rest_route=\/wp\/v2\/types\/post"}],"author":[{"embeddable":true,"href":"https:\/\/diariodominicano.com\/index.php?rest_route=\/wp\/v2\/users\/3"}],"replies":[{"embeddable":true,"href":"https:\/\/diariodominicano.com\/index.php?rest_route=%2Fwp%2Fv2%2Fcomments&post=219029"}],"version-history":[{"count":0,"href":"https:\/\/diariodominicano.com\/index.php?rest_route=\/wp\/v2\/posts\/219029\/revisions"}],"wp:attachment":[{"href":"https:\/\/diariodominicano.com\/index.php?rest_route=%2Fwp%2Fv2%2Fmedia&parent=219029"}],"wp:term":[{"taxonomy":"category","embeddable":true,"href":"https:\/\/diariodominicano.com\/index.php?rest_route=%2Fwp%2Fv2%2Fcategories&post=219029"},{"taxonomy":"post_tag","embeddable":true,"href":"https:\/\/diariodominicano.com\/index.php?rest_route=%2Fwp%2Fv2%2Ftags&post=219029"}],"curies":[{"name":"wp","href":"https:\/\/api.w.org\/{rel}","templated":true}]}}