{"id":219027,"date":"2016-03-20T12:03:08","date_gmt":"2016-03-20T12:03:08","guid":{"rendered":"http:\/\/diariodominicano.ddns.net\/?p=219027"},"modified":"2016-03-20T12:03:08","modified_gmt":"2016-03-20T12:03:08","slug":"sismologia-reporta-temblor-de-4-6-grados-en-la-romana","status":"publish","type":"post","link":"https:\/\/diariodominicano.com\/?p=219027","title":{"rendered":"Sismolog\u00eda reporta temblor de 4.6 grados en La Romana"},"content":{"rendered":"<p><body><\/p>\n<p>SISMO<\/p>\n<p>Sismolog\u00eda reporta temblor de 4.6 grados en La Romana<\/p>\n<p>El temblor tuvo una profundidad de 123 kil\u00f3metros<\/p>\n<\/p>\n<p>Sismolog\u00eda reporta temblor de 4.6 grados en La Romana<\/p>\n<p>Lahiri Paulino<\/p>\n<p>Santo Domingo<\/p>\n<p>Un sismo de 4.6 grados en escala Richter se sinti\u00f3 la madrugada de este domingo en La Romana, sin que hasta el momento se reportaran da\u00f1os, inform\u00f3 el analista de datos s\u00edsmicos, Jos\u00e9 Delgado del Instituto Sismol\u00f3gico de Universidad Aut\u00f3noma de Santo Domingo (UASD). <\/p>\n<\/p>\n<p>El movimiento tel\u00farico, que ocurri\u00f3 aproximadamente a las 2:06 de la madrugada, tuvo su epicentro a 18.9 kil\u00f3metros al nordeste de La  Romana. <\/p>\n<\/p>\n<p>Delgado explic\u00f3 que el temblor tuvo una profundidad de 123 kil\u00f3metros y una latitud norte de 16.56 y latitud oeste de -68.86.<\/p>\n<\/p>\n<p>Por otro lado, usuarios de las redes sociales reportaron el acontecimiento.  <\/p>\n<\/p>\n<p>Un #temblor de 4.6 grado de intensidad se produjo a las 2:00 de la ma\u00f1ana de este domingo en Guaymate, La#Romana, dijo @kedwinperalta en Twitter. <\/p>\n<\/p>\n<p>Mientras, Daury Santana cont\u00f3 \u00abEstaba profundamente dormido, cuando este temblor me baj\u00f3 de nivel 5to sue\u00f1o a 0 \u00ab. <\/p>\n<\/p>\n<h6> 2016-03-20 12:03:08 <\/h6>\n<p><!--\n<link rel=\"stylesheet\" href=\"css\/bootstrap.min.css\">\n\n\n<ul class=\"pagination\">\n\t    \n\t\n\n<li >\n\t<a href='?page_no=13389'>Previous<\/a>\n\t<\/li>\n\n\n       \n    \n\n<li><a href='?page_no=1'>1<\/a><\/li>\n\n\n\n<li><a href='?page_no=2'>2<\/a><\/li>\n\n\n\n<li><a>...<\/a><\/li>\n\n\n\n<li><a href='?page_no=13388'>13388<\/a><\/li>\n\n\n\n<li><a href='?page_no=13389'>13389<\/a><\/li>\n\n\n\n<li class='active'><a>13390<\/a><\/li>\n\n\n\n<li><a href='?page_no=13391'>13391<\/a><\/li>\n\n\n\n<li><a href='?page_no=13392'>13392<\/a><\/li>\n\n\n\n<li><a>...<\/a><\/li>\n\n\n\n<li><a href='?page_no=56169'>56169<\/a><\/li>\n\n\n\n<li><a href='?page_no=56170'>56170<\/a><\/li>\n\n    \n\t\n\n<li >\n\t<a href='?page_no=13391'>Next<\/a>\n\t<\/li>\n\n\n    \n\n<li><a href='?page_no=56170'>Last &rsaquo;&rsaquo;<\/a><\/li>\n\n<\/ul>\n\n\n--><br \/>\n<\/body><\/p>\n","protected":false},"excerpt":{"rendered":"<p>SISMO Sismolog\u00eda reporta temblor de 4.6 grados en La Romana El temblor tuvo una profundidad de 123 kil\u00f3metros Sismolog\u00eda reporta temblor de 4.6 grados en La Romana Lahiri Paulino Santo Domingo Un sismo de 4.6 grados en escala Richter se sinti\u00f3 la madrugada de este domingo en La Romana, sin que hasta el momento se [&hellip;]<\/p>\n","protected":false},"author":3,"featured_media":0,"comment_status":"open","ping_status":"open","sticky":false,"template":"","format":"standard","meta":{"footnotes":""},"categories":[20],"tags":[],"class_list":["post-219027","post","type-post","status-publish","format-standard","hentry","category-dominicana-hoy"],"_links":{"self":[{"href":"https:\/\/diariodominicano.com\/index.php?rest_route=\/wp\/v2\/posts\/219027","targetHints":{"allow":["GET"]}}],"collection":[{"href":"https:\/\/diariodominicano.com\/index.php?rest_route=\/wp\/v2\/posts"}],"about":[{"href":"https:\/\/diariodominicano.com\/index.php?rest_route=\/wp\/v2\/types\/post"}],"author":[{"embeddable":true,"href":"https:\/\/diariodominicano.com\/index.php?rest_route=\/wp\/v2\/users\/3"}],"replies":[{"embeddable":true,"href":"https:\/\/diariodominicano.com\/index.php?rest_route=%2Fwp%2Fv2%2Fcomments&post=219027"}],"version-history":[{"count":0,"href":"https:\/\/diariodominicano.com\/index.php?rest_route=\/wp\/v2\/posts\/219027\/revisions"}],"wp:attachment":[{"href":"https:\/\/diariodominicano.com\/index.php?rest_route=%2Fwp%2Fv2%2Fmedia&parent=219027"}],"wp:term":[{"taxonomy":"category","embeddable":true,"href":"https:\/\/diariodominicano.com\/index.php?rest_route=%2Fwp%2Fv2%2Fcategories&post=219027"},{"taxonomy":"post_tag","embeddable":true,"href":"https:\/\/diariodominicano.com\/index.php?rest_route=%2Fwp%2Fv2%2Ftags&post=219027"}],"curies":[{"name":"wp","href":"https:\/\/api.w.org\/{rel}","templated":true}]}}