{"id":219023,"date":"2016-03-20T22:20:48","date_gmt":"2016-03-20T22:20:48","guid":{"rendered":"http:\/\/diariodominicano.ddns.net\/?p=219023"},"modified":"2016-03-20T22:20:48","modified_gmt":"2016-03-20T22:20:48","slug":"unev-desarrolla-en-san-carlos-jornada-de-prevencion-zika-virus","status":"publish","type":"post","link":"https:\/\/diariodominicano.com\/?p=219023","title":{"rendered":"UNEV desarrolla en San Carlos  jornada de prevenci\u00f3n Zika-virus"},"content":{"rendered":"<p><body><\/p>\n<p><img decoding=\"async\" src=\"img3\/Jornada Zika (1).jpg\" \/>  <\/p>\n<p>Santo Domingo, R. D., 20 de marzo.- La Universidad Nacional Evang\u00e9lica  Nacional (UNEV),  a trav\u00e9s de la de la Facultad de Ciencias de Salud, junto al decanato de Humanidades y el Club Deportivo y Cultural de San Carlos, desarrollaran una jornada medico-educativas, de prevenci\u00f3n e intervenci\u00f3n comunitaria sobre el manejo del Zika-Virus.<\/p>\n<\/p>\n<p>La actividad se llev\u00f3 a cabo en el sector de San Carlos, y es parte del calendario de los 30 aniversarios de la instituci\u00f3n, as\u00ed como de los planes y pol\u00edticas de proyecci\u00f3n universitaria.<\/p>\n<\/p>\n<p>Esta ejecuci\u00f3n es muestra de la responsabilidad social del Instituto de Medicina Integrativa (IMI), vinculad a la de salud.  En el evento participaron las doctoras Martha Butler, decana de la Facultad de Ciencias de la Salud, Loida P\u00e9rez  y  Lorenza Kelly del IMI.<\/p>\n<\/p>\n<p>El equipo de colaboradores, en esta jornada, estuvo compuesto por unos 40 estudiantes de t\u00e9rmino de educaci\u00f3n, quienes fueron capacitados para manejar la prevenci\u00f3n del Zika-Virus, Dengue, Chikunguya y C\u00f3lera. <\/p>\n<\/p>\n<p>Este grupo de estudiantes, iniciaron la capacitaci\u00f3n desde el  s\u00e1bado 5 y 7 de marzo sobre los conocimientos de las enfermedades  aprevenir en esta jornada de concientizaci\u00f3n. Estos visitaron las casas y apartamento de la barriada llevando informaciones de prevenci\u00f3n e identificando los criaderos de mosquitos.<\/p>\n<\/p>\n<p>El objetivo de esta jornada de prevenci\u00f3n, es concientizar a la comunidad sobre el manejo y control del mosquito del dengue y sus causas, para que la poblaci\u00f3n, a trav\u00e9s de las juntas de vecino,  pueda movilizarse en una acci\u00f3n conjunta y enfrentarlo.<\/p>\n<\/p>\n<p>Al final de la actividad, se busca  desarrollar unas l\u00edneas de acciones y comunicaci\u00f3n estrat\u00e9gicas con el gobierno e instituciones privada y de salud, para tomar las medidas necesarias para promover la prevenci\u00f3n de enfermedades. <\/p>\n<h6> 2016-03-20 22:20:48 <\/h6>\n<p><!--\n<link rel=\"stylesheet\" href=\"css\/bootstrap.min.css\">\n\n\n<ul class=\"pagination\">\n\t    \n\t\n\n<li >\n\t<a href='?page_no=13386'>Previous<\/a>\n\t<\/li>\n\n\n       \n    \n\n<li><a href='?page_no=1'>1<\/a><\/li>\n\n\n\n<li><a href='?page_no=2'>2<\/a><\/li>\n\n\n\n<li><a>...<\/a><\/li>\n\n\n\n<li><a href='?page_no=13385'>13385<\/a><\/li>\n\n\n\n<li><a href='?page_no=13386'>13386<\/a><\/li>\n\n\n\n<li class='active'><a>13387<\/a><\/li>\n\n\n\n<li><a href='?page_no=13388'>13388<\/a><\/li>\n\n\n\n<li><a href='?page_no=13389'>13389<\/a><\/li>\n\n\n\n<li><a>...<\/a><\/li>\n\n\n\n<li><a href='?page_no=56169'>56169<\/a><\/li>\n\n\n\n<li><a href='?page_no=56170'>56170<\/a><\/li>\n\n    \n\t\n\n<li >\n\t<a href='?page_no=13388'>Next<\/a>\n\t<\/li>\n\n\n    \n\n<li><a href='?page_no=56170'>Last &rsaquo;&rsaquo;<\/a><\/li>\n\n<\/ul>\n\n\n--><br \/>\n<\/body><\/p>\n","protected":false},"excerpt":{"rendered":"<p>Santo Domingo, R. D., 20 de marzo.- La Universidad Nacional Evang\u00e9lica Nacional (UNEV), a trav\u00e9s de la de la Facultad de Ciencias de Salud, junto al decanato de Humanidades y el Club Deportivo y Cultural de San Carlos, desarrollaran una jornada medico-educativas, de prevenci\u00f3n e intervenci\u00f3n comunitaria sobre el manejo del Zika-Virus. La actividad se [&hellip;]<\/p>\n","protected":false},"author":3,"featured_media":0,"comment_status":"open","ping_status":"open","sticky":false,"template":"","format":"standard","meta":{"footnotes":""},"categories":[20],"tags":[],"class_list":["post-219023","post","type-post","status-publish","format-standard","hentry","category-dominicana-hoy"],"_links":{"self":[{"href":"https:\/\/diariodominicano.com\/index.php?rest_route=\/wp\/v2\/posts\/219023","targetHints":{"allow":["GET"]}}],"collection":[{"href":"https:\/\/diariodominicano.com\/index.php?rest_route=\/wp\/v2\/posts"}],"about":[{"href":"https:\/\/diariodominicano.com\/index.php?rest_route=\/wp\/v2\/types\/post"}],"author":[{"embeddable":true,"href":"https:\/\/diariodominicano.com\/index.php?rest_route=\/wp\/v2\/users\/3"}],"replies":[{"embeddable":true,"href":"https:\/\/diariodominicano.com\/index.php?rest_route=%2Fwp%2Fv2%2Fcomments&post=219023"}],"version-history":[{"count":0,"href":"https:\/\/diariodominicano.com\/index.php?rest_route=\/wp\/v2\/posts\/219023\/revisions"}],"wp:attachment":[{"href":"https:\/\/diariodominicano.com\/index.php?rest_route=%2Fwp%2Fv2%2Fmedia&parent=219023"}],"wp:term":[{"taxonomy":"category","embeddable":true,"href":"https:\/\/diariodominicano.com\/index.php?rest_route=%2Fwp%2Fv2%2Fcategories&post=219023"},{"taxonomy":"post_tag","embeddable":true,"href":"https:\/\/diariodominicano.com\/index.php?rest_route=%2Fwp%2Fv2%2Ftags&post=219023"}],"curies":[{"name":"wp","href":"https:\/\/api.w.org\/{rel}","templated":true}]}}