{"id":219022,"date":"2016-03-21T01:12:08","date_gmt":"2016-03-21T01:12:08","guid":{"rendered":"http:\/\/diariodominicano.ddns.net\/?p=219022"},"modified":"2016-03-21T01:12:08","modified_gmt":"2016-03-21T01:12:08","slug":"embajador-pedro-verges-asume-presidencia-comision-de-la-oea","status":"publish","type":"post","link":"https:\/\/diariodominicano.com\/?p=219022","title":{"rendered":"&#13;Embajador Pedro Verg\u00e9s asume presidencia comisi\u00f3n de la OEA"},"content":{"rendered":"<p><body><\/p>\n<p><img decoding=\"async\" src=\"img3\/asume 1.jpg\" \/>  <\/p>\n<p>La responsabilidad que asumir\u00e1 el embajador Verg\u00e9s en la presidencia de la CAJP hace que se destaque mucho m\u00e1s la presencia del pa\u00eds en el escenario hemisf\u00e9rico, lo que permitir\u00e1 una mejor imagen de la Rep\u00fablica Dominicana en el contexto internacional.<\/p>\n<p>20 de marzo del 2016\t<\/p>\n<\/p>\n<p><strong>Washington, D.C 20 marzo .-<\/strong> El embajador Pedro Verg\u00e9s, representante permanente de la Rep\u00fablica Dominicana ante la Organizaci\u00f3n de los Estados Americanos (OEA), asumi\u00f3 la presidencia de la Comisi\u00f3n de Asuntos Jur\u00eddicos y Pol\u00edticos (CAJP).<\/p>\n<\/p>\n<p>Un comunicado de prensa emitido este domingo 20 de marzo, destaca que esta designaci\u00f3n ocurri\u00f3 el pasado este jueves 17 de marzo, y destaca que la CAJP constituye la comisi\u00f3n m\u00e1s relevante y sensible de la OEA, al tener bajo su responsabilidad la delicada labor de estudiar los temas jur\u00eddicos y pol\u00edticos del foro hemisf\u00e9rico.<\/p>\n<\/p>\n<p>Al conocer los asuntos relativos a la Democracia y los Derechos Humanos, estudia adem\u00e1s las tareas encomendadas por el Consejo Permanente, as\u00ed como los informes del Comit\u00e9 Jur\u00eddico Interamericano, de la Comisi\u00f3n Interamericana de Derechos Humanos (CIDH), y de la Corte Interamericana de Derechos Humanos (CorteIDH).<\/p>\n<\/p>\n<p>La responsabilidad que asumir\u00e1 el embajador Verg\u00e9s en la presidencia de la CAJP hace que se destaque mucho m\u00e1s la presencia del pa\u00eds en el escenario hemisf\u00e9rico, lo que permitir\u00e1 una mejor imagen de la Rep\u00fablica Dominicana en el contexto internacional.<\/p>\n<\/p>\n<p>El embajador Verg\u00e9s ha venido desempe\u00f1ando un destacado papel de liderazgo al interior de la OEA, rol que se increment\u00f3 mientras el pa\u00eds ocup\u00f3 la presidencia del Consejo Permanente, m\u00e1ximo foro pol\u00edtico de la organizaci\u00f3n.<\/p>\n<\/p>\n<p>El pr\u00f3ximo mes de junio la Rep\u00fablica Dominicana se convertir\u00e1 en sede del cuadrag\u00e9simo sexto per\u00edodo ordinario de sesiones de la Asamblea General de la OEA, compromiso adquirido por el Presidente Danilo Medina, y que tendr\u00e1 como tema principal \u00abEl Fortalecimiento Institucional para el Desarrollo Sostenible en las Am\u00e9ricas\u00bb.<\/p>\n<\/p>\n<p>La Misi\u00f3n Permanente de la Rep\u00fablica Dominicana ante la OEA, que fue reconocida con el primer lugar del Premio a la Excelencia del Servicio Exterior, otorgado por el Ministerio de Relaciones Exteriores en la persona del Canciller Andr\u00e9s Navarro Garc\u00eda, se encuentra actualmente enfrascada en los preparativos de la Asamblea General en la que concurrir\u00e1n los 34 pa\u00edses del hemisferio.<\/p>\n<h6> 2016-03-21 01:12:08 <\/h6>\n<p><!--\n<link rel=\"stylesheet\" href=\"css\/bootstrap.min.css\">\n\n\n<ul class=\"pagination\">\n\t    \n\t\n\n<li >\n\t<a href='?page_no=13385'>Previous<\/a>\n\t<\/li>\n\n\n       \n    \n\n<li><a href='?page_no=1'>1<\/a><\/li>\n\n\n\n<li><a href='?page_no=2'>2<\/a><\/li>\n\n\n\n<li><a>...<\/a><\/li>\n\n\n\n<li><a href='?page_no=13384'>13384<\/a><\/li>\n\n\n\n<li><a href='?page_no=13385'>13385<\/a><\/li>\n\n\n\n<li class='active'><a>13386<\/a><\/li>\n\n\n\n<li><a href='?page_no=13387'>13387<\/a><\/li>\n\n\n\n<li><a href='?page_no=13388'>13388<\/a><\/li>\n\n\n\n<li><a>...<\/a><\/li>\n\n\n\n<li><a href='?page_no=56169'>56169<\/a><\/li>\n\n\n\n<li><a href='?page_no=56170'>56170<\/a><\/li>\n\n    \n\t\n\n<li >\n\t<a href='?page_no=13387'>Next<\/a>\n\t<\/li>\n\n\n    \n\n<li><a href='?page_no=56170'>Last &rsaquo;&rsaquo;<\/a><\/li>\n\n<\/ul>\n\n\n--><br \/>\n<\/body><\/p>\n","protected":false},"excerpt":{"rendered":"<p>La responsabilidad que asumir\u00e1 el embajador Verg\u00e9s en la presidencia de la CAJP hace que se destaque mucho m\u00e1s la presencia del pa\u00eds en el escenario hemisf\u00e9rico, lo que permitir\u00e1 una mejor imagen de la Rep\u00fablica Dominicana en el contexto internacional. 20 de marzo del 2016 Washington, D.C 20 marzo .- El embajador Pedro Verg\u00e9s, [&hellip;]<\/p>\n","protected":false},"author":3,"featured_media":0,"comment_status":"open","ping_status":"open","sticky":false,"template":"","format":"standard","meta":{"footnotes":""},"categories":[20],"tags":[],"class_list":["post-219022","post","type-post","status-publish","format-standard","hentry","category-dominicana-hoy"],"_links":{"self":[{"href":"https:\/\/diariodominicano.com\/index.php?rest_route=\/wp\/v2\/posts\/219022","targetHints":{"allow":["GET"]}}],"collection":[{"href":"https:\/\/diariodominicano.com\/index.php?rest_route=\/wp\/v2\/posts"}],"about":[{"href":"https:\/\/diariodominicano.com\/index.php?rest_route=\/wp\/v2\/types\/post"}],"author":[{"embeddable":true,"href":"https:\/\/diariodominicano.com\/index.php?rest_route=\/wp\/v2\/users\/3"}],"replies":[{"embeddable":true,"href":"https:\/\/diariodominicano.com\/index.php?rest_route=%2Fwp%2Fv2%2Fcomments&post=219022"}],"version-history":[{"count":0,"href":"https:\/\/diariodominicano.com\/index.php?rest_route=\/wp\/v2\/posts\/219022\/revisions"}],"wp:attachment":[{"href":"https:\/\/diariodominicano.com\/index.php?rest_route=%2Fwp%2Fv2%2Fmedia&parent=219022"}],"wp:term":[{"taxonomy":"category","embeddable":true,"href":"https:\/\/diariodominicano.com\/index.php?rest_route=%2Fwp%2Fv2%2Fcategories&post=219022"},{"taxonomy":"post_tag","embeddable":true,"href":"https:\/\/diariodominicano.com\/index.php?rest_route=%2Fwp%2Fv2%2Ftags&post=219022"}],"curies":[{"name":"wp","href":"https:\/\/api.w.org\/{rel}","templated":true}]}}