{"id":219018,"date":"2016-03-21T09:34:39","date_gmt":"2016-03-21T09:34:39","guid":{"rendered":"http:\/\/diariodominicano.ddns.net\/?p=219018"},"modified":"2016-03-21T09:34:39","modified_gmt":"2016-03-21T09:34:39","slug":"director-del-conadis-destaca-calidad-humana-de-francina-hungria","status":"publish","type":"post","link":"https:\/\/diariodominicano.com\/?p=219018","title":{"rendered":"Director del Conadis destaca calidad humana de Francina Hungr\u00eda"},"content":{"rendered":"<p><body><\/p>\n<p><img decoding=\"async\" src=\"img3\/cona 1.jpg\" \/>  <\/p>\n<p>Santo Domingo RD 21 marzo.- El licenciado Magino Corpor\u00e1n,  director ejecutivo del Consejo Nacional de la Discapacidad de la Republica Dominicana defini\u00f3  la escogencia de la ingeniera Francina Hungr\u00eda por el Alcalde Roberto Salcedo para la vice alcald\u00eda del Distrito nacional,  como una expresi\u00f3n de compromiso con la inclusi\u00f3n; una decisi\u00f3n valiente que   humaniza la actividad pol\u00edtica y est\u00e1 llamada a inspirar al resto de los ayuntamientos del pa\u00eds.<\/p>\n<\/p>\n<p>Entrevistado en el programa Hablan Los Lideres que produce Aurelio Guerrero S\u00e1nchez, Magino Corpor\u00e1n  llam\u00f3 a la poblaci\u00f3n a estar confiada en la labor efectiva de la futura vicealcaldesa  y garantiz\u00f3 que el CONADIS, como organismo t\u00e9cnico rector estar\u00e1 pendiente y presto a   la colaboraci\u00f3n, seguros de que la huella de su gesti\u00f3n ser\u00e1 notoria y un marco de referencia para el futuro.<\/p>\n<\/p>\n<p>Magino Corporan dijo que  Republica Dominicana ha venido saldando  de manera acelerada  la deuda hist\u00f3rica con los discapacitados del pa\u00eds, empezando con la legislaci\u00f3n que regula su integraci\u00f3n y  tratamiento humano.<\/p>\n<\/p>\n<p>Expres\u00f3 que ya los organismos internacionales vienen reconociendo al gobierno del presidente Danilo Medina las medidas que se han venido tomando para la inclusi\u00f3n y el reconocimiento de este importante sector de la poblaci\u00f3n, que toca al doce por ciento.<\/p>\n<\/p>\n<p>El director ejecutivo del CONADIS dijo que solo resta que los dem\u00e1s funcionarios del gobierno se contagien con la inspiraci\u00f3n del presidente Medina, cumpliendo el roll que la Ley 5\/13 les asigna.<\/p>\n<\/p>\n<p>Llam\u00f3 al Ministerio de Ciencia y Tecnolog\u00eda a dotar de la tecnolog\u00eda apropiada a las escuelas y al Ministerio de Salud  a contribuir para que se mantenga la actualizaci\u00f3n estad\u00edsticas de los discapacitados, concluy\u00f3<\/p>\n<\/p>\n<h6> 2016-03-21 09:34:39 <\/h6>\n<p><!--\n<link rel=\"stylesheet\" href=\"css\/bootstrap.min.css\">\n\n\n<ul class=\"pagination\">\n\t    \n\t\n\n<li >\n\t<a href='?page_no=13381'>Previous<\/a>\n\t<\/li>\n\n\n       \n    \n\n<li><a href='?page_no=1'>1<\/a><\/li>\n\n\n\n<li><a href='?page_no=2'>2<\/a><\/li>\n\n\n\n<li><a>...<\/a><\/li>\n\n\n\n<li><a href='?page_no=13380'>13380<\/a><\/li>\n\n\n\n<li><a href='?page_no=13381'>13381<\/a><\/li>\n\n\n\n<li class='active'><a>13382<\/a><\/li>\n\n\n\n<li><a href='?page_no=13383'>13383<\/a><\/li>\n\n\n\n<li><a href='?page_no=13384'>13384<\/a><\/li>\n\n\n\n<li><a>...<\/a><\/li>\n\n\n\n<li><a href='?page_no=56169'>56169<\/a><\/li>\n\n\n\n<li><a href='?page_no=56170'>56170<\/a><\/li>\n\n    \n\t\n\n<li >\n\t<a href='?page_no=13383'>Next<\/a>\n\t<\/li>\n\n\n    \n\n<li><a href='?page_no=56170'>Last &rsaquo;&rsaquo;<\/a><\/li>\n\n<\/ul>\n\n\n--><br \/>\n<\/body><\/p>\n","protected":false},"excerpt":{"rendered":"<p>Santo Domingo RD 21 marzo.- El licenciado Magino Corpor\u00e1n, director ejecutivo del Consejo Nacional de la Discapacidad de la Republica Dominicana defini\u00f3 la escogencia de la ingeniera Francina Hungr\u00eda por el Alcalde Roberto Salcedo para la vice alcald\u00eda del Distrito nacional, como una expresi\u00f3n de compromiso con la inclusi\u00f3n; una decisi\u00f3n valiente que humaniza la [&hellip;]<\/p>\n","protected":false},"author":3,"featured_media":0,"comment_status":"open","ping_status":"open","sticky":false,"template":"","format":"standard","meta":{"footnotes":""},"categories":[20],"tags":[],"class_list":["post-219018","post","type-post","status-publish","format-standard","hentry","category-dominicana-hoy"],"_links":{"self":[{"href":"https:\/\/diariodominicano.com\/index.php?rest_route=\/wp\/v2\/posts\/219018","targetHints":{"allow":["GET"]}}],"collection":[{"href":"https:\/\/diariodominicano.com\/index.php?rest_route=\/wp\/v2\/posts"}],"about":[{"href":"https:\/\/diariodominicano.com\/index.php?rest_route=\/wp\/v2\/types\/post"}],"author":[{"embeddable":true,"href":"https:\/\/diariodominicano.com\/index.php?rest_route=\/wp\/v2\/users\/3"}],"replies":[{"embeddable":true,"href":"https:\/\/diariodominicano.com\/index.php?rest_route=%2Fwp%2Fv2%2Fcomments&post=219018"}],"version-history":[{"count":0,"href":"https:\/\/diariodominicano.com\/index.php?rest_route=\/wp\/v2\/posts\/219018\/revisions"}],"wp:attachment":[{"href":"https:\/\/diariodominicano.com\/index.php?rest_route=%2Fwp%2Fv2%2Fmedia&parent=219018"}],"wp:term":[{"taxonomy":"category","embeddable":true,"href":"https:\/\/diariodominicano.com\/index.php?rest_route=%2Fwp%2Fv2%2Fcategories&post=219018"},{"taxonomy":"post_tag","embeddable":true,"href":"https:\/\/diariodominicano.com\/index.php?rest_route=%2Fwp%2Fv2%2Ftags&post=219018"}],"curies":[{"name":"wp","href":"https:\/\/api.w.org\/{rel}","templated":true}]}}