{"id":219016,"date":"2016-03-21T22:04:20","date_gmt":"2016-03-21T22:04:20","guid":{"rendered":"http:\/\/diariodominicano.ddns.net\/?p=219016"},"modified":"2016-03-21T22:04:20","modified_gmt":"2016-03-21T22:04:20","slug":"vicepresidenta-margarita-cedeno-asiste-misa-por-semana-santa","status":"publish","type":"post","link":"https:\/\/diariodominicano.com\/?p=219016","title":{"rendered":"Vicepresidenta Margarita Cede\u00f1o asiste misa por Semana Santa"},"content":{"rendered":"<p><body><\/p>\n<p><img decoding=\"async\" src=\"img3\/margarita60.jpg\" \/>  <\/p>\n<p><span class=\"text1noticias\">Santo Domingo., R. D., 21 de marzo.- Con motivo de Semana Santa, la vicepresidenta Margarita Cede\u00f1o asisti\u00f3 a una misa de reflexi\u00f3n y acercamiento a Dios, con el fin de agradecerle por los logros alcanzados a trav\u00e9s de los distintos programas que ejecuta desde el Gabinete de Coordinaci\u00f3n de Pol\u00edticas Sociales, y por las familias dominicanas que han sido intervenidas en cada iniciativa social del Gobierno.<\/span><\/p>\n<p><span class=\"text1noticias\"> <\/span><\/p>\n<p><span class=\"text1noticias\">El padre Juan Suriel, vicario inspectorial de los salesianos, quien ofici\u00f3 la misa celebrada en la Parroquia San Juan Bosco, elev\u00f3 un mensaje de reflexi\u00f3n y agradecimiento, en el que exhort\u00f3 a la Vicemandataria y a todo su equipo a continuar sembrando la obra de amor en beneficio de miles de familias en situaci\u00f3n de pobreza.<\/span><\/p>\n<p><span class=\"text1noticias\"> <\/span><\/p>\n<p><span class=\"text1noticias\">\u00abUstedes est\u00e1n llamados a estar en la l\u00ednea de lo que se llama las obras de misericordia. Desde Progresando con Solidaridad se habla de asistir, no tanto de darles el pescado sino de ense\u00f1arles a pescar a tantas familias que est\u00e1n en situaci\u00f3n de pobreza; cuando ustedes se proponen crear capacidades, a la inserci\u00f3n laboral, creo plenamente que est\u00e1n llamados a la l\u00ednea de las obras de misericordia. Y en eso ustedes est\u00e1n involucrando a los m\u00e1s necesitados\u00bb, afirm\u00f3 el sacerdote.<\/span><\/p>\n<p><span class=\"text1noticias\"> <\/span><\/p>\n<p><span class=\"text1noticias\">Dijo que las buenas acciones desarrolladas a trav\u00e9s de Prosoli y las distintas instituciones coordinadas por la Vicepresidenta ayudan al Creador en la formaci\u00f3n de una sociedad en valores.<\/span><\/p>\n<p><span class=\"text1noticias\"> <\/span><\/p>\n<p><span class=\"text1noticias\">La vicepresidenta Margarita Cede\u00f1o ha hecho tradici\u00f3n su participaci\u00f3n en la eucarist\u00eda los \u00faltimos cuatro a\u00f1os con motivo de inicio de la Semana Mayor junto al personal de los programas sociales del Gobierno.<\/span><\/p>\n<p><span class=\"text1noticias\"> <\/span><\/p>\n<p><span class=\"text1noticias\">En la homil\u00eda la Vicemandataria estuvo acompa\u00f1ada de su hija Yolanda Am\u00e9rica Fern\u00e1ndez Cede\u00f1o; tambi\u00e9n le acompa\u00f1aron directores y colaboradores de las instituciones del Gabinete de Coordinaci\u00f3n de Pol\u00edticas Sociales, entre ellos, la directora de Prosoli, Altagracia Suriel; el director de la Administradora de Subsidios Sociales (Adess), Ram\u00f3n Gonz\u00e1lez; del Siuben, Matilde Ch\u00e1vez; Rosa Mar\u00eda Su\u00e1rez, del Gabinete T\u00e9cnico; Claudio Do\u00f1\u00e9, por los Centros Tecnol\u00f3gicos Comunitarios, entre otras personalida<\/span>des. <\/p>\n<h6> 2016-03-21 22:04:20 <\/h6>\n<p><!--\n<link rel=\"stylesheet\" href=\"css\/bootstrap.min.css\">\n\n\n<ul class=\"pagination\">\n\t    \n\t\n\n<li >\n\t<a href='?page_no=13379'>Previous<\/a>\n\t<\/li>\n\n\n       \n    \n\n<li><a href='?page_no=1'>1<\/a><\/li>\n\n\n\n<li><a href='?page_no=2'>2<\/a><\/li>\n\n\n\n<li><a>...<\/a><\/li>\n\n\n\n<li><a href='?page_no=13378'>13378<\/a><\/li>\n\n\n\n<li><a href='?page_no=13379'>13379<\/a><\/li>\n\n\n\n<li class='active'><a>13380<\/a><\/li>\n\n\n\n<li><a href='?page_no=13381'>13381<\/a><\/li>\n\n\n\n<li><a href='?page_no=13382'>13382<\/a><\/li>\n\n\n\n<li><a>...<\/a><\/li>\n\n\n\n<li><a href='?page_no=56169'>56169<\/a><\/li>\n\n\n\n<li><a href='?page_no=56170'>56170<\/a><\/li>\n\n    \n\t\n\n<li >\n\t<a href='?page_no=13381'>Next<\/a>\n\t<\/li>\n\n\n    \n\n<li><a href='?page_no=56170'>Last &rsaquo;&rsaquo;<\/a><\/li>\n\n<\/ul>\n\n\n--><br \/>\n<\/body><\/p>\n","protected":false},"excerpt":{"rendered":"<p>Santo Domingo., R. D., 21 de marzo.- Con motivo de Semana Santa, la vicepresidenta Margarita Cede\u00f1o asisti\u00f3 a una misa de reflexi\u00f3n y acercamiento a Dios, con el fin de agradecerle por los logros alcanzados a trav\u00e9s de los distintos programas que ejecuta desde el Gabinete de Coordinaci\u00f3n de Pol\u00edticas Sociales, y por las familias [&hellip;]<\/p>\n","protected":false},"author":3,"featured_media":0,"comment_status":"open","ping_status":"open","sticky":false,"template":"","format":"standard","meta":{"footnotes":""},"categories":[20],"tags":[],"class_list":["post-219016","post","type-post","status-publish","format-standard","hentry","category-dominicana-hoy"],"_links":{"self":[{"href":"https:\/\/diariodominicano.com\/index.php?rest_route=\/wp\/v2\/posts\/219016","targetHints":{"allow":["GET"]}}],"collection":[{"href":"https:\/\/diariodominicano.com\/index.php?rest_route=\/wp\/v2\/posts"}],"about":[{"href":"https:\/\/diariodominicano.com\/index.php?rest_route=\/wp\/v2\/types\/post"}],"author":[{"embeddable":true,"href":"https:\/\/diariodominicano.com\/index.php?rest_route=\/wp\/v2\/users\/3"}],"replies":[{"embeddable":true,"href":"https:\/\/diariodominicano.com\/index.php?rest_route=%2Fwp%2Fv2%2Fcomments&post=219016"}],"version-history":[{"count":0,"href":"https:\/\/diariodominicano.com\/index.php?rest_route=\/wp\/v2\/posts\/219016\/revisions"}],"wp:attachment":[{"href":"https:\/\/diariodominicano.com\/index.php?rest_route=%2Fwp%2Fv2%2Fmedia&parent=219016"}],"wp:term":[{"taxonomy":"category","embeddable":true,"href":"https:\/\/diariodominicano.com\/index.php?rest_route=%2Fwp%2Fv2%2Fcategories&post=219016"},{"taxonomy":"post_tag","embeddable":true,"href":"https:\/\/diariodominicano.com\/index.php?rest_route=%2Fwp%2Fv2%2Ftags&post=219016"}],"curies":[{"name":"wp","href":"https:\/\/api.w.org\/{rel}","templated":true}]}}