{"id":219013,"date":"2016-03-21T23:17:21","date_gmt":"2016-03-21T23:17:21","guid":{"rendered":"http:\/\/diariodominicano.ddns.net\/?p=219013"},"modified":"2016-03-21T23:17:21","modified_gmt":"2016-03-21T23:17:21","slug":"instituciones-se-unen-para-celebrar-dia-mundial-del-agua","status":"publish","type":"post","link":"https:\/\/diariodominicano.com\/?p=219013","title":{"rendered":"Instituciones se unen para celebrar D\u00eda Mundial del Agua"},"content":{"rendered":"<p><body><\/p>\n<p><span class=\"text1noticias\">Santo Domingo, 21 de marzo.- Al celebrar este martes 22 el D\u00eda Mundial del Agua, las instituciones gubernamentales  ligadas al sector agua potable  depositar\u00e1n por cuarto a\u00f1o seguido una ofrenda floral en el Altar de la Patria.<\/span><\/p>\n<\/p>\n<p><span class=\"text1noticias\">Las Corporaciones del Acueducto y Alcantarillado de Santo Domingo (CAASD) y la de Boca Chica (CARAABO), y los Institutos Nacional de Agua Potable y Alcantarillado (INAPA) y el de Nacional de Recursos Hidr\u00e1ulicos (INDRHI), se unir\u00e1n como lo han hecho desde el 22 de marzo de 2013, para juntos enviar a la poblaci\u00f3n un mensaje de ahorro del agua potable.<\/span><\/p>\n<\/p>\n<p><span class=\"text1noticias\">\u00abEl Gran Santo Domingo celebra, este martes 22 de marzo, el D\u00eda Mundial del Agua, recibiendo m\u00e1s de 400 millones de galones de agua potable, a trav\u00e9s de las redes de la Corporaci\u00f3n del Acueducto y Alcantarillado de Santo Domingo (CAASD)\u00bb, inform\u00f3 el titular de esa corporaci\u00f3n.<\/span><\/p>\n<\/p>\n<p><span class=\"text1noticias\">El arquitecto Alejandro Mont\u00e1s y los ingenieros Horacio Mazara, Olgo Fern\u00e1ndez y Ferm\u00edn Brito, directores generales de la CAASD, INAPA, INDRHI y CORAABO desarrollar\u00e1n diferentes actividades enfocadas al ahorro y un consumo racional e inteligente del agua potable.<\/span><\/p>\n<\/p>\n<p><span class=\"text1noticias\">Mont\u00e1s, Fern\u00e1ndez, Mazara y Brito, reiteraron su llamado al ahorro y a la valoraci\u00f3n del l\u00edquido, ya que el mismo es un recurso finito que es fundamental para la vida.<\/span><\/p>\n<\/p>\n<p><span class=\"text1noticias\">\u00abEste D\u00eda Mundial del Agua es celebrado en la CAASD con mucha alegr\u00eda, contrario a a\u00f1os anteriores que la sequ\u00eda no nos daba tiempo para la celebraci\u00f3n y nos obligaba a fortalecer el trabajo para continuar creando las condiciones para la distribuci\u00f3n permanente del agua potable\u00bb, manifest\u00f3 Mont\u00e1s.<\/span><\/p>\n<\/p>\n<p><span class=\"text1noticias\">El funcionario destac\u00f3 el apoyo que ha recibido el sector agua potable de parte del Presidente Danilo Medina, lo que se ha permitido que el l\u00edquido llegue a los hogares del Distrito Nacional y la provincia Santo Domingo, a\u00fan en \u00e9poca de estiaje.<\/span><\/p>\n<\/p>\n<p><span class=\"text1noticias\">Este a\u00f1o la Organizaci\u00f3n de las Naciones Unidas   (ONU) design\u00f3 al D\u00eda Mundial del Agua el lema Agua y Empleo.<\/span><\/p>\n<h6> 2016-03-21 23:17:21 <\/h6>\n<p><!--\n<link rel=\"stylesheet\" href=\"css\/bootstrap.min.css\">\n\n\n<ul class=\"pagination\">\n\t    \n\t\n\n<li >\n\t<a href='?page_no=13377'>Previous<\/a>\n\t<\/li>\n\n\n       \n    \n\n<li><a href='?page_no=1'>1<\/a><\/li>\n\n\n\n<li><a href='?page_no=2'>2<\/a><\/li>\n\n\n\n<li><a>...<\/a><\/li>\n\n\n\n<li><a href='?page_no=13376'>13376<\/a><\/li>\n\n\n\n<li><a href='?page_no=13377'>13377<\/a><\/li>\n\n\n\n<li class='active'><a>13378<\/a><\/li>\n\n\n\n<li><a href='?page_no=13379'>13379<\/a><\/li>\n\n\n\n<li><a href='?page_no=13380'>13380<\/a><\/li>\n\n\n\n<li><a>...<\/a><\/li>\n\n\n\n<li><a href='?page_no=56169'>56169<\/a><\/li>\n\n\n\n<li><a href='?page_no=56170'>56170<\/a><\/li>\n\n    \n\t\n\n<li >\n\t<a href='?page_no=13379'>Next<\/a>\n\t<\/li>\n\n\n    \n\n<li><a href='?page_no=56170'>Last &rsaquo;&rsaquo;<\/a><\/li>\n\n<\/ul>\n\n\n--><br \/>\n<\/body><\/p>\n","protected":false},"excerpt":{"rendered":"<p>Santo Domingo, 21 de marzo.- Al celebrar este martes 22 el D\u00eda Mundial del Agua, las instituciones gubernamentales ligadas al sector agua potable depositar\u00e1n por cuarto a\u00f1o seguido una ofrenda floral en el Altar de la Patria. Las Corporaciones del Acueducto y Alcantarillado de Santo Domingo (CAASD) y la de Boca Chica (CARAABO), y los [&hellip;]<\/p>\n","protected":false},"author":3,"featured_media":0,"comment_status":"open","ping_status":"open","sticky":false,"template":"","format":"standard","meta":{"footnotes":""},"categories":[20],"tags":[],"class_list":["post-219013","post","type-post","status-publish","format-standard","hentry","category-dominicana-hoy"],"_links":{"self":[{"href":"https:\/\/diariodominicano.com\/index.php?rest_route=\/wp\/v2\/posts\/219013","targetHints":{"allow":["GET"]}}],"collection":[{"href":"https:\/\/diariodominicano.com\/index.php?rest_route=\/wp\/v2\/posts"}],"about":[{"href":"https:\/\/diariodominicano.com\/index.php?rest_route=\/wp\/v2\/types\/post"}],"author":[{"embeddable":true,"href":"https:\/\/diariodominicano.com\/index.php?rest_route=\/wp\/v2\/users\/3"}],"replies":[{"embeddable":true,"href":"https:\/\/diariodominicano.com\/index.php?rest_route=%2Fwp%2Fv2%2Fcomments&post=219013"}],"version-history":[{"count":0,"href":"https:\/\/diariodominicano.com\/index.php?rest_route=\/wp\/v2\/posts\/219013\/revisions"}],"wp:attachment":[{"href":"https:\/\/diariodominicano.com\/index.php?rest_route=%2Fwp%2Fv2%2Fmedia&parent=219013"}],"wp:term":[{"taxonomy":"category","embeddable":true,"href":"https:\/\/diariodominicano.com\/index.php?rest_route=%2Fwp%2Fv2%2Fcategories&post=219013"},{"taxonomy":"post_tag","embeddable":true,"href":"https:\/\/diariodominicano.com\/index.php?rest_route=%2Fwp%2Fv2%2Ftags&post=219013"}],"curies":[{"name":"wp","href":"https:\/\/api.w.org\/{rel}","templated":true}]}}