{"id":219012,"date":"2016-03-21T23:52:04","date_gmt":"2016-03-21T23:52:04","guid":{"rendered":"http:\/\/diariodominicano.ddns.net\/?p=219012"},"modified":"2016-03-21T23:52:04","modified_gmt":"2016-03-21T23:52:04","slug":"ministerio-publico-realiza-jornada-de-reforestacion-en-villa-altagracia","status":"publish","type":"post","link":"https:\/\/diariodominicano.com\/?p=219012","title":{"rendered":"Ministerio P\u00fablico realiza jornada de reforestaci\u00f3n en Villa Altagracia"},"content":{"rendered":"<p><body><\/p>\n<p><img decoding=\"async\" src=\"img3\/IMGM0849.jpg\" \/>  <\/p>\n<p><span class=\"text1noticias\">Villa Altagracia, San Crist\u00f3bal, R. D., 21 de marzo.- Personal de la Escuela Nacional del Ministerio P\u00fablico (ENMP), realiz\u00f3 una jornada de reforestaci\u00f3n en coordinaci\u00f3n con el Ministerio de Medio Ambiente y Recursos Naturales en la loma del Novillero, Municipio de Villa Altagracia, Provincia San Crist\u00f3bal, como parte de las acciones de responsabilidad social de la instituci\u00f3n.<\/span><\/p>\n<\/p>\n<p><span class=\"text1noticias\">La actividad fue encabezada por la Directora General de la ENMP,  Gladys S\u00e1nchez Richiez, quien inform\u00f3 que \u00abesta labor fue realizada por el personal de la instituci\u00f3n, con la finalidad de contribuir con la preservaci\u00f3n y el rescate del medio ambiente y la revitalizaci\u00f3n de esa zona\u00bb.<\/span><\/p>\n<\/p>\n<p><span class=\"text1noticias\">Asimismo, la licenciada S\u00e1nchez mostr\u00f3 su satisfacci\u00f3n por la muestra de cooperaci\u00f3n y el entusiasmo con que los colaboradores de la ENMP se integraron a la jornada de forma voluntaria, la cual resulta de vital importancia para las futuras generaciones. <\/span><\/p>\n<\/p>\n<p><span class=\"text1noticias\">Indic\u00f3 que con esta acci\u00f3n, \u00abla ENMP reafirma su compromiso con la comunidad y el medio ambiente, creando conciencia sobre la importancia de tomar acciones que lleven a la protecci\u00f3n ambiental, al mejoramiento de la calidad de la vida humana y sus recursos naturales\u00bb.<\/span><\/p>\n<\/p>\n<p><span class=\"text1noticias\">En esta jornada, adem\u00e1s de los colaboradores de la instituci\u00f3n, particip\u00f3 el Magistrado Juan Amado Cedano, Director General de Persecuci\u00f3n del Ministerio P\u00fablico, as\u00ed como los se\u00f1ores Pedro Castro y Ana Bautista, Vicepresidente y Tesorera, respectivamente, de la Cooperativa que agrupa a los empleados de la Procuradur\u00eda General de la Rep\u00fablica.<\/span><\/p>\n<\/p>\n<p><span class=\"text1noticias\">Previo al inicio de los trabajos, los t\u00e9cnicos del Ministerio de Medio Ambiente que acompa\u00f1aron a los voluntarios durante toda la jornada, explicaron la composici\u00f3n de los diferentes viveros que lo componen mayormente los Pinos Caribbea y el pinus occidental, entre otras variedades.<\/span> <\/p>\n<h6> 2016-03-21 23:52:04 <\/h6>\n<p><!--\n<link rel=\"stylesheet\" href=\"css\/bootstrap.min.css\">\n\n\n<ul class=\"pagination\">\n\t    \n\t\n\n<li >\n\t<a href='?page_no=13376'>Previous<\/a>\n\t<\/li>\n\n\n       \n    \n\n<li><a href='?page_no=1'>1<\/a><\/li>\n\n\n\n<li><a href='?page_no=2'>2<\/a><\/li>\n\n\n\n<li><a>...<\/a><\/li>\n\n\n\n<li><a href='?page_no=13375'>13375<\/a><\/li>\n\n\n\n<li><a href='?page_no=13376'>13376<\/a><\/li>\n\n\n\n<li class='active'><a>13377<\/a><\/li>\n\n\n\n<li><a href='?page_no=13378'>13378<\/a><\/li>\n\n\n\n<li><a href='?page_no=13379'>13379<\/a><\/li>\n\n\n\n<li><a>...<\/a><\/li>\n\n\n\n<li><a href='?page_no=56169'>56169<\/a><\/li>\n\n\n\n<li><a href='?page_no=56170'>56170<\/a><\/li>\n\n    \n\t\n\n<li >\n\t<a href='?page_no=13378'>Next<\/a>\n\t<\/li>\n\n\n    \n\n<li><a href='?page_no=56170'>Last &rsaquo;&rsaquo;<\/a><\/li>\n\n<\/ul>\n\n\n--><br \/>\n<\/body><\/p>\n","protected":false},"excerpt":{"rendered":"<p>Villa Altagracia, San Crist\u00f3bal, R. D., 21 de marzo.- Personal de la Escuela Nacional del Ministerio P\u00fablico (ENMP), realiz\u00f3 una jornada de reforestaci\u00f3n en coordinaci\u00f3n con el Ministerio de Medio Ambiente y Recursos Naturales en la loma del Novillero, Municipio de Villa Altagracia, Provincia San Crist\u00f3bal, como parte de las acciones de responsabilidad social de [&hellip;]<\/p>\n","protected":false},"author":3,"featured_media":0,"comment_status":"open","ping_status":"open","sticky":false,"template":"","format":"standard","meta":{"footnotes":""},"categories":[20],"tags":[],"class_list":["post-219012","post","type-post","status-publish","format-standard","hentry","category-dominicana-hoy"],"_links":{"self":[{"href":"https:\/\/diariodominicano.com\/index.php?rest_route=\/wp\/v2\/posts\/219012","targetHints":{"allow":["GET"]}}],"collection":[{"href":"https:\/\/diariodominicano.com\/index.php?rest_route=\/wp\/v2\/posts"}],"about":[{"href":"https:\/\/diariodominicano.com\/index.php?rest_route=\/wp\/v2\/types\/post"}],"author":[{"embeddable":true,"href":"https:\/\/diariodominicano.com\/index.php?rest_route=\/wp\/v2\/users\/3"}],"replies":[{"embeddable":true,"href":"https:\/\/diariodominicano.com\/index.php?rest_route=%2Fwp%2Fv2%2Fcomments&post=219012"}],"version-history":[{"count":0,"href":"https:\/\/diariodominicano.com\/index.php?rest_route=\/wp\/v2\/posts\/219012\/revisions"}],"wp:attachment":[{"href":"https:\/\/diariodominicano.com\/index.php?rest_route=%2Fwp%2Fv2%2Fmedia&parent=219012"}],"wp:term":[{"taxonomy":"category","embeddable":true,"href":"https:\/\/diariodominicano.com\/index.php?rest_route=%2Fwp%2Fv2%2Fcategories&post=219012"},{"taxonomy":"post_tag","embeddable":true,"href":"https:\/\/diariodominicano.com\/index.php?rest_route=%2Fwp%2Fv2%2Ftags&post=219012"}],"curies":[{"name":"wp","href":"https:\/\/api.w.org\/{rel}","templated":true}]}}