{"id":219010,"date":"2016-03-22T12:07:38","date_gmt":"2016-03-22T12:07:38","guid":{"rendered":"http:\/\/diariodominicano.ddns.net\/?p=219010"},"modified":"2016-03-22T12:07:38","modified_gmt":"2016-03-22T12:07:38","slug":"abinader-pide-honores-de-heroe-para-claudio-caamano","status":"publish","type":"post","link":"https:\/\/diariodominicano.com\/?p=219010","title":{"rendered":"&#13; .&#13;Abinader pide honores de h\u00e9roe para Claudio Caama\u00f1o"},"content":{"rendered":"<p><body><\/p>\n<p><img decoding=\"async\" src=\"img3\/claudio-jpg.jpg\" \/>  <\/p>\n<\/p>\n<p>Santo Domingo, RD, 22 de marzo.-  El candidato presidencial del Partido Revolucionario Moderno (PRM), Luis Abinader, expres\u00f3  \u00abprofundo dolor\u00bb por el fallecimiento del combatiente constitucionalista Claudio Caama\u00f1o, quien fuera un aliado de ideas y de luchas de su primo, el h\u00e9roe nacional Francisco Alberto Caama\u00f1o De\u00f1\u00f3.<\/p>\n<\/p>\n<p>El mensaje de Abinader fue transmitido por Roberto Fulcar, director de campa\u00f1a, quien inform\u00f3 que en las primeras horas de la ma\u00f1ana recibi\u00f3 una llamada del candidato presidencial, quien se encuentra en Florida en el inicio de una gira por Estados Unidos.<\/p>\n<\/p>\n<p>Fulcar expres\u00f3 que Abinader se interes\u00f3 por conocer detalles de la muerte de Caama\u00f1o Grull\u00f3n, y el tratamiento que se dar\u00e1 a su funeral, instruyendo coordinar con el presidente del PRM, Andr\u00e9s Bautista, la expresi\u00f3n de solidaridad con la familia del prestante dirigente fallecido.<\/p>\n<\/p>\n<p>Honores de h\u00e9roe nacional<\/p>\n<\/p>\n<p>Abinader solicit\u00f3 que el gobierno del presidente Danilo Medina conceda honores de h\u00e9roe nacional a los restos de Caama\u00f1o, porque adem\u00e1s de su coraje c\u00edvico y patri\u00f3tico fue un dominicano de conducta ejemplar, \u00abque vivi\u00f3 y muri\u00f3 limpio, coherente con su defensa de los mejores intereses de nuestro pueblo\u00bb.<\/p>\n<\/p>\n<p>Cit\u00f3 que Caama\u00f1o sirvi\u00f3 a los intereses nacionales \u00abcon las ideas y con las armas, seg\u00fan le demandaran las circunstancias, y sin dejarse arrastrar por los atractivos de la vida f\u00e1cil que da servirse de la pol\u00edtica para favorecerse de manera personal o grupal\u00bb.<\/p>\n<\/p>\n<p>Abinader valor\u00f3 el ejemplo de vida correcto y digno de Caama\u00f1o Grull\u00f3n, \u00abquien  nos deja el orgullo de haber terminado los \u00faltimos d\u00edas de su patri\u00f3tica carrera pol\u00edtica, militando activo como dirigente de nuestro Partido Revolucionario Moderno\u00bb.<\/p>\n<h6> 2016-03-22 12:07:38 <\/h6>\n<p><!--\n<link rel=\"stylesheet\" href=\"css\/bootstrap.min.css\">\n\n\n<ul class=\"pagination\">\n\t    \n\t\n\n<li >\n\t<a href='?page_no=13374'>Previous<\/a>\n\t<\/li>\n\n\n       \n    \n\n<li><a href='?page_no=1'>1<\/a><\/li>\n\n\n\n<li><a href='?page_no=2'>2<\/a><\/li>\n\n\n\n<li><a>...<\/a><\/li>\n\n\n\n<li><a href='?page_no=13373'>13373<\/a><\/li>\n\n\n\n<li><a href='?page_no=13374'>13374<\/a><\/li>\n\n\n\n<li class='active'><a>13375<\/a><\/li>\n\n\n\n<li><a href='?page_no=13376'>13376<\/a><\/li>\n\n\n\n<li><a href='?page_no=13377'>13377<\/a><\/li>\n\n\n\n<li><a>...<\/a><\/li>\n\n\n\n<li><a href='?page_no=56169'>56169<\/a><\/li>\n\n\n\n<li><a href='?page_no=56170'>56170<\/a><\/li>\n\n    \n\t\n\n<li >\n\t<a href='?page_no=13376'>Next<\/a>\n\t<\/li>\n\n\n    \n\n<li><a href='?page_no=56170'>Last &rsaquo;&rsaquo;<\/a><\/li>\n\n<\/ul>\n\n\n--><br \/>\n<\/body><\/p>\n","protected":false},"excerpt":{"rendered":"<p>Santo Domingo, RD, 22 de marzo.- El candidato presidencial del Partido Revolucionario Moderno (PRM), Luis Abinader, expres\u00f3 \u00abprofundo dolor\u00bb por el fallecimiento del combatiente constitucionalista Claudio Caama\u00f1o, quien fuera un aliado de ideas y de luchas de su primo, el h\u00e9roe nacional Francisco Alberto Caama\u00f1o De\u00f1\u00f3. El mensaje de Abinader fue transmitido por Roberto Fulcar, [&hellip;]<\/p>\n","protected":false},"author":3,"featured_media":0,"comment_status":"open","ping_status":"open","sticky":false,"template":"","format":"standard","meta":{"footnotes":""},"categories":[20],"tags":[],"class_list":["post-219010","post","type-post","status-publish","format-standard","hentry","category-dominicana-hoy"],"_links":{"self":[{"href":"https:\/\/diariodominicano.com\/index.php?rest_route=\/wp\/v2\/posts\/219010","targetHints":{"allow":["GET"]}}],"collection":[{"href":"https:\/\/diariodominicano.com\/index.php?rest_route=\/wp\/v2\/posts"}],"about":[{"href":"https:\/\/diariodominicano.com\/index.php?rest_route=\/wp\/v2\/types\/post"}],"author":[{"embeddable":true,"href":"https:\/\/diariodominicano.com\/index.php?rest_route=\/wp\/v2\/users\/3"}],"replies":[{"embeddable":true,"href":"https:\/\/diariodominicano.com\/index.php?rest_route=%2Fwp%2Fv2%2Fcomments&post=219010"}],"version-history":[{"count":0,"href":"https:\/\/diariodominicano.com\/index.php?rest_route=\/wp\/v2\/posts\/219010\/revisions"}],"wp:attachment":[{"href":"https:\/\/diariodominicano.com\/index.php?rest_route=%2Fwp%2Fv2%2Fmedia&parent=219010"}],"wp:term":[{"taxonomy":"category","embeddable":true,"href":"https:\/\/diariodominicano.com\/index.php?rest_route=%2Fwp%2Fv2%2Fcategories&post=219010"},{"taxonomy":"post_tag","embeddable":true,"href":"https:\/\/diariodominicano.com\/index.php?rest_route=%2Fwp%2Fv2%2Ftags&post=219010"}],"curies":[{"name":"wp","href":"https:\/\/api.w.org\/{rel}","templated":true}]}}