{"id":219009,"date":"2016-03-22T12:24:09","date_gmt":"2016-03-22T12:24:09","guid":{"rendered":"http:\/\/diariodominicano.ddns.net\/?p=219009"},"modified":"2016-03-22T12:24:09","modified_gmt":"2016-03-22T12:24:09","slug":"asumen-denuncia-de-grave-crisis-hidrica-y-ambiental-de-la-academia-de-ciencias-y-la-uasd","status":"publish","type":"post","link":"https:\/\/diariodominicano.com\/?p=219009","title":{"rendered":"&#13; Asumen  denuncia de grave crisis H\u00eddrica y Ambiental de la Academia de Ciencias y la UASD"},"content":{"rendered":"<p><body><\/p>\n<p><img decoding=\"async\" src=\"img3\/rio0003.jpg\" \/>  <\/p>\n<\/p>\n<p><strong> <\/strong><\/p>\n<p><strong><span class=\"text1noticias\">Santo Domingo, RD, 22 de marzo.-<\/span><\/strong><span class=\"text1noticias\"> En el D\u00eda Mundial del Agua,  que se celebra hoy 22 de marzo, la Comisi\u00f3n Nacional de los Derechos Humanos (CNDH-RD) y Justicia Clim\u00e1tica asumen y hace propia la denuncia que la Academia de Ciencias y la Comisi\u00f3n Ambiental de la Universidad Aut\u00f3noma de Santo Domingo han difundido en estos d\u00edas respecto a la grav\u00edsima  situaci\u00f3n h\u00eddrica y  ambiental  que se  registra en el municipio de Constanza y que, como ellas declaran, est\u00e1 afectando el consumo de agua de m\u00e1s de tres millones de personas y la producci\u00f3n agr\u00edcola de una de las \u00e1rea m\u00e1s productivas del pa\u00eds.  <\/span><\/p>\n<\/p>\n<p><span class=\"text1noticias\">\u00abEl  informe de la Academia de Ciencias y de la Comisi\u00f3n Ambiental de la UASD plantea en el municipio de Constanza  una situaci\u00f3n de desastre ambiental de tal gravedad  que llama en causa la participaci\u00f3n directa y activa de todos los ciudadanos de nuestro pa\u00eds y la intervenci\u00f3n inmediata de las autoridades correspondientes\u00bb ha declarado el Dr. Manuel Mar\u00eda Mercedes, presidente de la Comisi\u00f3n Nacional de los Derechos Humanos,  admitiendo de haberse sentido extremadamente impactado por la gravedad de la situaci\u00f3n descripta en el informe de las dos instituciones.<\/span><\/p>\n<\/p>\n<p><span class=\"text1noticias\">Desde el 1993, a\u00f1o en el que se ha dado inicio a las celebraciones, cada 22 de marzo,  del D\u00eda Mundial del Agua,  esta jornada a nivel internacional es importante para \u00abdebatir c\u00f3mo debemos gestionar los recursos h\u00eddricos en el futuro\u00bb.<\/span><\/p>\n<\/p>\n<p><span class=\"text1noticias\">Lamentablemente, lo que el estudio de estas dos prestigiosas instituciones cient\u00edficas de nuestro pa\u00eds, est\u00e1 denunciando es que por lo menos en el municipio de Constanza nos estamos encaminando hacia una situaci\u00f3n de no retorno.<\/span><\/p>\n<\/p>\n<p><span class=\"text1noticias\">\u00abEs que si no actuamos de inmediato lo que se perfila al horizonte es la negaci\u00f3n del futuro para las poblaciones de Constanza, ya que sin gua no hay comida, no hay vida\u00bb reitera el Dr. Mercedes.<\/span><\/p>\n<\/p>\n<p><span class=\"text1noticias\">Es por eso que en este d\u00eda, sum\u00e1ndonos al llamado  que hacen la Academia de Ciencias y la Comisi\u00f3n Ambiental de la UASD  a las autoridades directamente involucradas en la problem\u00e1tica como lo son el Ministerio de Medio Ambiente y Recursos Naturales, el Instituto Nacional de Recursos Hidr\u00e1ulicos, INDRHI, el Ministerio de Agricultura, el Ministerio de Econom\u00eda, Desarrollo y Planificaci\u00f3n, el Congreso Nacional y  todas las dem\u00e1s instancias oficiales competentes, locales y nacionales, solicitamos que la zona sea declarada en \u00abEstado de emergencia\u00bb e informamos  que ponemos a disposici\u00f3n nuestro equipo legal para darle seguimiento jur\u00eddico cuando y como fuera necesario.<\/span><\/p>\n<\/p>\n<p><span class=\"text1noticias\">Por otro lado, dando seguimiento a las resoluciones finales de nuestro XVIII Seminario Internacional del diciembre de 2015 sobre \u00abEl agua como un derecho humano\u00bb nos comprometemos a llevar la citada denuncia a todas las instancia internacionales correspondientes en acorde a los tratados y convenios internacionales en tema de derechos econ\u00f3micos, sociales, culturales y ambientales firmados y ratificados por el Estado dominicano.<\/span><\/p>\n<\/p>\n<p><span class=\"text1noticias\">Finalmente,  reiteramos a los diferentes candidatos presidenciales que expresen de forma clara a la opini\u00f3n p\u00fablica y a los electores sus compromisos con los derechos ambientales del pueblo dominicano.<\/span><\/p>\n<\/p>\n<h6> 2016-03-22 12:24:09 <\/h6>\n<p><!--\n<link rel=\"stylesheet\" href=\"css\/bootstrap.min.css\">\n\n\n<ul class=\"pagination\">\n\t    \n\t\n\n<li >\n\t<a href='?page_no=13373'>Previous<\/a>\n\t<\/li>\n\n\n       \n    \n\n<li><a href='?page_no=1'>1<\/a><\/li>\n\n\n\n<li><a href='?page_no=2'>2<\/a><\/li>\n\n\n\n<li><a>...<\/a><\/li>\n\n\n\n<li><a href='?page_no=13372'>13372<\/a><\/li>\n\n\n\n<li><a href='?page_no=13373'>13373<\/a><\/li>\n\n\n\n<li class='active'><a>13374<\/a><\/li>\n\n\n\n<li><a href='?page_no=13375'>13375<\/a><\/li>\n\n\n\n<li><a href='?page_no=13376'>13376<\/a><\/li>\n\n\n\n<li><a>...<\/a><\/li>\n\n\n\n<li><a href='?page_no=56169'>56169<\/a><\/li>\n\n\n\n<li><a href='?page_no=56170'>56170<\/a><\/li>\n\n    \n\t\n\n<li >\n\t<a href='?page_no=13375'>Next<\/a>\n\t<\/li>\n\n\n    \n\n<li><a href='?page_no=56170'>Last &rsaquo;&rsaquo;<\/a><\/li>\n\n<\/ul>\n\n\n--><br \/>\n<\/body><\/p>\n","protected":false},"excerpt":{"rendered":"<p>Santo Domingo, RD, 22 de marzo.- En el D\u00eda Mundial del Agua, que se celebra hoy 22 de marzo, la Comisi\u00f3n Nacional de los Derechos Humanos (CNDH-RD) y Justicia Clim\u00e1tica asumen y hace propia la denuncia que la Academia de Ciencias y la Comisi\u00f3n Ambiental de la Universidad Aut\u00f3noma de Santo Domingo han difundido en [&hellip;]<\/p>\n","protected":false},"author":3,"featured_media":0,"comment_status":"open","ping_status":"open","sticky":false,"template":"","format":"standard","meta":{"footnotes":""},"categories":[20],"tags":[],"class_list":["post-219009","post","type-post","status-publish","format-standard","hentry","category-dominicana-hoy"],"_links":{"self":[{"href":"https:\/\/diariodominicano.com\/index.php?rest_route=\/wp\/v2\/posts\/219009","targetHints":{"allow":["GET"]}}],"collection":[{"href":"https:\/\/diariodominicano.com\/index.php?rest_route=\/wp\/v2\/posts"}],"about":[{"href":"https:\/\/diariodominicano.com\/index.php?rest_route=\/wp\/v2\/types\/post"}],"author":[{"embeddable":true,"href":"https:\/\/diariodominicano.com\/index.php?rest_route=\/wp\/v2\/users\/3"}],"replies":[{"embeddable":true,"href":"https:\/\/diariodominicano.com\/index.php?rest_route=%2Fwp%2Fv2%2Fcomments&post=219009"}],"version-history":[{"count":0,"href":"https:\/\/diariodominicano.com\/index.php?rest_route=\/wp\/v2\/posts\/219009\/revisions"}],"wp:attachment":[{"href":"https:\/\/diariodominicano.com\/index.php?rest_route=%2Fwp%2Fv2%2Fmedia&parent=219009"}],"wp:term":[{"taxonomy":"category","embeddable":true,"href":"https:\/\/diariodominicano.com\/index.php?rest_route=%2Fwp%2Fv2%2Fcategories&post=219009"},{"taxonomy":"post_tag","embeddable":true,"href":"https:\/\/diariodominicano.com\/index.php?rest_route=%2Fwp%2Fv2%2Ftags&post=219009"}],"curies":[{"name":"wp","href":"https:\/\/api.w.org\/{rel}","templated":true}]}}