{"id":219008,"date":"2016-03-22T12:54:41","date_gmt":"2016-03-22T12:54:41","guid":{"rendered":"http:\/\/diariodominicano.ddns.net\/?p=219008"},"modified":"2016-03-22T12:54:41","modified_gmt":"2016-03-22T12:54:41","slug":"abinader-y-el-rector-de-la-uasd-expresan-pesar-por-la-muerte-de-claudio-caamano","status":"publish","type":"post","link":"https:\/\/diariodominicano.com\/?p=219008","title":{"rendered":"Abinader y el rector de la UASD expresan pesar por la muerte de Claudio Caama\u00f1o"},"content":{"rendered":"<p><body><\/p>\n<p><img decoding=\"async\" src=\"img3\/claudio005.jpg\" \/>  <\/p>\n<\/p>\n<p>Por Alberto Cuadra<\/p>\n<p><strong>Diariodominicano.com<\/strong><\/p>\n<\/p>\n<p><strong>Este martes  en  un comunicado  los familiares Claudio Caama\u00f1o Grull\u00f3n anunciaron que sus restos ser\u00e1n expuestos este mi\u00e9rcoles 23 de marzo, desde las 9:00 a.m., en la capilla La Paz de la funeraria Blandino de la avenida Abraham Lincoln, Distrito Nacional.<\/strong><\/p>\n<\/p>\n<p><strong>SANTO  DOMINGO,  RD,  22  de  Marzo  de  2016.- <\/strong> El candidato presidencial del Partido Revolucionario Moderno (PRM)  Luis Abinader  y el rector de la Universidad Aut\u00f3noma  de Santo Domingo (UASD)  Iv\u00e1n Grull\u00f3n  Fern\u00e1ndez  expresaron este martes profundo pesar por la muerte del ex combatiente  constitucionalista y guerrillero, Claudio Caama\u00f1o  Grull\u00f3n.<\/p>\n<p>En un mensaje desde la Florida, Estados Unidos, el  candidato presidencial del PRM, Luis Abinader, expres\u00f3  \u00abprofundo dolor\u00bb por el fallecimiento de Claudio Caama\u00f1o Grull\u00f3n, quien destac\u00f3 fue  un aliado de ideas y de luchas de su primo, el h\u00e9roe  nacional  Francisco Alberto Caama\u00f1o De\u00f1\u00f3.<\/p>\n<p>De igual modo, el  rector de la UASD) al expresar su pesar destac\u00f3 que  Claudio Caama\u00f1o fue un  hombre de mil batallas, que representa una generaci\u00f3n que ayud\u00f3 a construir lo que es hoy la Universidad Aut\u00f3noma de Santo Domingo (UASD),  y resalt\u00f3 que se marcha de la vida terrenal de manera inesperada y tr\u00e1gica.<\/p>\n<\/p>\n<p>Este martes <strong> en  un comunicado  los familiares Claudio Caama\u00f1o Grull\u00f3n anunciaron que sus restos ser\u00e1n expuestos este mi\u00e9rcoles 23 de marzo, desde las 9:00 a.m., en la capilla La Paz de la funeraria Blandino de la avenida Abraham Lincoln, Distrito Nacional.<\/strong><\/p>\n<\/p>\n<p>Claudio Caama\u00f1o Grull\u00f3n falleci\u00f3 este martes en horas de la madrugada, en la unidad de cuidados intensivos del Centro M\u00e9dico UCE del Distrito Nacional.<\/p>\n<\/p>\n<p>El sepelio ser\u00e1 realizado el jueves a la 5 de la tarde en el Cementerio de la M\u00e1ximo G\u00f3mez.<\/p>\n<p><strong> <\/strong><\/p>\n<p><strong>Abinader expresa profundo pesar<\/strong><\/p>\n<\/p>\n<p>En su mensaje  el  candidato presidencial del PRM, Luis Abinader, expres\u00f3  \u00abprofundo dolor\u00bb por el fallecimiento del combatiente constitucionalista  y ex guerrillero Claudio Caama\u00f1o, quien destac\u00f3 fue  un aliado de ideas y de luchas de su primo, el h\u00e9roe  nacional  Francisco Alberto Caama\u00f1o De\u00f1\u00f3.<\/p>\n<\/p>\n<p>El mensaje de Abinader  fue enviado a los medios de comunicaci\u00f3n  por Roberto Fulcar,  director de campa\u00f1a del PRM, quien inform\u00f3 que en las primeras horas de la ma\u00f1ana de este martes  recibi\u00f3 una llamada del candidato presidencial, quien se encuentra en Florida en el inicio de una gira por Estados Unidos.<\/p>\n<p>Dijo  que Abinader se interes\u00f3 por conocer detalles de la muerte de Caama\u00f1o Grull\u00f3n, y el tratamiento que se dar\u00e1 a su funeral, instruyendo coordinar con el presidente del PRM, Andr\u00e9s Bautista,  la expresi\u00f3n de solidaridad con la familia de Claudio Caama\u00f1o.<\/p>\n<\/p>\n<p>El candidato presidencial del PRM  solicit\u00f3 que el Gobierno del presidente Danilo Medina conceda honores de h\u00e9roe nacional a los restos de  Caama\u00f1o, porque adem\u00e1s de su coraje c\u00edvico y patri\u00f3tico fue un dominicano de conducta ejemplar, \u00abque vivi\u00f3 y muri\u00f3 limpio, coherente con su defensa de los mejores intereses de nuestro pueblo\u00bb.<\/p>\n<\/p>\n<p>Destac\u00f3  que Caama\u00f1o sirvi\u00f3 a los intereses nacionales \u00abcon las ideas y con las armas, seg\u00fan le demandaran las circunstancias, y sin dejarse arrastrar por los atractivos de la vida f\u00e1cil que da servirse de la pol\u00edtica para favorecerse de manera personal o grupal\u00bb.<\/p>\n<p>Valor\u00f3 el ejemplo de vida correcto y digno de Caama\u00f1o Grull\u00f3n, \u00abquien  nos deja el orgullo de haber terminado los \u00faltimos d\u00edas de su patri\u00f3tica carrera pol\u00edtica, militando activo como dirigente de nuestro Partido Revolucionario Moderno\u00bb. <\/p>\n<p><strong>Rector de la UASD: fue un hombre de mil batallas&#8230;<\/strong><\/p>\n<\/p>\n<p>El rector de la Universidad Aut\u00f3noma de Santo Domingo, (UASD)  Iv\u00e1n Grull\u00f3n Fern\u00e1ndez  al expresar su pesar por la muerte de Claudio Caama\u00f1o Grull\u00f3n , destac\u00f3 que fue un  hombre de mil batallas, que representa una generaci\u00f3n que ayud\u00f3 a construir lo que es hoy la Universidad Aut\u00f3noma de Santo Domingo (UASD),  y resalt\u00f3 que se marcha de la vida terrenal de manera inesperada y tr\u00e1gica.<\/p>\n<p>Dijo que fue valiente, decidido, solidario y de firmes ideales.  Sostuvo que su  vida constituye un ejemplo de apegamiento a principios, que llev\u00f3 consigo todo el tiempo. A continuaci\u00f3n Diariodominicano.com reproduce  el texto ?integro de la declaraci\u00f3n del rector de la UASD:<\/p>\n<p>\u00abUn hombre de mil batallas, que representa una generaci\u00f3n que ayud\u00f3 a construir lo que es hoy la Universidad Aut\u00f3noma de Santo Domingo (UASD), se marcha de la vida terrenal de manera inesperada y tr\u00e1gica.<\/p>\n<p>Valiente, decidido, solidario, de firmes ideales, podr\u00edan ser algunos de los t\u00e9rminos para referirse a Claudio Caama\u00f1o Grull\u00f3n. Su vida constituye un ejemplo de apegamiento a principios, que llev\u00f3 consigo todo el tiempo. En la vida militar, en sus funciones durante la Gesta de Abril de 1965, en el exilio, en la guerrilla, siempre.<\/p>\n<p>Honramos la memoria de un incondicional amigo de la UASD y ejemplo patri\u00f3tico y moral de todo el pueblo dominicano.  Que la evocaci\u00f3n de su memoria nos impulse a ser mejores ciudadanos, mejores patriotas y mejores universitarios.<\/p>\n<p>Esta Universidad de la Patria, le despide con respeto, Comandante Caama\u00f1o.<\/p>\n<p><strong>Restos er\u00e1n expuestos el mi\u00e9rcoles en la Funeraria Blandino de la avenida Abraham Lincoln<\/strong><\/p>\n<\/p>\n<p>\t<strong> Mediante un comunicado, los familiares Claudio Caama\u00f1o Grull\u00f3n anunciaron que sus restos ser\u00e1n expuestos este mi\u00e9rcoles 23 de marzo, desde las 9:00 a.m., en la capilla La Paz de la funeraria Blandino de la avenida Abraham Lincoln, Distrito Nacional.<\/strong><\/p>\n<\/p>\n<p>Claudio Caama\u00f1o Grull\u00f3n falleci\u00f3 este martes en horas de la madrugada, en la unidad de cuidados intensivos del Centro M\u00e9dico UCE del Distrito Nacional.<\/p>\n<\/p>\n<p>El sepelio ser\u00e1 realizado el jueves a la 5 de la tarde en el Cementerio de la M\u00e1ximo G\u00f3mez.<\/p>\n<\/p>\n<p>Con 78 a\u00f1os, al compa\u00f1ero inseparable del coronel Francisco Alberto Caama\u00f1o De\u00f1\u00f3, l\u00edder de la Revoluci\u00f3n de Abril de 1965 y la Guerrilla de Caracoles de 1973, le sobreviven su esposa Fabiola Julia V\u00e9lez Catrain y sus hijos Cania Caama\u00f1o Acevedo, Caren Caama\u00f1o Acevedo, Dioma Caama\u00f1o Bid\u00f3, Javier Caama\u00f1o, Manfredo Duarte Caama\u00f1o V\u00e9lez, Claudio Antonio Caama\u00f1o V\u00e9lez y Claudia Caama\u00f1o Calder\u00f3n. Su otro hijo Francisco Claudio Caama\u00f1o V\u00e9lez falleci\u00f3 en 2012.<\/p>\n<\/p>\n<p>Breve Semblanza<\/p>\n<\/p>\n<p>Claudio Antonio Caama\u00f1o Grull\u00f3n naci\u00f3 el 21 de febrero de 1938, en Santo Domingo. Hijo del Coronel Cesar Caama\u00f1o Mella, Ej\u00e9rcito Constitucionalista de San Pedro de Macor\u00eds, y Antonia Grull\u00f3n Morel, de Juan G\u00f3mez, Montecristi.<\/p>\n<\/p>\n<p>Como hijo de militar, estudi\u00f3 primar\u00eda y secundar\u00eda en casi todos los pueblos del pa\u00eds a los que su padre fue trasladado en sus servicios como soldado.<\/p>\n<\/p>\n<p>Siendo estudiante de ingenier\u00eda civil, en la Universidad de Santo Domingo, en 1957 fue detenido, con prisi\u00f3n domiciliaria en la finca de su abuelo, en La Majagua, S\u00e1nchez, donde permaneci\u00f3 hasta la muerte del tirano Rafael Leonidas Trujillo.<\/p>\n<\/p>\n<p>Ingresa a la Polic\u00eda Nacional por recomendaci\u00f3n del coronel Francisco Caama\u00f1o De\u00f1\u00f3 P.N el 22 de octubre de 1962.<\/p>\n<\/p>\n<p>En la Gesta Patria de abril de 1965 fue ascendido a mayor del ej\u00e9rcito constitucionalista el d\u00eda 27 de abril de 1965 durante la Batalla del Puente Duarte.<\/p>\n<\/p>\n<p>Miembro del Estado Mayor del Gobierno Constitucional de la Rep\u00fablica en Armas del Presidente Francisco Caama\u00f1o De\u00f1\u00f3, que junto al pueblo dominicano enfrent\u00f3 el nuevo intento de ocupaci\u00f3n militar de la Rep\u00fablica.<\/p>\n<\/p>\n<p>Caama\u00f1o Grull\u00f3n fue Jefe de Inteligencia y Contra-Inteligencia durante toda la Guerra Patria de 1965, y particip\u00f3 en las m\u00e1s importantes batallas y combates.<\/p>\n<\/p>\n<p>En 1973 regres\u00f3 al pa\u00eds como parte de la guerrilla encabezada por Caama\u00f1o De\u00f1\u00f3, con la funci\u00f3n de encargado de log\u00edstica, inteligencia y enfermer\u00eda.<\/p>\n<\/p>\n<p>Estuvo junto a Francisco Caama\u00f1o durante gran parte de su vida privada y p\u00fablica, hasta el d\u00eda de su muerte el 16 febrero de 1973.<\/p>\n<\/p>\n<p>Dirigi\u00f3 un movimiento en contra del gobierno \u00abterrorista y servil a los Estados Unidos de Joaqu\u00edn Balaguer\u00bb, en 1975. Fue capturado el 1 de octubre de 1975, y paso dos a\u00f1os en una solitaria.<\/p>\n<\/p>\n<p>Fue el Presidente Nacional de la Fundaci\u00f3n Francisco Alberto Caama\u00f1o De\u00f1\u00f3, desde 1994. Est\u00e1 retirado con el rango de mayor, P.N., desde el a\u00f1o 2005. Econ\u00f3micamente se dedicaba a la producci\u00f3n de frutales en la provincia Peravia.<\/p>\n<\/p>\n<\/p>\n<h6> 2016-03-22 12:54:41 <\/h6>\n<p><!--\n<link rel=\"stylesheet\" href=\"css\/bootstrap.min.css\">\n\n\n<ul class=\"pagination\">\n\t    \n\t\n\n<li >\n\t<a href='?page_no=13372'>Previous<\/a>\n\t<\/li>\n\n\n       \n    \n\n<li><a href='?page_no=1'>1<\/a><\/li>\n\n\n\n<li><a href='?page_no=2'>2<\/a><\/li>\n\n\n\n<li><a>...<\/a><\/li>\n\n\n\n<li><a href='?page_no=13371'>13371<\/a><\/li>\n\n\n\n<li><a href='?page_no=13372'>13372<\/a><\/li>\n\n\n\n<li class='active'><a>13373<\/a><\/li>\n\n\n\n<li><a href='?page_no=13374'>13374<\/a><\/li>\n\n\n\n<li><a href='?page_no=13375'>13375<\/a><\/li>\n\n\n\n<li><a>...<\/a><\/li>\n\n\n\n<li><a href='?page_no=56169'>56169<\/a><\/li>\n\n\n\n<li><a href='?page_no=56170'>56170<\/a><\/li>\n\n    \n\t\n\n<li >\n\t<a href='?page_no=13374'>Next<\/a>\n\t<\/li>\n\n\n    \n\n<li><a href='?page_no=56170'>Last &rsaquo;&rsaquo;<\/a><\/li>\n\n<\/ul>\n\n\n--><br \/>\n<\/body><\/p>\n","protected":false},"excerpt":{"rendered":"<p>Por Alberto Cuadra Diariodominicano.com Este martes en un comunicado los familiares Claudio Caama\u00f1o Grull\u00f3n anunciaron que sus restos ser\u00e1n expuestos este mi\u00e9rcoles 23 de marzo, desde las 9:00 a.m., en la capilla La Paz de la funeraria Blandino de la avenida Abraham Lincoln, Distrito Nacional. SANTO DOMINGO, RD, 22 de Marzo de 2016.- El candidato [&hellip;]<\/p>\n","protected":false},"author":3,"featured_media":0,"comment_status":"open","ping_status":"open","sticky":false,"template":"","format":"standard","meta":{"footnotes":""},"categories":[20],"tags":[],"class_list":["post-219008","post","type-post","status-publish","format-standard","hentry","category-dominicana-hoy"],"_links":{"self":[{"href":"https:\/\/diariodominicano.com\/index.php?rest_route=\/wp\/v2\/posts\/219008","targetHints":{"allow":["GET"]}}],"collection":[{"href":"https:\/\/diariodominicano.com\/index.php?rest_route=\/wp\/v2\/posts"}],"about":[{"href":"https:\/\/diariodominicano.com\/index.php?rest_route=\/wp\/v2\/types\/post"}],"author":[{"embeddable":true,"href":"https:\/\/diariodominicano.com\/index.php?rest_route=\/wp\/v2\/users\/3"}],"replies":[{"embeddable":true,"href":"https:\/\/diariodominicano.com\/index.php?rest_route=%2Fwp%2Fv2%2Fcomments&post=219008"}],"version-history":[{"count":0,"href":"https:\/\/diariodominicano.com\/index.php?rest_route=\/wp\/v2\/posts\/219008\/revisions"}],"wp:attachment":[{"href":"https:\/\/diariodominicano.com\/index.php?rest_route=%2Fwp%2Fv2%2Fmedia&parent=219008"}],"wp:term":[{"taxonomy":"category","embeddable":true,"href":"https:\/\/diariodominicano.com\/index.php?rest_route=%2Fwp%2Fv2%2Fcategories&post=219008"},{"taxonomy":"post_tag","embeddable":true,"href":"https:\/\/diariodominicano.com\/index.php?rest_route=%2Fwp%2Fv2%2Ftags&post=219008"}],"curies":[{"name":"wp","href":"https:\/\/api.w.org\/{rel}","templated":true}]}}