{"id":219007,"date":"2016-03-22T13:09:38","date_gmt":"2016-03-22T13:09:38","guid":{"rendered":"http:\/\/diariodominicano.ddns.net\/?p=219007"},"modified":"2016-03-22T13:09:38","modified_gmt":"2016-03-22T13:09:38","slug":"restos-de-claudio-caamano-grullon-seran-expuestos-el-miercoles-en-la-funeraria-blandino","status":"publish","type":"post","link":"https:\/\/diariodominicano.com\/?p=219007","title":{"rendered":"&#13;&#13;&#13;Restos de Claudio Caama\u00f1o Grull\u00f3n ser\u00e1n expuestos el mi\u00e9rcoles en la Funeraria Blandino"},"content":{"rendered":"<p><body><\/p>\n<\/p>\n<\/p>\n<p><span class=\"text1noticias\">Santo Domingo, RD, 22 de marzo.- Mediante un comunicado, los familiares Claudio Caama\u00f1o Grull\u00f3n  anunciaron que sus restos ser\u00e1n expuestos este mi\u00e9rcoles 23 de marzo, desde las 9:00 a.m., en la capilla La Paz de la funeraria Blandino de la avenida Abraham Lincoln, Distrito Nacional. <\/span><\/p>\n<\/p>\n<p><span class=\"text1noticias\">Claudio Caama\u00f1o Grull\u00f3n  falleci\u00f3 este martes  en horas de la madrugada,  en la unidad de cuidados intensivos del Centro M\u00e9dico UCE del Distrito Nacional.<\/span><\/p>\n<\/p>\n<p><span class=\"text1noticias\">El sepelio ser\u00e1 realizado el jueves a la 5 de la tarde en el Cementerio de la M\u00e1ximo G\u00f3mez.<\/span><\/p>\n<\/p>\n<p><span class=\"text1noticias\">Con 78 a\u00f1os, al compa\u00f1ero inseparable del coronel Francisco Alberto Caama\u00f1o De\u00f1\u00f3, l\u00edder de la Revoluci\u00f3n de Abril de 1965 y la Guerrilla de Caracoles de 1973, le sobreviven su esposa Fabiola Julia V\u00e9lez Catrain y sus hijos Cania Caama\u00f1o Acevedo, Caren Caama\u00f1o Acevedo, Dioma Caama\u00f1o Bid\u00f3, Javier Caama\u00f1o, Manfredo Duarte Caama\u00f1o V\u00e9lez, Claudio Antonio Caama\u00f1o V\u00e9lez y Claudia Caama\u00f1o Calder\u00f3n. Su otro hijo Francisco Claudio Caama\u00f1o V\u00e9lez falleci\u00f3 en 2012.<\/span><\/p>\n<\/p>\n<p><span class=\"text1noticias\">Breve Semblanza<\/span><\/p>\n<\/p>\n<p><span class=\"text1noticias\">Claudio Antonio Caama\u00f1o Grull\u00f3n naci\u00f3 el 21 de febrero de 1938, en Santo Domingo. Hijo del Coronel Cesar Caama\u00f1o Mella, Ej\u00e9rcito Constitucionalista de San Pedro de Macor\u00eds, y Antonia Grull\u00f3n Morel, de Juan G\u00f3mez, Montecristi.<\/span><\/p>\n<\/p>\n<p><span class=\"text1noticias\">Como hijo de militar, estudi\u00f3 primar\u00eda y secundar\u00eda en casi todos los pueblos del pa\u00eds a los que su padre fue trasladado en sus servicios como soldado. <\/span><\/p>\n<\/p>\n<p><span class=\"text1noticias\">Siendo estudiante de ingenier\u00eda civil, en la Universidad de Santo Domingo, en 1957 fue detenido, con prisi\u00f3n domiciliaria en la finca de su  abuelo, en La Majagua, S\u00e1nchez, donde permaneci\u00f3 hasta la muerte del tirano Rafael Leonidas Trujillo.<\/span><\/p>\n<p><span class=\"text1noticias\"> <\/span><\/p>\n<p><span class=\"text1noticias\">Ingresa a la Polic\u00eda Nacional por recomendaci\u00f3n del coronel Francisco Caama\u00f1o De\u00f1\u00f3 P.N el 22 de octubre de 1962.<\/span><\/p>\n<p><span class=\"text1noticias\">En la Gesta Patria de abril de 1965 fue ascendido a mayor del ej\u00e9rcito constitucionalista el d\u00eda 27 de abril de 1965 durante la Batalla del Puente Duarte.<\/span><\/p>\n<p><span class=\"text1noticias\"> <\/span><\/p>\n<p><span class=\"text1noticias\">Miembro del Estado Mayor del Gobierno Constitucional de la Rep\u00fablica en Armas del Presidente Francisco Caama\u00f1o De\u00f1\u00f3, que junto al pueblo dominicano enfrent\u00f3 el nuevo intento de ocupaci\u00f3n militar de la Rep\u00fablica.<\/span><\/p>\n<\/p>\n<p><span class=\"text1noticias\">Caama\u00f1o Grull\u00f3n fue Jefe de Inteligencia y Contra-Inteligencia durante toda la Guerra Patria de 1965, y particip\u00f3 en las m\u00e1s  importantes batallas y combates.<\/span><\/p>\n<\/p>\n<p><span class=\"text1noticias\">En 1973 regres\u00f3 al pa\u00eds como parte de la guerrilla encabezada por Caama\u00f1o De\u00f1\u00f3, con la funci\u00f3n de encargado de log\u00edstica, inteligencia y enfermer\u00eda.<\/span><\/p>\n<\/p>\n<p><span class=\"text1noticias\">Estuvo junto a Francisco Caama\u00f1o durante gran parte de su vida privada y p\u00fablica, hasta el d\u00eda de su muerte el 16 febrero de 1973.<\/span><\/p>\n<\/p>\n<p><span class=\"text1noticias\">Dirigi\u00f3 un movimiento en contra del gobierno \u00abterrorista y servil a los Estados Unidos de Joaqu\u00edn Balaguer\u00bb, en 1975. Fue capturado el 1 de octubre de 1975, y paso dos a\u00f1os en una solitaria.<\/span><\/p>\n<p><span class=\"text1noticias\"> <\/span><\/p>\n<p><span class=\"text1noticias\">Fue el Presidente Nacional de la Fundaci\u00f3n Francisco Alberto Caama\u00f1o De\u00f1\u00f3, desde 1994. Est\u00e1 retirado con el rango de mayor, P.N., desde el a\u00f1o 2005. Econ\u00f3micamente se dedicaba a la producci\u00f3n de frutales en la provincia Peravia.<\/span><\/p>\n<h6> 2016-03-22 13:09:38 <\/h6>\n<p><!--\n<link rel=\"stylesheet\" href=\"css\/bootstrap.min.css\">\n\n\n<ul class=\"pagination\">\n\t    \n\t\n\n<li >\n\t<a href='?page_no=13371'>Previous<\/a>\n\t<\/li>\n\n\n       \n    \n\n<li><a href='?page_no=1'>1<\/a><\/li>\n\n\n\n<li><a href='?page_no=2'>2<\/a><\/li>\n\n\n\n<li><a>...<\/a><\/li>\n\n\n\n<li><a href='?page_no=13370'>13370<\/a><\/li>\n\n\n\n<li><a href='?page_no=13371'>13371<\/a><\/li>\n\n\n\n<li class='active'><a>13372<\/a><\/li>\n\n\n\n<li><a href='?page_no=13373'>13373<\/a><\/li>\n\n\n\n<li><a href='?page_no=13374'>13374<\/a><\/li>\n\n\n\n<li><a>...<\/a><\/li>\n\n\n\n<li><a href='?page_no=56169'>56169<\/a><\/li>\n\n\n\n<li><a href='?page_no=56170'>56170<\/a><\/li>\n\n    \n\t\n\n<li >\n\t<a href='?page_no=13373'>Next<\/a>\n\t<\/li>\n\n\n    \n\n<li><a href='?page_no=56170'>Last &rsaquo;&rsaquo;<\/a><\/li>\n\n<\/ul>\n\n\n--><br \/>\n<\/body><\/p>\n","protected":false},"excerpt":{"rendered":"<p>Santo Domingo, RD, 22 de marzo.- Mediante un comunicado, los familiares Claudio Caama\u00f1o Grull\u00f3n anunciaron que sus restos ser\u00e1n expuestos este mi\u00e9rcoles 23 de marzo, desde las 9:00 a.m., en la capilla La Paz de la funeraria Blandino de la avenida Abraham Lincoln, Distrito Nacional. Claudio Caama\u00f1o Grull\u00f3n falleci\u00f3 este martes en horas de la [&hellip;]<\/p>\n","protected":false},"author":3,"featured_media":0,"comment_status":"open","ping_status":"open","sticky":false,"template":"","format":"standard","meta":{"footnotes":""},"categories":[20],"tags":[],"class_list":["post-219007","post","type-post","status-publish","format-standard","hentry","category-dominicana-hoy"],"_links":{"self":[{"href":"https:\/\/diariodominicano.com\/index.php?rest_route=\/wp\/v2\/posts\/219007","targetHints":{"allow":["GET"]}}],"collection":[{"href":"https:\/\/diariodominicano.com\/index.php?rest_route=\/wp\/v2\/posts"}],"about":[{"href":"https:\/\/diariodominicano.com\/index.php?rest_route=\/wp\/v2\/types\/post"}],"author":[{"embeddable":true,"href":"https:\/\/diariodominicano.com\/index.php?rest_route=\/wp\/v2\/users\/3"}],"replies":[{"embeddable":true,"href":"https:\/\/diariodominicano.com\/index.php?rest_route=%2Fwp%2Fv2%2Fcomments&post=219007"}],"version-history":[{"count":0,"href":"https:\/\/diariodominicano.com\/index.php?rest_route=\/wp\/v2\/posts\/219007\/revisions"}],"wp:attachment":[{"href":"https:\/\/diariodominicano.com\/index.php?rest_route=%2Fwp%2Fv2%2Fmedia&parent=219007"}],"wp:term":[{"taxonomy":"category","embeddable":true,"href":"https:\/\/diariodominicano.com\/index.php?rest_route=%2Fwp%2Fv2%2Fcategories&post=219007"},{"taxonomy":"post_tag","embeddable":true,"href":"https:\/\/diariodominicano.com\/index.php?rest_route=%2Fwp%2Fv2%2Ftags&post=219007"}],"curies":[{"name":"wp","href":"https:\/\/api.w.org\/{rel}","templated":true}]}}