{"id":219006,"date":"2016-03-22T15:25:21","date_gmt":"2016-03-22T15:25:21","guid":{"rendered":"http:\/\/diariodominicano.ddns.net\/?p=219006"},"modified":"2016-03-22T15:25:21","modified_gmt":"2016-03-22T15:25:21","slug":"danilo-medina-declara-duelo-oficial-este-miercoles","status":"publish","type":"post","link":"https:\/\/diariodominicano.com\/?p=219006","title":{"rendered":"Danilo Medina declara Duelo Oficial este mi\u00e9rcoles,"},"content":{"rendered":"<p><body><\/p>\n<p>Santo Domingo, R.D., 22 de marzo.- El presidente Danilo Medina declar\u00f3 Duelo Oficial ma\u00f1ana 23 de marzo, con motivo del lamentable fallecimiento del se\u00f1or Claudio Caama\u00f1o.<\/p>\n<\/p>\n<p>La declaratoria est\u00e1 consignada en el decreto 137-16, que establece que \u00abdurante ese d\u00eda la Bandera Nacional deber\u00e1 ondear a media asta en los recintos militares y edificios p\u00fablicos de todo el pa\u00eds\u00bb.<\/p>\n<\/p>\n<p>Asimismo, los ministerios de Defensa, Relaciones Exteriores y de Interior y Polic\u00eda, quedaron encargados de la ejecuci\u00f3n del decreto.<\/p>\n<\/p>\n<p>La decisi\u00f3n fue tomada por el Poder Ejecutivo, considerando que en el d\u00eda de hoy ha fallecido el se\u00f1or Claudio Caama\u00f1o, \u00abciudadano de grandes compromisos patri\u00f3ticos, participante destacado en la Guerra de Abril del a\u00f1o 1965, y en el desembarco de Bah\u00eda Caracoles, junto al Coronel Francisco Alberto Caama\u00f1o\u00bb.<\/p>\n<h6> 2016-03-22 15:25:21 <\/h6>\n<p><!--\n<link rel=\"stylesheet\" href=\"css\/bootstrap.min.css\">\n\n\n<ul class=\"pagination\">\n\t    \n\t\n\n<li >\n\t<a href='?page_no=13370'>Previous<\/a>\n\t<\/li>\n\n\n       \n    \n\n<li><a href='?page_no=1'>1<\/a><\/li>\n\n\n\n<li><a href='?page_no=2'>2<\/a><\/li>\n\n\n\n<li><a>...<\/a><\/li>\n\n\n\n<li><a href='?page_no=13369'>13369<\/a><\/li>\n\n\n\n<li><a href='?page_no=13370'>13370<\/a><\/li>\n\n\n\n<li class='active'><a>13371<\/a><\/li>\n\n\n\n<li><a href='?page_no=13372'>13372<\/a><\/li>\n\n\n\n<li><a href='?page_no=13373'>13373<\/a><\/li>\n\n\n\n<li><a>...<\/a><\/li>\n\n\n\n<li><a href='?page_no=56169'>56169<\/a><\/li>\n\n\n\n<li><a href='?page_no=56170'>56170<\/a><\/li>\n\n    \n\t\n\n<li >\n\t<a href='?page_no=13372'>Next<\/a>\n\t<\/li>\n\n\n    \n\n<li><a href='?page_no=56170'>Last &rsaquo;&rsaquo;<\/a><\/li>\n\n<\/ul>\n\n\n--><br \/>\n<\/body><\/p>\n","protected":false},"excerpt":{"rendered":"<p>Santo Domingo, R.D., 22 de marzo.- El presidente Danilo Medina declar\u00f3 Duelo Oficial ma\u00f1ana 23 de marzo, con motivo del lamentable fallecimiento del se\u00f1or Claudio Caama\u00f1o. La declaratoria est\u00e1 consignada en el decreto 137-16, que establece que \u00abdurante ese d\u00eda la Bandera Nacional deber\u00e1 ondear a media asta en los recintos militares y edificios p\u00fablicos [&hellip;]<\/p>\n","protected":false},"author":3,"featured_media":0,"comment_status":"open","ping_status":"open","sticky":false,"template":"","format":"standard","meta":{"footnotes":""},"categories":[20],"tags":[],"class_list":["post-219006","post","type-post","status-publish","format-standard","hentry","category-dominicana-hoy"],"_links":{"self":[{"href":"https:\/\/diariodominicano.com\/index.php?rest_route=\/wp\/v2\/posts\/219006","targetHints":{"allow":["GET"]}}],"collection":[{"href":"https:\/\/diariodominicano.com\/index.php?rest_route=\/wp\/v2\/posts"}],"about":[{"href":"https:\/\/diariodominicano.com\/index.php?rest_route=\/wp\/v2\/types\/post"}],"author":[{"embeddable":true,"href":"https:\/\/diariodominicano.com\/index.php?rest_route=\/wp\/v2\/users\/3"}],"replies":[{"embeddable":true,"href":"https:\/\/diariodominicano.com\/index.php?rest_route=%2Fwp%2Fv2%2Fcomments&post=219006"}],"version-history":[{"count":0,"href":"https:\/\/diariodominicano.com\/index.php?rest_route=\/wp\/v2\/posts\/219006\/revisions"}],"wp:attachment":[{"href":"https:\/\/diariodominicano.com\/index.php?rest_route=%2Fwp%2Fv2%2Fmedia&parent=219006"}],"wp:term":[{"taxonomy":"category","embeddable":true,"href":"https:\/\/diariodominicano.com\/index.php?rest_route=%2Fwp%2Fv2%2Fcategories&post=219006"},{"taxonomy":"post_tag","embeddable":true,"href":"https:\/\/diariodominicano.com\/index.php?rest_route=%2Fwp%2Fv2%2Ftags&post=219006"}],"curies":[{"name":"wp","href":"https:\/\/api.w.org\/{rel}","templated":true}]}}