{"id":219003,"date":"2016-03-22T23:45:32","date_gmt":"2016-03-22T23:45:32","guid":{"rendered":"http:\/\/diariodominicano.ddns.net\/?p=219003"},"modified":"2016-03-22T23:45:32","modified_gmt":"2016-03-22T23:45:32","slug":"mitur-realizara-jornada-de-limpieza-de-playas","status":"publish","type":"post","link":"https:\/\/diariodominicano.com\/?p=219003","title":{"rendered":"MITUR realizar\u00e1 jornada de limpieza de playas"},"content":{"rendered":"<p><body><\/p>\n<p><img decoding=\"async\" src=\"img3\/limpiaza playa.jpg\" \/>  <\/p>\n<p>Santo Domingo, R. D., 23 de marzo.- Por octavo a\u00f1o consecutivo el Ministerio de Turismo (Mitur), iniciar\u00e1 desde primeras horas de este jueves santo la Jornada de Limpieza de Playas, donde participaran  alrededor de 1,265 personas.<\/p>\n<\/p>\n<p>El operativo estar\u00e1 coordinado por el Comit\u00e9 Ejecutor de Infraestructuras de Zonas Tur\u00edsticas (CEIZTUR), en el cual  685 personas reforzar\u00e1n al personal fijo del Mitur que labora en las principales playas de los distintos polos tur\u00edsticos del pa\u00eds, en jornadas que abarcar\u00e1n  75 playas y 13 balnearios a nivel nacional.<\/p>\n<\/p>\n<p>Lorna Carrasco Padilla, directora de Planificaci\u00f3n en los Polos Tur\u00edsticos del Mitur inform\u00f3 que las jornadas de limpieza iniciar\u00e1n de 7 de la ma\u00f1ana hasta la 7 de la noche, en previsi\u00f3n de que estos espacios est\u00e9n limpios antes de la llegada y retirada de los ba\u00f1istas.<\/p>\n<\/p>\n<p>Agreg\u00f3 que a parte del equipo contratado que reforzar\u00e1 a los brigadistas y jornaleros que trabajan para la instituci\u00f3n, otro equipo conformado por personal del CEIZTUR se integrar\u00e1 a las jornadas desde los diferentes polos tur\u00edsticos. En el mismo participar\u00e1n 65 supervisores de la instituci\u00f3n que ser\u00e1n distribuidos por zonas y regiones en todo el pa\u00eds.<\/p>\n<\/p>\n<p> \u00abParte del personal de limpieza que tenemos fijos en playas que durante el asueto ser\u00e1n clausuradas, se trasladar\u00e1 hacia otras playas aleda\u00f1as que s\u00ed est\u00e9n abiertas al p\u00fablico\u00bb, manifest\u00f3 la funcionaria.<\/p>\n<\/p>\n<p>Como en a\u00f1os anteriores para las labores de limpieza, los brigadistas estar\u00e1n debidamente uniformados, identificados con el logo del Mitur y dotados de herramientas y  utensilios necesarios. Adem\u00e1s que en la jornada se ofrecer\u00e1n los servicios de ba\u00f1os gratuitos durante el asueto.<\/p>\n<\/p>\n<p>Las brigadas de limpieza  estar\u00e1n trabajando en las playas de Puerto Plata, Montecristi, Saman\u00e1, Nagua, asimismo, en Rio San Juan, La Romana, San Pedro de Macor\u00eds, La Altagracia, Ban\u00ed y San Crist\u00f3bal.<\/p>\n<\/p>\n<p>Carrasco Padilla agreg\u00f3 que las labores de limpieza incluir\u00e1 adem\u00e1s a los balnearios  Salto de Aguas Blancas, en Constanza y Piedra Letrada, as\u00ed como otros en San Jos\u00e9 de las Matas.<\/p>\n<h6> 2016-03-22 23:45:32 <\/h6>\n<p><!--\n<link rel=\"stylesheet\" href=\"css\/bootstrap.min.css\">\n\n\n<ul class=\"pagination\">\n\t    \n\t\n\n<li >\n\t<a href='?page_no=13368'>Previous<\/a>\n\t<\/li>\n\n\n       \n    \n\n<li><a href='?page_no=1'>1<\/a><\/li>\n\n\n\n<li><a href='?page_no=2'>2<\/a><\/li>\n\n\n\n<li><a>...<\/a><\/li>\n\n\n\n<li><a href='?page_no=13367'>13367<\/a><\/li>\n\n\n\n<li><a href='?page_no=13368'>13368<\/a><\/li>\n\n\n\n<li class='active'><a>13369<\/a><\/li>\n\n\n\n<li><a href='?page_no=13370'>13370<\/a><\/li>\n\n\n\n<li><a href='?page_no=13371'>13371<\/a><\/li>\n\n\n\n<li><a>...<\/a><\/li>\n\n\n\n<li><a href='?page_no=56169'>56169<\/a><\/li>\n\n\n\n<li><a href='?page_no=56170'>56170<\/a><\/li>\n\n    \n\t\n\n<li >\n\t<a href='?page_no=13370'>Next<\/a>\n\t<\/li>\n\n\n    \n\n<li><a href='?page_no=56170'>Last &rsaquo;&rsaquo;<\/a><\/li>\n\n<\/ul>\n\n\n--><br \/>\n<\/body><\/p>\n","protected":false},"excerpt":{"rendered":"<p>Santo Domingo, R. D., 23 de marzo.- Por octavo a\u00f1o consecutivo el Ministerio de Turismo (Mitur), iniciar\u00e1 desde primeras horas de este jueves santo la Jornada de Limpieza de Playas, donde participaran alrededor de 1,265 personas. El operativo estar\u00e1 coordinado por el Comit\u00e9 Ejecutor de Infraestructuras de Zonas Tur\u00edsticas (CEIZTUR), en el cual 685 personas [&hellip;]<\/p>\n","protected":false},"author":3,"featured_media":0,"comment_status":"open","ping_status":"open","sticky":false,"template":"","format":"standard","meta":{"footnotes":""},"categories":[20],"tags":[],"class_list":["post-219003","post","type-post","status-publish","format-standard","hentry","category-dominicana-hoy"],"_links":{"self":[{"href":"https:\/\/diariodominicano.com\/index.php?rest_route=\/wp\/v2\/posts\/219003","targetHints":{"allow":["GET"]}}],"collection":[{"href":"https:\/\/diariodominicano.com\/index.php?rest_route=\/wp\/v2\/posts"}],"about":[{"href":"https:\/\/diariodominicano.com\/index.php?rest_route=\/wp\/v2\/types\/post"}],"author":[{"embeddable":true,"href":"https:\/\/diariodominicano.com\/index.php?rest_route=\/wp\/v2\/users\/3"}],"replies":[{"embeddable":true,"href":"https:\/\/diariodominicano.com\/index.php?rest_route=%2Fwp%2Fv2%2Fcomments&post=219003"}],"version-history":[{"count":0,"href":"https:\/\/diariodominicano.com\/index.php?rest_route=\/wp\/v2\/posts\/219003\/revisions"}],"wp:attachment":[{"href":"https:\/\/diariodominicano.com\/index.php?rest_route=%2Fwp%2Fv2%2Fmedia&parent=219003"}],"wp:term":[{"taxonomy":"category","embeddable":true,"href":"https:\/\/diariodominicano.com\/index.php?rest_route=%2Fwp%2Fv2%2Fcategories&post=219003"},{"taxonomy":"post_tag","embeddable":true,"href":"https:\/\/diariodominicano.com\/index.php?rest_route=%2Fwp%2Fv2%2Ftags&post=219003"}],"curies":[{"name":"wp","href":"https:\/\/api.w.org\/{rel}","templated":true}]}}