{"id":219002,"date":"2016-03-23T12:43:00","date_gmt":"2016-03-23T12:43:00","guid":{"rendered":"http:\/\/diariodominicano.ddns.net\/?p=219002"},"modified":"2016-03-23T12:43:00","modified_gmt":"2016-03-23T12:43:00","slug":"farmacias-del-pueblo-hospitalarias-estaran-abiertas-incluso-en-viernes-santo","status":"publish","type":"post","link":"https:\/\/diariodominicano.com\/?p=219002","title":{"rendered":"&#13;Farmacias del Pueblo hospitalarias estar\u00e1n abiertas  incluso en Viernes Santo"},"content":{"rendered":"<p><body><\/p>\n<\/p>\n<p><span class=\"text1noticias\">Santo Domingo, RD, 23 de marzo.- Como parte de su estrategia para enfrentar las emergencias de Semana Santa, el Programa de Medicamentos Esenciales\/Central de Apoyo Log\u00edstico (Promese\/Cal) mantendr\u00e1 abiertas 33 Farmacias del Pueblo hospitalarias en todo el pa\u00eds incluso en Viernes Santo, en horario de 8:00 a.m. a 1:00 p.m.<\/span><\/p>\n<\/p>\n<p><span class=\"text1noticias\">Fueron priorizadas las Farmacias del Pueblo de los hospitales ubicados en las zonas tur\u00edsticas con mayor flujo de vacacionistas: Boca Chica, en Santo Domingo; Ricardo Limardo, en Puerto Plata, Leopoldo Pou, de Saman\u00e1; Nuestra Se\u00f1ora de la Altagracia, en Hig\u00fcey; Desiderio Acosta, Mar\u00eda Trinidad S\u00e1nchez; Octavia G. Vidal, Jarabacoa; y Jaime Mota, de Barahona.<\/span><\/p>\n<\/p>\n<p><span class=\"text1noticias\">Tambi\u00e9n prestar\u00e1n servicio durante el feriado las Farmacias del Pueblo hospitalarias de \u00e1reas densamente pobladas en las regiones Norte, Sur y Este del pa\u00eds, as\u00ed como en la provincia de Santo Domingo, inform\u00f3 la doctora Elena Fern\u00e1ndez N\u00fa\u00f1ez, directora de Promese\/Cal.<\/span><\/p>\n<\/p>\n<p><span class=\"text1noticias\">La funcionaria asegur\u00f3 que la entrega de f\u00e1rmacos y material gastable al Sistema Nacional P\u00fablico de Salud ascendi\u00f3 este mes a un total general de RD$198,974,522.84, con la suma de las partidas extraordinaria por el feriado y normal para el mes de marzo.<\/span><\/p>\n<\/p>\n<p><span class=\"text1noticias\">Detall\u00f3 que Promese\/Cal don\u00f3 a los centros p\u00fablicos de salud y a los organismos de socorro para los imprevistos de salud de  Semana Santa un monto de RD$27,854,956.39, en f\u00e1rmacos e insumos sanitarios.<\/span><\/p>\n<\/p>\n<p><span class=\"text1noticias\">\u00abHemos provisto de manera extraordinaria a 29  hospitales y a seis organismos de socorro de los medicamentos y el material gastable necesarios para enfrentar cualquier emergencia m\u00e9dica o farmac\u00e9utica que afecte a la poblaci\u00f3n dominicana en la Semana Mayor\u00bb, asegur\u00f3 la doctora Elena Fern\u00e1ndez N\u00fa\u00f1ez, directora de la instituci\u00f3n.<\/span><\/p>\n<\/p>\n<p><span class=\"text1noticias\">En tanto, las Farmacias del Pueblo, los hospitales y Unidades de Atenci\u00f3n Primaria (Unap) del Ministerio de Salud P\u00fablica; as\u00ed como  el Seguro Nacional de Salud (SeNaSa), recibieron RD$172,608,181.37 en dichos productos, para dar respuesta a la demanda farmac\u00e9utica de la poblaci\u00f3n en este mes.<\/span><\/p>\n<\/p>\n<p><span class=\"text1noticias\">Los organismos de socorro beneficiados con el donativo especial de Promese\/Cal por Semana Santa son la Defensa Civil, la Cruz Roja Dominicana, el Centro de Operaciones de Emergencias (COE), el Cuerpo de Bomberos de Santo Domingo, la Direcci\u00f3n de Emergencias y Desastres del Ministerio de Salud P\u00fablica y el Sistema Nacional de Atenci\u00f3n a Emergencias y Seguridad (911).<\/span><\/p>\n<\/p>\n<p><span class=\"text1noticias\">Entre los hospitales que recibieron el donativo por Semana Santa se encuentran: Dar\u00edo Contreras, Francisco Moscoso Puello y Robert Reid Cabral, de Santo Domingo; Jos\u00e9 Mar\u00eda Cabral y B\u00e1ez y Arturo Grull\u00f3n, de Santiago; Juan Pablo Pina, de San Crist\u00f3bal y Francisco A. Gonzalvo, de La Romana.<\/span><\/p>\n<\/p>\n<p><span class=\"text1noticias\">La directora de Promese\/Cal explic\u00f3 que los medicamentos e insumos sanitarios distribuidos de manera especial fueron cuidadosamente seleccionados a partir de las estad\u00edsticas de emergencias caracter\u00edsticas del per\u00edodo: accidentes de tr\u00e1nsito, traumatismos por otras causas, intoxicaciones, afecciones gastrointestinales y alergias.<\/span><\/p>\n<\/p>\n<p><span class=\"text1noticias\">Entre los grupos terap\u00e9uticos distribuidos para hacer frente a la demanda proyectada para este a\u00f1o, se encuentran medicamentos antiulcerosos, antiespasm\u00f3dicos, anest\u00e9sicos, analg\u00e9sicos, antibi\u00f3ticos, antiinfecciosos, antis\u00e9pticos, antial\u00e9rgicos, soluciones electrol\u00edticas y material gastable diverso.<\/span><\/p>\n<h6> 2016-03-23 12:43:00 <\/h6>\n<p><!--\n<link rel=\"stylesheet\" href=\"css\/bootstrap.min.css\">\n\n\n<ul class=\"pagination\">\n\t    \n\t\n\n<li >\n\t<a href='?page_no=13367'>Previous<\/a>\n\t<\/li>\n\n\n       \n    \n\n<li><a href='?page_no=1'>1<\/a><\/li>\n\n\n\n<li><a href='?page_no=2'>2<\/a><\/li>\n\n\n\n<li><a>...<\/a><\/li>\n\n\n\n<li><a href='?page_no=13366'>13366<\/a><\/li>\n\n\n\n<li><a href='?page_no=13367'>13367<\/a><\/li>\n\n\n\n<li class='active'><a>13368<\/a><\/li>\n\n\n\n<li><a href='?page_no=13369'>13369<\/a><\/li>\n\n\n\n<li><a href='?page_no=13370'>13370<\/a><\/li>\n\n\n\n<li><a>...<\/a><\/li>\n\n\n\n<li><a href='?page_no=56169'>56169<\/a><\/li>\n\n\n\n<li><a href='?page_no=56170'>56170<\/a><\/li>\n\n    \n\t\n\n<li >\n\t<a href='?page_no=13369'>Next<\/a>\n\t<\/li>\n\n\n    \n\n<li><a href='?page_no=56170'>Last &rsaquo;&rsaquo;<\/a><\/li>\n\n<\/ul>\n\n\n--><br \/>\n<\/body><\/p>\n","protected":false},"excerpt":{"rendered":"<p>Santo Domingo, RD, 23 de marzo.- Como parte de su estrategia para enfrentar las emergencias de Semana Santa, el Programa de Medicamentos Esenciales\/Central de Apoyo Log\u00edstico (Promese\/Cal) mantendr\u00e1 abiertas 33 Farmacias del Pueblo hospitalarias en todo el pa\u00eds incluso en Viernes Santo, en horario de 8:00 a.m. a 1:00 p.m. Fueron priorizadas las Farmacias del [&hellip;]<\/p>\n","protected":false},"author":3,"featured_media":0,"comment_status":"open","ping_status":"open","sticky":false,"template":"","format":"standard","meta":{"footnotes":""},"categories":[20],"tags":[],"class_list":["post-219002","post","type-post","status-publish","format-standard","hentry","category-dominicana-hoy"],"_links":{"self":[{"href":"https:\/\/diariodominicano.com\/index.php?rest_route=\/wp\/v2\/posts\/219002","targetHints":{"allow":["GET"]}}],"collection":[{"href":"https:\/\/diariodominicano.com\/index.php?rest_route=\/wp\/v2\/posts"}],"about":[{"href":"https:\/\/diariodominicano.com\/index.php?rest_route=\/wp\/v2\/types\/post"}],"author":[{"embeddable":true,"href":"https:\/\/diariodominicano.com\/index.php?rest_route=\/wp\/v2\/users\/3"}],"replies":[{"embeddable":true,"href":"https:\/\/diariodominicano.com\/index.php?rest_route=%2Fwp%2Fv2%2Fcomments&post=219002"}],"version-history":[{"count":0,"href":"https:\/\/diariodominicano.com\/index.php?rest_route=\/wp\/v2\/posts\/219002\/revisions"}],"wp:attachment":[{"href":"https:\/\/diariodominicano.com\/index.php?rest_route=%2Fwp%2Fv2%2Fmedia&parent=219002"}],"wp:term":[{"taxonomy":"category","embeddable":true,"href":"https:\/\/diariodominicano.com\/index.php?rest_route=%2Fwp%2Fv2%2Fcategories&post=219002"},{"taxonomy":"post_tag","embeddable":true,"href":"https:\/\/diariodominicano.com\/index.php?rest_route=%2Fwp%2Fv2%2Ftags&post=219002"}],"curies":[{"name":"wp","href":"https:\/\/api.w.org\/{rel}","templated":true}]}}