{"id":219001,"date":"2016-03-23T14:45:09","date_gmt":"2016-03-23T14:45:09","guid":{"rendered":"http:\/\/diariodominicano.ddns.net\/?p=219001"},"modified":"2016-03-23T14:45:09","modified_gmt":"2016-03-23T14:45:09","slug":"iibi-y-ucateci-capacitan-tecnicos-que-apoyaran-el-avance-de-las-comunidades","status":"publish","type":"post","link":"https:\/\/diariodominicano.com\/?p=219001","title":{"rendered":"IIBI y UCATECI capacitan t\u00e9cnicos que  apoyaran  el avance de las  comunidades"},"content":{"rendered":"<p><body><\/p>\n<p><img decoding=\"async\" src=\"img3\/IIB1.jpg\" \/><br \/><img decoding=\"async\" src=\"img3\/IIB2.jpg\" \/>  <\/p>\n<\/p>\n<p><span class=\"text1noticias\">Santo Domingo, D.N., 23 de marzo.- Con el objetivo  de aumentar la productividad de la fuerza laboral en el pa\u00eds y contribuir al bienestar de las comunidades, el Instituto de Innovaci\u00f3n en Biotecnolog\u00eda (IIBI) y la Universidad Cat\u00f3lica Tecnol\u00f3gica del Cibao (UCATECI), firmaron un acuerdo de colaboraci\u00f3n.<\/span><\/p>\n<p><span class=\"text1noticias\"> <\/span><\/p>\n<p><span class=\"text1noticias\">Capacitaci\u00f3n en biotecnolog\u00eda  <\/span><\/p>\n<p><span class=\"text1noticias\"> <\/span><\/p>\n<p><span class=\"text1noticias\">Al encabezar el acto de firma la doctora Bernarda Castillo, directora Ejecutiva del IIBI, destac\u00f3 que con la firma de este convenio ambas instituciones desarrollaran programas de investigaci\u00f3n, capacitaci\u00f3n, e intercambio relacionado a la innovaci\u00f3n e investigaci\u00f3n en biotecnolog\u00eda para la  producci\u00f3n de alimentos, desarrollo de tecnolog\u00eda limpia para la producci\u00f3n en zonas rurales, periurbanas y urbanas.<\/span><\/p>\n<p><span class=\"text1noticias\"> <\/span><\/p>\n<p><span class=\"text1noticias\">Manifest\u00f3 que con este acuerdo se inicia un trabajo que se viene coordinando desde hace meses, por lo cual agradeci\u00f3 al UCATECI el inter\u00e9s para l firma del mismo.<\/span><\/p>\n<p><span class=\"text1noticias\"> <\/span><\/p>\n<p><span class=\"text1noticias\">Fortalecer\u00e1 el \u00e1rea de la  investigaci\u00f3n<\/span><\/p>\n<p><span class=\"text1noticias\"> <\/span><\/p>\n<p><span class=\"text1noticias\">De su lado, el doctor Sergio de la Cruz de los Santos, Vice-rector Ejecutivo de UCATECI valor\u00f3 la firma del acuerdo, el cual contribuir\u00e1 con el desarrollo de en \u00e1rea de   investigaci\u00f3n en la universidad.<\/span><\/p>\n<p><span class=\"text1noticias\"> <\/span><\/p>\n<p><span class=\"text1noticias\"> <\/span><\/p>\n<p><span class=\"text1noticias\">Asimismo, ambas entidades entienden que  el incremento de la productividad que se requiere para que la fuerza laboral del pa\u00eds sean capacitada en los oficios y ocupaciones vigentes en los distintos niveles del empleo, a trav\u00e9s de procesos formativos continuados, sistem\u00e1ticos y permanentes, as\u00ed como el apoyo que deben recibir los habitantes del pa\u00eds.<\/span><\/p>\n<p><span class=\"text1noticias\"> <\/span><\/p>\n<p><span class=\"text1noticias\">Mediante este acuerdo el IIBI y la UCATECI que son instituciones de servicios han aunado esfuerzos en aras de contribuir al desarrollo y sost\u00e9n del bienestar de las comunidades, a trav\u00e9s de la capacitaci\u00f3n y formaci\u00f3n, innovaci\u00f3n y an\u00e1lisis, investigaci\u00f3n y desarrollo; de los recursos humanos a nivel nacional que ayudar\u00e1n al desarrollo del pa\u00eds.<\/span><\/p>\n<p><span class=\"text1noticias\"> <\/span><\/p>\n<p><span class=\"text1noticias\">Adem\u00e1s, con este convenio IIBI y el UCATECI compartir\u00e1n mutuamente los conocimientos y tecnolog\u00edas,  que ambas instituciones reciban como cooperaci\u00f3n internacional.<\/span><\/p>\n<p><span class=\"text1noticias\"> <\/span><\/p>\n<p><span class=\"text1noticias\">La firma del convenio se llevo a cabo en las instalaciones de UCATECI en la Vega,  en la que participaron t\u00e9cnicos y investigadores de las dos instituciones.<\/span><\/p>\n<\/p>\n<h6> 2016-03-23 14:45:09 <\/h6>\n<p><!--\n<link rel=\"stylesheet\" href=\"css\/bootstrap.min.css\">\n\n\n<ul class=\"pagination\">\n\t    \n\t\n\n<li >\n\t<a href='?page_no=13366'>Previous<\/a>\n\t<\/li>\n\n\n       \n    \n\n<li><a href='?page_no=1'>1<\/a><\/li>\n\n\n\n<li><a href='?page_no=2'>2<\/a><\/li>\n\n\n\n<li><a>...<\/a><\/li>\n\n\n\n<li><a href='?page_no=13365'>13365<\/a><\/li>\n\n\n\n<li><a href='?page_no=13366'>13366<\/a><\/li>\n\n\n\n<li class='active'><a>13367<\/a><\/li>\n\n\n\n<li><a href='?page_no=13368'>13368<\/a><\/li>\n\n\n\n<li><a href='?page_no=13369'>13369<\/a><\/li>\n\n\n\n<li><a>...<\/a><\/li>\n\n\n\n<li><a href='?page_no=56169'>56169<\/a><\/li>\n\n\n\n<li><a href='?page_no=56170'>56170<\/a><\/li>\n\n    \n\t\n\n<li >\n\t<a href='?page_no=13368'>Next<\/a>\n\t<\/li>\n\n\n    \n\n<li><a href='?page_no=56170'>Last &rsaquo;&rsaquo;<\/a><\/li>\n\n<\/ul>\n\n\n--><br \/>\n<\/body><\/p>\n","protected":false},"excerpt":{"rendered":"<p>Santo Domingo, D.N., 23 de marzo.- Con el objetivo de aumentar la productividad de la fuerza laboral en el pa\u00eds y contribuir al bienestar de las comunidades, el Instituto de Innovaci\u00f3n en Biotecnolog\u00eda (IIBI) y la Universidad Cat\u00f3lica Tecnol\u00f3gica del Cibao (UCATECI), firmaron un acuerdo de colaboraci\u00f3n. Capacitaci\u00f3n en biotecnolog\u00eda Al encabezar el acto de [&hellip;]<\/p>\n","protected":false},"author":3,"featured_media":0,"comment_status":"open","ping_status":"open","sticky":false,"template":"","format":"standard","meta":{"footnotes":""},"categories":[20],"tags":[],"class_list":["post-219001","post","type-post","status-publish","format-standard","hentry","category-dominicana-hoy"],"_links":{"self":[{"href":"https:\/\/diariodominicano.com\/index.php?rest_route=\/wp\/v2\/posts\/219001","targetHints":{"allow":["GET"]}}],"collection":[{"href":"https:\/\/diariodominicano.com\/index.php?rest_route=\/wp\/v2\/posts"}],"about":[{"href":"https:\/\/diariodominicano.com\/index.php?rest_route=\/wp\/v2\/types\/post"}],"author":[{"embeddable":true,"href":"https:\/\/diariodominicano.com\/index.php?rest_route=\/wp\/v2\/users\/3"}],"replies":[{"embeddable":true,"href":"https:\/\/diariodominicano.com\/index.php?rest_route=%2Fwp%2Fv2%2Fcomments&post=219001"}],"version-history":[{"count":0,"href":"https:\/\/diariodominicano.com\/index.php?rest_route=\/wp\/v2\/posts\/219001\/revisions"}],"wp:attachment":[{"href":"https:\/\/diariodominicano.com\/index.php?rest_route=%2Fwp%2Fv2%2Fmedia&parent=219001"}],"wp:term":[{"taxonomy":"category","embeddable":true,"href":"https:\/\/diariodominicano.com\/index.php?rest_route=%2Fwp%2Fv2%2Fcategories&post=219001"},{"taxonomy":"post_tag","embeddable":true,"href":"https:\/\/diariodominicano.com\/index.php?rest_route=%2Fwp%2Fv2%2Ftags&post=219001"}],"curies":[{"name":"wp","href":"https:\/\/api.w.org\/{rel}","templated":true}]}}