{"id":219000,"date":"2016-03-23T15:33:39","date_gmt":"2016-03-23T15:33:39","guid":{"rendered":"http:\/\/diariodominicano.ddns.net\/?p=219000"},"modified":"2016-03-23T15:33:39","modified_gmt":"2016-03-23T15:33:39","slug":"decano-uasd-se-queja-deficiencias-en-aulas-entregadas-por-la-oisoe","status":"publish","type":"post","link":"https:\/\/diariodominicano.com\/?p=219000","title":{"rendered":"Decano UASD  se queja deficiencias en aulas entregadas por la OISOE"},"content":{"rendered":"<p><body><\/p>\n<p><img decoding=\"async\" src=\"img3\/_DSC0613.JPG\" \/>  <\/p>\n<p>Santo Domingo, D.N., 23 de marzo.- El decano de la Facultad de Humanidades de la Universidad Aut\u00f3noma de Santo Domingo (UASD), maestro Ram\u00f3n Rodr\u00edguez Espinal, se quej\u00f3 de que las cuatro aulas entregadas este martes a esa dependencia acad\u00e9mica  por la  Oficina de Ingenieros Supervisores de Obras del Estado (OISOE) presentan serios vicios de construcci\u00f3n y  una mala  terminaci\u00f3n.<\/p>\n<\/p>\n<p>Rodr\u00edguez Espinal se\u00f1al\u00f3 que los trabajos de remodelaci\u00f3n del edificio de la facultad que dirige han resultado desde sus inicios un dolor de cabeza para la instituci\u00f3n,  por las deficiencias que  muestran  y que ponen en peligro la vida de los profesores y estudiantes.<\/p>\n<\/p>\n<p>Las cuatro nuevas aulas entregadas este martes por el organismo oficial a la FH,  las cuales se suman a  otras  40  ya  recibidas  y que constituyen un 50% del total proyectada presentan los mismos  problemas, fallas  e inconvenientes que las anteriores.<\/p>\n<\/p>\n<p>El maestro Rodr\u00edguez Espinal destac\u00f3 que los llavines de las puertas no garantizan seguridad (muchos est\u00e1n da\u00f1ados), se dej\u00f3 abierto los orificios de la parte superior de las paredes  y por esos huecos  entran las palomas a los salones donde se imparte docencia, las ventanas son inseguras entre otras anomal\u00edas.<\/p>\n<\/p>\n<p>Dijo el funcionario  de la Universidad Estatal que pese a que  el director de la OISOE,  ingeniero Francisco  Pag\u00e1n,  prometi\u00f3  que en seis meses la obra estar\u00eda lista,  ya ha pasado m\u00e1s de un a\u00f1o y los trabajos a\u00fan no concluyen, situaci\u00f3n que dificulta el buen desenvolvimiento de la docencia en esa  Facultad de Humanidades<\/p>\n<\/p>\n<h6> 2016-03-23 15:33:39 <\/h6>\n<p><!--\n<link rel=\"stylesheet\" href=\"css\/bootstrap.min.css\">\n\n\n<ul class=\"pagination\">\n\t    \n\t\n\n<li >\n\t<a href='?page_no=13365'>Previous<\/a>\n\t<\/li>\n\n\n       \n    \n\n<li><a href='?page_no=1'>1<\/a><\/li>\n\n\n\n<li><a href='?page_no=2'>2<\/a><\/li>\n\n\n\n<li><a>...<\/a><\/li>\n\n\n\n<li><a href='?page_no=13364'>13364<\/a><\/li>\n\n\n\n<li><a href='?page_no=13365'>13365<\/a><\/li>\n\n\n\n<li class='active'><a>13366<\/a><\/li>\n\n\n\n<li><a href='?page_no=13367'>13367<\/a><\/li>\n\n\n\n<li><a href='?page_no=13368'>13368<\/a><\/li>\n\n\n\n<li><a>...<\/a><\/li>\n\n\n\n<li><a href='?page_no=56169'>56169<\/a><\/li>\n\n\n\n<li><a href='?page_no=56170'>56170<\/a><\/li>\n\n    \n\t\n\n<li >\n\t<a href='?page_no=13367'>Next<\/a>\n\t<\/li>\n\n\n    \n\n<li><a href='?page_no=56170'>Last &rsaquo;&rsaquo;<\/a><\/li>\n\n<\/ul>\n\n\n--><br \/>\n<\/body><\/p>\n","protected":false},"excerpt":{"rendered":"<p>Santo Domingo, D.N., 23 de marzo.- El decano de la Facultad de Humanidades de la Universidad Aut\u00f3noma de Santo Domingo (UASD), maestro Ram\u00f3n Rodr\u00edguez Espinal, se quej\u00f3 de que las cuatro aulas entregadas este martes a esa dependencia acad\u00e9mica por la Oficina de Ingenieros Supervisores de Obras del Estado (OISOE) presentan serios vicios de construcci\u00f3n [&hellip;]<\/p>\n","protected":false},"author":3,"featured_media":0,"comment_status":"open","ping_status":"open","sticky":false,"template":"","format":"standard","meta":{"footnotes":""},"categories":[20],"tags":[],"class_list":["post-219000","post","type-post","status-publish","format-standard","hentry","category-dominicana-hoy"],"_links":{"self":[{"href":"https:\/\/diariodominicano.com\/index.php?rest_route=\/wp\/v2\/posts\/219000","targetHints":{"allow":["GET"]}}],"collection":[{"href":"https:\/\/diariodominicano.com\/index.php?rest_route=\/wp\/v2\/posts"}],"about":[{"href":"https:\/\/diariodominicano.com\/index.php?rest_route=\/wp\/v2\/types\/post"}],"author":[{"embeddable":true,"href":"https:\/\/diariodominicano.com\/index.php?rest_route=\/wp\/v2\/users\/3"}],"replies":[{"embeddable":true,"href":"https:\/\/diariodominicano.com\/index.php?rest_route=%2Fwp%2Fv2%2Fcomments&post=219000"}],"version-history":[{"count":0,"href":"https:\/\/diariodominicano.com\/index.php?rest_route=\/wp\/v2\/posts\/219000\/revisions"}],"wp:attachment":[{"href":"https:\/\/diariodominicano.com\/index.php?rest_route=%2Fwp%2Fv2%2Fmedia&parent=219000"}],"wp:term":[{"taxonomy":"category","embeddable":true,"href":"https:\/\/diariodominicano.com\/index.php?rest_route=%2Fwp%2Fv2%2Fcategories&post=219000"},{"taxonomy":"post_tag","embeddable":true,"href":"https:\/\/diariodominicano.com\/index.php?rest_route=%2Fwp%2Fv2%2Ftags&post=219000"}],"curies":[{"name":"wp","href":"https:\/\/api.w.org\/{rel}","templated":true}]}}