{"id":218998,"date":"2016-03-23T16:40:59","date_gmt":"2016-03-23T16:40:59","guid":{"rendered":"http:\/\/diariodominicano.ddns.net\/?p=218998"},"modified":"2016-03-23T16:40:59","modified_gmt":"2016-03-23T16:40:59","slug":"vicepresidencia-sumara-biciambulancias-a-operativo-semana-santa-2016","status":"publish","type":"post","link":"https:\/\/diariodominicano.com\/?p=218998","title":{"rendered":"Vicepresidencia sumar\u00e1  Biciambulancias a operativo Semana Santa 2016"},"content":{"rendered":"<p><body><\/p>\n<p><img decoding=\"async\" src=\"img3\/Bici.jpg\" \/><br \/><img decoding=\"async\" src=\"img3\/Bici2.jpg\" \/>  <\/p>\n<p><span class=\"text1noticias\">Santo Domingo, R. D., 23 de marzo.- La Vicepresidencia de la Rep\u00fablica se integrar\u00e1 desde este jueves al operativo Reconciliaci\u00f3n en Valores, Semana Santa 2016, con un aporte de 30 Biciambulancias para socorrer a los vacacionistas que enfrente alguna emergencia en seis puntos de los m\u00e1s concurridos de la capital y la provincia Santo Domingo.<\/span><\/p>\n<p><span class=\"text1noticias\"> <\/span><\/p>\n<p><span class=\"text1noticias\">Las Biciambulancias son una iniciativa de la vicepresidenta de la Rep\u00fablica, doctora Margarita Cede\u00f1o, para contribuir a salvar vidas facilitando servicios de primeros auxilios a los vacacionistas en aquellos lugares donde se dificulta el acceso de unidades motorizadas.<\/span><\/p>\n<p><span class=\"text1noticias\"> <\/span><\/p>\n<p><span class=\"text1noticias\">Los veh\u00edculos est\u00e1n equipados con botiqu\u00edn con los medicamentos esenciales y son operadas por voluntarios calificados pertenecientes a los servicios de socorro, entre ellos, la Defensa Civil y Cruz Roja Dominicana, entrenados en primeros auxilios; resucitaci\u00f3n cardiopulmonar, b\u00fasqueda y rescate.<\/span><\/p>\n<p><span class=\"text1noticias\"> <\/span><\/p>\n<p><span class=\"text1noticias\">Cuentan con esfigmoman\u00f3metros (aparato para medir presi\u00f3n arterial), estetoscopios, gluc\u00f3metros, term\u00f3metros, cuellos ortop\u00e9dicos, material gastable, soluci\u00f3n salina, hidrocortisona y gotas oft\u00e1lmicas; y atienden pacientes con cortaduras, traumas, diabetes, asma, alergias e intoxicaci\u00f3n alcoh\u00f3lica.<\/span><\/p>\n<p><span class=\"text1noticias\"> <\/span><\/p>\n<p><span class=\"text1noticias\">En el operativo, que es coordinado por el Centro de Operaciones de Emergencia (COE), participan decenas de instituciones gubernamentales, de la sociedad civil y miles de voluntarios que ofrecen diversas atenciones  a los vacacionistas durante el asueto de Semana Santa.<\/span><\/p>\n<p><span class=\"text1noticias\"> <\/span><\/p>\n<p><span class=\"text1noticias\">Las Biciambulancias de la Vicepresidencia estar\u00e1n operando este a\u00f1o en el parque Mirador Sur, G\u00fcibia, La Caleta, Boca Chica, Juan Dolio y Guayacanes. El a\u00f1o pasado sus operarios atendieron 185 emergencias solo en las playas de Andr\u00e9s y Boca Chica.<\/span><\/p>\n<p><span class=\"text1noticias\"> <\/span><\/p>\n<p><span class=\"text1noticias\">Adem\u00e1s del COE y la Vicepresidencia, en el operativo participan los bomberos, Defensa Civil, Cruz Roja, Amet, los ministerios Administrativo de la Presidencia, de Salud, Obras P\u00fablicas, Interior y Polic\u00eda y las polic\u00edas Tur\u00edstica y Nacional, Comedores Econ\u00f3micos, Plan Social, OMSA, Promese, Inacif, entre <\/span>otros.<\/p>\n<h6> 2016-03-23 16:40:59 <\/h6>\n<p><!--\n<link rel=\"stylesheet\" href=\"css\/bootstrap.min.css\">\n\n\n<ul class=\"pagination\">\n\t    \n\t\n\n<li >\n\t<a href='?page_no=13363'>Previous<\/a>\n\t<\/li>\n\n\n       \n    \n\n<li><a href='?page_no=1'>1<\/a><\/li>\n\n\n\n<li><a href='?page_no=2'>2<\/a><\/li>\n\n\n\n<li><a>...<\/a><\/li>\n\n\n\n<li><a href='?page_no=13362'>13362<\/a><\/li>\n\n\n\n<li><a href='?page_no=13363'>13363<\/a><\/li>\n\n\n\n<li class='active'><a>13364<\/a><\/li>\n\n\n\n<li><a href='?page_no=13365'>13365<\/a><\/li>\n\n\n\n<li><a href='?page_no=13366'>13366<\/a><\/li>\n\n\n\n<li><a>...<\/a><\/li>\n\n\n\n<li><a href='?page_no=56169'>56169<\/a><\/li>\n\n\n\n<li><a href='?page_no=56170'>56170<\/a><\/li>\n\n    \n\t\n\n<li >\n\t<a href='?page_no=13365'>Next<\/a>\n\t<\/li>\n\n\n    \n\n<li><a href='?page_no=56170'>Last &rsaquo;&rsaquo;<\/a><\/li>\n\n<\/ul>\n\n\n--><br \/>\n<\/body><\/p>\n","protected":false},"excerpt":{"rendered":"<p>Santo Domingo, R. D., 23 de marzo.- La Vicepresidencia de la Rep\u00fablica se integrar\u00e1 desde este jueves al operativo Reconciliaci\u00f3n en Valores, Semana Santa 2016, con un aporte de 30 Biciambulancias para socorrer a los vacacionistas que enfrente alguna emergencia en seis puntos de los m\u00e1s concurridos de la capital y la provincia Santo Domingo. [&hellip;]<\/p>\n","protected":false},"author":3,"featured_media":0,"comment_status":"open","ping_status":"open","sticky":false,"template":"","format":"standard","meta":{"footnotes":""},"categories":[20],"tags":[],"class_list":["post-218998","post","type-post","status-publish","format-standard","hentry","category-dominicana-hoy"],"_links":{"self":[{"href":"https:\/\/diariodominicano.com\/index.php?rest_route=\/wp\/v2\/posts\/218998","targetHints":{"allow":["GET"]}}],"collection":[{"href":"https:\/\/diariodominicano.com\/index.php?rest_route=\/wp\/v2\/posts"}],"about":[{"href":"https:\/\/diariodominicano.com\/index.php?rest_route=\/wp\/v2\/types\/post"}],"author":[{"embeddable":true,"href":"https:\/\/diariodominicano.com\/index.php?rest_route=\/wp\/v2\/users\/3"}],"replies":[{"embeddable":true,"href":"https:\/\/diariodominicano.com\/index.php?rest_route=%2Fwp%2Fv2%2Fcomments&post=218998"}],"version-history":[{"count":0,"href":"https:\/\/diariodominicano.com\/index.php?rest_route=\/wp\/v2\/posts\/218998\/revisions"}],"wp:attachment":[{"href":"https:\/\/diariodominicano.com\/index.php?rest_route=%2Fwp%2Fv2%2Fmedia&parent=218998"}],"wp:term":[{"taxonomy":"category","embeddable":true,"href":"https:\/\/diariodominicano.com\/index.php?rest_route=%2Fwp%2Fv2%2Fcategories&post=218998"},{"taxonomy":"post_tag","embeddable":true,"href":"https:\/\/diariodominicano.com\/index.php?rest_route=%2Fwp%2Fv2%2Ftags&post=218998"}],"curies":[{"name":"wp","href":"https:\/\/api.w.org\/{rel}","templated":true}]}}