{"id":218997,"date":"2016-03-23T16:54:19","date_gmt":"2016-03-23T16:54:19","guid":{"rendered":"http:\/\/diariodominicano.ddns.net\/?p=218997"},"modified":"2016-03-23T16:54:19","modified_gmt":"2016-03-23T16:54:19","slug":"presidente-invita-a-poblacion-ser-reflexiva-y-comedida-en-semana-santa","status":"publish","type":"post","link":"https:\/\/diariodominicano.com\/?p=218997","title":{"rendered":"Presidente invita a poblaci\u00f3n ser reflexiva y comedida en Semana Santa"},"content":{"rendered":"<p><body><\/p>\n<p><img decoding=\"async\" src=\"img3\/portada_13.jpg\" \/>  <\/p>\n<p><span class=\"text1noticias\">Santo Domingo, R. D., 23 de marzo.- El presidente Danilo Medina exhort\u00f3 a la poblaci\u00f3n dominicana a aprovechar la Semana Santa para la reflexionar, resguardarse en el seno del hogar y compartir el gozo de una uni\u00f3n familiar bendecida por Dios.<\/span><\/p>\n<p><span class=\"text1noticias\"> <\/span><\/p>\n<p><span class=\"text1noticias\">Asimismo, pidi\u00f3 prudencia, moderaci\u00f3n y el respeto a la vida a quienes durante estos d\u00edas viajen por carreteras, as\u00ed como seguir las recomendaciones del Operativo Semana Santa 2016.<\/span><\/p>\n<p><span class=\"text1noticias\"> <\/span><\/p>\n<p><span class=\"text1noticias\">\u00abLa conmemoraci\u00f3n de la Semana Santa, en la que el mundo cristiano recuerda la Pasi\u00f3n, Muerte y Resurrecci\u00f3n de Nuestro Se\u00f1or Jesucristo, es el tiempo m\u00e1s propicio para la reflexi\u00f3n\u00bb, expres\u00f3 el Jefe de Estado en su mensaje en ocasi\u00f3n de la Semana Mayor.<\/span><\/p>\n<p><span class=\"text1noticias\"> <\/span><\/p>\n<p><span class=\"text1noticias\">Explic\u00f3 que una profunda y sincera reflexi\u00f3n sobre nuestra realidad permitir\u00e1 examinar el comportamiento individual, como integrantes de una familia, miembros de una comunidad y como ciudadanos comprometidos con el porvenir de la Patria.<\/span><\/p>\n<p><span class=\"text1noticias\"> <\/span><\/p>\n<p><span class=\"text1noticias\">Meditar con humildad<\/span><\/p>\n<p><span class=\"text1noticias\"> <\/span><\/p>\n<p><span class=\"text1noticias\">\u00abPor eso quiero invitar a la poblaci\u00f3n dominicana en general, a que observemos unos d\u00edas de recogimiento, que nos permitan mirar con humildad hacia nuestro interior, para meditar sobre nuestra vida personal y nuestro rol como ciudadanos de este pa\u00eds\u00bb, subray\u00f3 Danilo Medina.<\/span><\/p>\n<p><span class=\"text1noticias\"> <\/span><\/p>\n<p><span class=\"text1noticias\">Precis\u00f3 que \u00abestoy seguro de que el resultados que arroje ese autoexamen habr\u00e1 de conducirnos a reafirmar la necesidad de ser mejores cada d\u00eda y de trabajar juntos, con dedicaci\u00f3n y sin descanso, para alcanzar la meta de tener una naci\u00f3n en continua prosperidad y bienestar\u00bb.<\/span><\/p>\n<p><span class=\"text1noticias\"> <\/span><\/p>\n<p><span class=\"text1noticias\">Con la familia, en el seno del hogar<\/span><\/p>\n<p><span class=\"text1noticias\"> <\/span><\/p>\n<p><span class=\"text1noticias\">Asimismo, el Presidente dese\u00f3 que toda la poblaci\u00f3n disfrute de unos d\u00edas de descanso junto a sus seres queridos, alej\u00e1ndose de los excesos que puedan llevar intranquilidad y dolor a las familias.  \u00abLo mejor ser\u00e1 siempre resguardarnos en el seno del hogar y compartir el gozo de una uni\u00f3n familiar bendecida por Dios\u00bb.<\/span><\/p>\n<\/p>\n<p><span class=\"text1noticias\">Operativo Semana Santa 2016<\/span><\/p>\n<p><span class=\"text1noticias\"> <\/span><\/p>\n<p><span class=\"text1noticias\">Exhort\u00f3, de igual forma, a seguir las recomendaciones del Operativo Semana Santa 2016, a quienes durante estos d\u00edas viajen por carreteras para evitar accidentes lamentables.<\/span><\/p>\n<p><span class=\"text1noticias\"> <\/span><\/p>\n<p><span class=\"text1noticias\">\u00abLa prudencia, la moderaci\u00f3n y el respeto a la vida, deben guiarnos en todo momento\u00bb, enfatiz\u00f3 el Gobernante.<\/span><\/p>\n<p><span class=\"text1noticias\"> <\/span><\/p>\n<p><span class=\"text1noticias\">\u00abEsperamos que al finalizar la Semana Santa, el Se\u00f1or Todopoderoso nos permita reintegrarnos a nuestras labores habituales con esp\u00edritu fortalecido, mayor fe y renovadas esperanzas, para continuar con la tarea de lograr un pa\u00eds mucho mejor\u00bb, dijo el jefe de Estado, al concluir su mensaje de S<\/span>emana Santa.<\/p>\n<h6> 2016-03-23 16:54:19 <\/h6>\n<p><!--\n<link rel=\"stylesheet\" href=\"css\/bootstrap.min.css\">\n\n\n<ul class=\"pagination\">\n\t    \n\t\n\n<li >\n\t<a href='?page_no=13362'>Previous<\/a>\n\t<\/li>\n\n\n       \n    \n\n<li><a href='?page_no=1'>1<\/a><\/li>\n\n\n\n<li><a href='?page_no=2'>2<\/a><\/li>\n\n\n\n<li><a>...<\/a><\/li>\n\n\n\n<li><a href='?page_no=13361'>13361<\/a><\/li>\n\n\n\n<li><a href='?page_no=13362'>13362<\/a><\/li>\n\n\n\n<li class='active'><a>13363<\/a><\/li>\n\n\n\n<li><a href='?page_no=13364'>13364<\/a><\/li>\n\n\n\n<li><a href='?page_no=13365'>13365<\/a><\/li>\n\n\n\n<li><a>...<\/a><\/li>\n\n\n\n<li><a href='?page_no=56169'>56169<\/a><\/li>\n\n\n\n<li><a href='?page_no=56170'>56170<\/a><\/li>\n\n    \n\t\n\n<li >\n\t<a href='?page_no=13364'>Next<\/a>\n\t<\/li>\n\n\n    \n\n<li><a href='?page_no=56170'>Last &rsaquo;&rsaquo;<\/a><\/li>\n\n<\/ul>\n\n\n--><br \/>\n<\/body><\/p>\n","protected":false},"excerpt":{"rendered":"<p>Santo Domingo, R. D., 23 de marzo.- El presidente Danilo Medina exhort\u00f3 a la poblaci\u00f3n dominicana a aprovechar la Semana Santa para la reflexionar, resguardarse en el seno del hogar y compartir el gozo de una uni\u00f3n familiar bendecida por Dios. Asimismo, pidi\u00f3 prudencia, moderaci\u00f3n y el respeto a la vida a quienes durante estos [&hellip;]<\/p>\n","protected":false},"author":3,"featured_media":0,"comment_status":"open","ping_status":"open","sticky":false,"template":"","format":"standard","meta":{"footnotes":""},"categories":[20],"tags":[],"class_list":["post-218997","post","type-post","status-publish","format-standard","hentry","category-dominicana-hoy"],"_links":{"self":[{"href":"https:\/\/diariodominicano.com\/index.php?rest_route=\/wp\/v2\/posts\/218997","targetHints":{"allow":["GET"]}}],"collection":[{"href":"https:\/\/diariodominicano.com\/index.php?rest_route=\/wp\/v2\/posts"}],"about":[{"href":"https:\/\/diariodominicano.com\/index.php?rest_route=\/wp\/v2\/types\/post"}],"author":[{"embeddable":true,"href":"https:\/\/diariodominicano.com\/index.php?rest_route=\/wp\/v2\/users\/3"}],"replies":[{"embeddable":true,"href":"https:\/\/diariodominicano.com\/index.php?rest_route=%2Fwp%2Fv2%2Fcomments&post=218997"}],"version-history":[{"count":0,"href":"https:\/\/diariodominicano.com\/index.php?rest_route=\/wp\/v2\/posts\/218997\/revisions"}],"wp:attachment":[{"href":"https:\/\/diariodominicano.com\/index.php?rest_route=%2Fwp%2Fv2%2Fmedia&parent=218997"}],"wp:term":[{"taxonomy":"category","embeddable":true,"href":"https:\/\/diariodominicano.com\/index.php?rest_route=%2Fwp%2Fv2%2Fcategories&post=218997"},{"taxonomy":"post_tag","embeddable":true,"href":"https:\/\/diariodominicano.com\/index.php?rest_route=%2Fwp%2Fv2%2Ftags&post=218997"}],"curies":[{"name":"wp","href":"https:\/\/api.w.org\/{rel}","templated":true}]}}