{"id":218995,"date":"2016-03-23T17:31:19","date_gmt":"2016-03-23T17:31:19","guid":{"rendered":"http:\/\/diariodominicano.ddns.net\/?p=218995"},"modified":"2016-03-23T17:31:19","modified_gmt":"2016-03-23T17:31:19","slug":"ministerio-publico-hara-operativos-en-boca-chica-y-guibia","status":"publish","type":"post","link":"https:\/\/diariodominicano.com\/?p=218995","title":{"rendered":"Ministerio P\u00fablico har\u00e1 operativos en Boca Chica y G\u00fcibia"},"content":{"rendered":"<p><body><\/p>\n<p>Santo Domingo, D.N. 23 de marzo,- Las autoridades del Ministerio P\u00fablico informaron que durante el asueto de la Semana Santa desarrollar\u00e1n operativos en las zonas de Boca Chica y G\u00fcibia para proteger a los menores de edad, evitando que los mismos consuman alcohol o que realicen actividades inapropiadas para su edad.<\/p>\n<\/p>\n<p>La procuradora general adjunta Marisol Tobal, titular de la Coordinaci\u00f3n Nacional de Ni\u00f1os, Ni\u00f1as, Adolescentes y Familia, explic\u00f3 que las labores se desarrollar\u00e1n de jueves a domingo, y que estar\u00e1n orientadas a la protecci\u00f3n de los ni\u00f1os y adolescentes para evitar que se expongan a situaciones que pongan su vida en peligro.<\/p>\n<\/p>\n<p>Dijo que en coordinaci\u00f3n con el Sistema Nacional de Atenci\u00f3n a Emergencias  y  Seguridad 9-1-1, a trav\u00e9s de un procurador fiscal que ser\u00e1 designado de manera permanente, dar\u00e1n seguimiento a los casos que involucren a los ni\u00f1os, ni\u00f1as y adolescentes, las 24 horas del d\u00eda.<\/p>\n<\/p>\n<p>Tobal detall\u00f3 que durante los operativos que desarrollar\u00e1n en Boca Chica y G\u00fcibia ofrecer\u00e1n orientaciones a los padres para que mantengan la vigilancia de los hijos y que un personal estar\u00e1 atento para evitar que los mismos se extrav\u00eden o colaborar con la soluci\u00f3n de cualquier otra situaci\u00f3n imprevista que se presente.<\/p>\n<\/p>\n<p>La representante del Ministerio P\u00fablico manifest\u00f3 adem\u00e1s que estar\u00e1n atentos a los casos del interior a trav\u00e9s de los fiscales que forman parte del sistema.<\/p>\n<\/p>\n<p>Las labores estar\u00e1n a cargo de un personal especializado que se encargar\u00e1 de dar cumplimiento al C\u00f3digo para la Protecci\u00f3n y los Derechos Fundamentales de los Ni\u00f1os, Ni\u00f1as y Adolescentes (Ley 136-03).<\/p>\n<\/p>\n<h6> 2016-03-23 17:31:19 <\/h6>\n<p><!--\n<link rel=\"stylesheet\" href=\"css\/bootstrap.min.css\">\n\n\n<ul class=\"pagination\">\n\t    \n\t\n\n<li >\n\t<a href='?page_no=13360'>Previous<\/a>\n\t<\/li>\n\n\n       \n    \n\n<li><a href='?page_no=1'>1<\/a><\/li>\n\n\n\n<li><a href='?page_no=2'>2<\/a><\/li>\n\n\n\n<li><a>...<\/a><\/li>\n\n\n\n<li><a href='?page_no=13359'>13359<\/a><\/li>\n\n\n\n<li><a href='?page_no=13360'>13360<\/a><\/li>\n\n\n\n<li class='active'><a>13361<\/a><\/li>\n\n\n\n<li><a href='?page_no=13362'>13362<\/a><\/li>\n\n\n\n<li><a href='?page_no=13363'>13363<\/a><\/li>\n\n\n\n<li><a>...<\/a><\/li>\n\n\n\n<li><a href='?page_no=56169'>56169<\/a><\/li>\n\n\n\n<li><a href='?page_no=56170'>56170<\/a><\/li>\n\n    \n\t\n\n<li >\n\t<a href='?page_no=13362'>Next<\/a>\n\t<\/li>\n\n\n    \n\n<li><a href='?page_no=56170'>Last &rsaquo;&rsaquo;<\/a><\/li>\n\n<\/ul>\n\n\n--><br \/>\n<\/body><\/p>\n","protected":false},"excerpt":{"rendered":"<p>Santo Domingo, D.N. 23 de marzo,- Las autoridades del Ministerio P\u00fablico informaron que durante el asueto de la Semana Santa desarrollar\u00e1n operativos en las zonas de Boca Chica y G\u00fcibia para proteger a los menores de edad, evitando que los mismos consuman alcohol o que realicen actividades inapropiadas para su edad. La procuradora general adjunta [&hellip;]<\/p>\n","protected":false},"author":3,"featured_media":0,"comment_status":"open","ping_status":"open","sticky":false,"template":"","format":"standard","meta":{"footnotes":""},"categories":[20],"tags":[],"class_list":["post-218995","post","type-post","status-publish","format-standard","hentry","category-dominicana-hoy"],"_links":{"self":[{"href":"https:\/\/diariodominicano.com\/index.php?rest_route=\/wp\/v2\/posts\/218995","targetHints":{"allow":["GET"]}}],"collection":[{"href":"https:\/\/diariodominicano.com\/index.php?rest_route=\/wp\/v2\/posts"}],"about":[{"href":"https:\/\/diariodominicano.com\/index.php?rest_route=\/wp\/v2\/types\/post"}],"author":[{"embeddable":true,"href":"https:\/\/diariodominicano.com\/index.php?rest_route=\/wp\/v2\/users\/3"}],"replies":[{"embeddable":true,"href":"https:\/\/diariodominicano.com\/index.php?rest_route=%2Fwp%2Fv2%2Fcomments&post=218995"}],"version-history":[{"count":0,"href":"https:\/\/diariodominicano.com\/index.php?rest_route=\/wp\/v2\/posts\/218995\/revisions"}],"wp:attachment":[{"href":"https:\/\/diariodominicano.com\/index.php?rest_route=%2Fwp%2Fv2%2Fmedia&parent=218995"}],"wp:term":[{"taxonomy":"category","embeddable":true,"href":"https:\/\/diariodominicano.com\/index.php?rest_route=%2Fwp%2Fv2%2Fcategories&post=218995"},{"taxonomy":"post_tag","embeddable":true,"href":"https:\/\/diariodominicano.com\/index.php?rest_route=%2Fwp%2Fv2%2Ftags&post=218995"}],"curies":[{"name":"wp","href":"https:\/\/api.w.org\/{rel}","templated":true}]}}