{"id":218991,"date":"2016-03-24T10:05:17","date_gmt":"2016-03-24T10:05:17","guid":{"rendered":"http:\/\/diariodominicano.ddns.net\/?p=218991"},"modified":"2016-03-24T10:05:17","modified_gmt":"2016-03-24T10:05:17","slug":"promueven-programa-de-segunda-edicion-de-semana-santa-en-valores","status":"publish","type":"post","link":"https:\/\/diariodominicano.com\/?p=218991","title":{"rendered":"Promueven programa de segunda edici\u00f3n de Semana Santa en Valores"},"content":{"rendered":"<p><body><\/p>\n<p><img decoding=\"async\" src=\"img3\/alcaldeza.jpg\" \/><br \/><img decoding=\"async\" src=\"img3\/alcalde2.jpg\" \/>  <\/p>\n<p><span class=\"text1noticias\">Santo Domingo, R. D., 24 de marzo.- Con el prop\u00f3sito de contribuir con el fortalecimiento de  la tradici\u00f3n cristiana y propiciar la sana recreaci\u00f3n en  familias de los pobladores de nuestro Municipio, el Ayuntamiento Santo Domingo Este y representantes de la Iglesia Cat\u00f3lica dejaron iniciadas este mi\u00e9rcoles las actividades que se realizar\u00e1n dentro del \u00abPROGRAMA SEMANA SANTA EN VALORES\u00bb.<\/span><\/p>\n<p><span class=\"text1noticias\"> <\/span><\/p>\n<p><span class=\"text1noticias\">El acto de apertura cont\u00f3 con una eucarist\u00eda oficiada por Fray Ar\u00edstides Jim\u00e9nez Richardson, quien centr\u00f3 su atenci\u00f3n en el verdadero significado de la Semana Santo y el por qu\u00e9 de la muerte y resurrecci\u00f3n de Jesucristo.<\/span><\/p>\n<p><span class=\"text1noticias\"> <\/span><\/p>\n<p><span class=\"text1noticias\">Al t\u00e9rmino de la eucarist\u00eda la alcaldesa Jeannette Medina reiter\u00f3 que durante el  asueto de la Semana Santa desde este mi\u00e9rcoles santo  hasta el domingo de Resurrecci\u00f3n las familias de Santo Domingo Este y quienes nos visiten podr\u00e1n disfrutar, reflexionar y compartir en familia gracias a una serie de actividades organizadas para su disfrute.<\/span><\/p>\n<p><span class=\"text1noticias\"> <\/span><\/p>\n<p><span class=\"text1noticias\">Una de las actividades de mayor atracci\u00f3n ser\u00e1 la recreaci\u00f3n de la Muerte y Resurrecci\u00f3n de Cristo, y para ello el Viernes Santo un grupo de teatro realizar\u00e1 un viacrucis viviente con las 14 estaciones de tal evento.  <\/span><\/p>\n<p><span class=\"text1noticias\"> <\/span><\/p>\n<p><span class=\"text1noticias\">Medina Luciano se\u00f1al\u00f3 que en esos cinco  d\u00edas, desde las 10:00 de la ma\u00f1ana hasta horas de las noches,  se crearan las condiciones para el sano esparcimiento de nuestros mun\u00edcipes y visitantes, los cuales podr\u00e1n disfrutar de actividades culturales, recreativas, educativas y religiosas, adem\u00e1s se ambientar\u00e1 un espacio lo m\u00e1s parecido posible a la playa con cheilones de playa, \u00e1rea de picnic, maquinas de ejercicios y otros atractivos.    <\/span><\/p>\n<p><span class=\"text1noticias\"> <\/span><\/p>\n<p><span class=\"text1noticias\">La protecci\u00f3n y atenciones de todos los participantes est\u00e1n  garantizadas por un  amplio dispositivo de seguridad que se pondr\u00e1 en pr\u00e1ctica para  cubrir todas las  \u00e1reas,  gracias a  la activa participaci\u00f3n del Cuerpo de Bomberos, de la Polic\u00eda Nacional, la Polic\u00eda Municipal  y el cuerpo de promotores sociales del Ayuntamiento.<\/span><\/p>\n<p><span class=\"text1noticias\"> <\/span><\/p>\n<p><span class=\"text1noticias\">En cuanto a las actividades religiosas, adem\u00e1s del viacrucis viviente tambi\u00e9n contaremos con otras escuelas de teatro que desarrollaran el Lavatorio de los Pies, la Ultima cena y eucarist\u00edas y alanzas cristianas, durante los cinco d\u00edas a partir de las 5:00pm, y con esa finalidad se ha estado trabajando en conjunto con 28 parroquias de Santo Domingo Este. <\/span><\/p>\n<p><span class=\"text1noticias\"> <\/span><\/p>\n<p><span class=\"text1noticias\">Medina Luciano hizo un llamado a todos los mun\u00edcipes para que se integren y participen de estas actividades, ya que en las mismas adem\u00e1s de compartir y recrearse en familia podr\u00e1n unirse al verdadero significado de la Semana Santa que es recordar la muerte y resurrecci\u00f3n de nuestro se\u00f1or Jesucristo.<\/span><\/p>\n<h6> 2016-03-24 10:05:17 <\/h6>\n<p><!--\n<link rel=\"stylesheet\" href=\"css\/bootstrap.min.css\">\n\n\n<ul class=\"pagination\">\n\t    \n\t\n\n<li >\n\t<a href='?page_no=13357'>Previous<\/a>\n\t<\/li>\n\n\n       \n    \n\n<li><a href='?page_no=1'>1<\/a><\/li>\n\n\n\n<li><a href='?page_no=2'>2<\/a><\/li>\n\n\n\n<li><a>...<\/a><\/li>\n\n\n\n<li><a href='?page_no=13356'>13356<\/a><\/li>\n\n\n\n<li><a href='?page_no=13357'>13357<\/a><\/li>\n\n\n\n<li class='active'><a>13358<\/a><\/li>\n\n\n\n<li><a href='?page_no=13359'>13359<\/a><\/li>\n\n\n\n<li><a href='?page_no=13360'>13360<\/a><\/li>\n\n\n\n<li><a>...<\/a><\/li>\n\n\n\n<li><a href='?page_no=56169'>56169<\/a><\/li>\n\n\n\n<li><a href='?page_no=56170'>56170<\/a><\/li>\n\n    \n\t\n\n<li >\n\t<a href='?page_no=13359'>Next<\/a>\n\t<\/li>\n\n\n    \n\n<li><a href='?page_no=56170'>Last &rsaquo;&rsaquo;<\/a><\/li>\n\n<\/ul>\n\n\n--><br \/>\n<\/body><\/p>\n","protected":false},"excerpt":{"rendered":"<p>Santo Domingo, R. D., 24 de marzo.- Con el prop\u00f3sito de contribuir con el fortalecimiento de la tradici\u00f3n cristiana y propiciar la sana recreaci\u00f3n en familias de los pobladores de nuestro Municipio, el Ayuntamiento Santo Domingo Este y representantes de la Iglesia Cat\u00f3lica dejaron iniciadas este mi\u00e9rcoles las actividades que se realizar\u00e1n dentro del \u00abPROGRAMA [&hellip;]<\/p>\n","protected":false},"author":3,"featured_media":0,"comment_status":"open","ping_status":"open","sticky":false,"template":"","format":"standard","meta":{"footnotes":""},"categories":[20],"tags":[],"class_list":["post-218991","post","type-post","status-publish","format-standard","hentry","category-dominicana-hoy"],"_links":{"self":[{"href":"https:\/\/diariodominicano.com\/index.php?rest_route=\/wp\/v2\/posts\/218991","targetHints":{"allow":["GET"]}}],"collection":[{"href":"https:\/\/diariodominicano.com\/index.php?rest_route=\/wp\/v2\/posts"}],"about":[{"href":"https:\/\/diariodominicano.com\/index.php?rest_route=\/wp\/v2\/types\/post"}],"author":[{"embeddable":true,"href":"https:\/\/diariodominicano.com\/index.php?rest_route=\/wp\/v2\/users\/3"}],"replies":[{"embeddable":true,"href":"https:\/\/diariodominicano.com\/index.php?rest_route=%2Fwp%2Fv2%2Fcomments&post=218991"}],"version-history":[{"count":0,"href":"https:\/\/diariodominicano.com\/index.php?rest_route=\/wp\/v2\/posts\/218991\/revisions"}],"wp:attachment":[{"href":"https:\/\/diariodominicano.com\/index.php?rest_route=%2Fwp%2Fv2%2Fmedia&parent=218991"}],"wp:term":[{"taxonomy":"category","embeddable":true,"href":"https:\/\/diariodominicano.com\/index.php?rest_route=%2Fwp%2Fv2%2Fcategories&post=218991"},{"taxonomy":"post_tag","embeddable":true,"href":"https:\/\/diariodominicano.com\/index.php?rest_route=%2Fwp%2Fv2%2Ftags&post=218991"}],"curies":[{"name":"wp","href":"https:\/\/api.w.org\/{rel}","templated":true}]}}