{"id":218990,"date":"2016-03-24T15:20:37","date_gmt":"2016-03-24T15:20:37","guid":{"rendered":"http:\/\/diariodominicano.ddns.net\/?p=218990"},"modified":"2016-03-24T15:20:37","modified_gmt":"2016-03-24T15:20:37","slug":"coronel-pn-lleva-paz-y-seguridad-a-villa-riva","status":"publish","type":"post","link":"https:\/\/diariodominicano.com\/?p=218990","title":{"rendered":"&#13;Coronel PN lleva paz y seguridad a Villa Riva"},"content":{"rendered":"<p><body><\/p>\n<p><img decoding=\"async\" src=\"img3\/coronel.jpg\" \/>  <\/p>\n<\/p>\n<\/p>\n<p><span class=\"text1noticias\">Por Ram\u00f3n Mercedes<\/span><\/p>\n<\/p>\n<p><span class=\"text1noticias\">Villa Riva, San Francisco de Macor\u00eds, RD, 24 de marzo.- Este municipio, el m\u00e1s grande de la provincia Duarte y el Cibao, con una poblaci\u00f3n sobre los 33 mil habitantes, ha sido escenario de grandes hechos delictivos en los \u00faltimos a\u00f1os que manten\u00edan en zozobra e inseguro a sus habitantes.<\/span><\/p>\n<\/p>\n<p><span class=\"text1noticias\">Pero el actual comandante policial, teniente coronel Jos\u00e9 Francisco de la Cruz (Veterano), designado por segunda vez all\u00ed y actuando en base a lo que establece el art\u00edculo 75 de la Constituci\u00f3n de respetar los deberes fundamentales de las personas, ha llevado paz y seguridad a esta laboriosa comarca, teniendo muchos delincuentes que abandonar el \u00e1rea, porque de lo contrario tendr\u00edan de frente al alto oficial, reconocido por hacer respetar la ley.<\/span><\/p>\n<\/p>\n<p><span class=\"text1noticias\">La gran pujanza econ\u00f3mica del pueblo llam\u00f3 la atenci\u00f3n de delincuentes profesionales (atracadores, asaltantes, y secuestradores) de distintos puntos del pa\u00eds, llegando a cometer graves hechos delictivos, algunos comparados con pel\u00edculas de acci\u00f3n.<\/span><\/p>\n<\/p>\n<p><span class=\"text1noticias\">Villa Riva posee los Distritos Municipales de Guaraguao, La Reforma, Barraquito, Las Tar\u00e1nas, y siete secciones con 63 parajes. En la zona urbana est\u00e1 compuesta por los sectores de Ciudad Nueva, Buenos Aires, El Cambr\u00f3n, La Yag\u00fcita, Barrio Nuevo, La Cincuenta, David, y las urbanizaciones Abreu y Francisquito Rodr\u00edguez.<\/span><\/p>\n<\/p>\n<p><span class=\"text1noticias\">El coronel De la Cruz dirige personalmente las operaciones anti drogas, porte ilegal de armas de fuego, veh\u00edculos y motores sin placas, robos y esc\u00e1ndalos en las v\u00edas p\u00fablicas, entre otras violaciones. Ver video: https:\/\/www.youtube.com\/watch?v=ugDNK_76VYY.    <\/span><\/p>\n<\/p>\n<p><span class=\"text1noticias\">Seg\u00fan pudo comprobar este reportero, en Villa Riva, de donde es oriundo y se encuentra pasando la semana Mayor, la mayor\u00eda de sus habitantes y sectores representativos, respaldan el accionar del oficial, porque desde que lleg\u00f3 la delincuencia ha bajado.<\/span><\/p>\n<\/p>\n<p><span class=\"text1noticias\">Recordaron algunos casos ocurridos en los \u00faltimos a\u00f1os, como el apresamiento de varios delincuentes, procedentes de la Capital, Santiago, y San Francisco de Macor\u00eds, que vestidos de agentes de la Direcci\u00f3n Nacional de Control de Drogas (DNCD), ver video:https:\/\/www.youtube.com\/watch?v=ba2TC8p1iAk, asaltaron un almac\u00e9n de provisiones, llev\u00e1ndose una escopeta, una pistola, una caja fuerte, 200 mil pesos y 2 mil d\u00f3lares.<\/span><\/p>\n<\/p>\n<p><span class=\"text1noticias\">En otro hecho, cuatro j\u00f3venes identificados como Hiubert F\u00e9lix, Yohan Saturia, Andr\u00e9s Ceballos y Kelvin Manuel Medina intentaron hacer un atraco a mano armada, pero fueron repelidos por la polic\u00eda, resultando tres de ellos heridos por la uniformada.<\/span><\/p>\n<\/p>\n<p><span class=\"text1noticias\">Asimismo, desconocidos incendiaron una estafeta de cobro de la Empresa Distribuidora de Energ\u00eda del Norte-EDENORTE. Un joven identificado como Puly fue herido a balazos en el barrio David por desconocidos para robarle su motocicleta. Tambi\u00e9n, en el paraje Los Peinados, desconocidos mataron a balazos a Dagoberto Sosa Rodr\u00edguez (Dago), de 38 a\u00f1os, para sustraerle su motocicleta.<\/span><\/p>\n<\/p>\n<p><span class=\"text1noticias\">Los j\u00f3venes Randy Paredes Gonzales, de 2l a\u00f1os, residente en Los Lanos-Castillo; Leonardo de los Santos, de San Juan de la Maguana, y Ironeydi  Mer\u00e1n de los Santos, de 27 a\u00f1os, fueron ultimados durante  un enfrentamiento con agentes de la Polic\u00eda que lo persegu\u00edan  por cometer varios atracos el mismo d\u00eda en la zona, incluyendo  a la suegra  del diputado Lupe N\u00fa\u00f1ez.<\/span><\/p>\n<\/p>\n<p><span class=\"text1noticias\">Hace algunas semanas la instituci\u00f3n ultim\u00f3 durante un enfrentamiento a tiros en la comunidad Paraguay al delincuente Gean Carlos Villa, (Chanca), de 21 a\u00f1os, y en el barrio Las Culebras desmantel\u00f3 otro punto de drogas, apresando a Gonz\u00e1lez Rosario, ocup\u00e1ndole una pistola marca Stalker, una balanza y dinero en efectivo, ver video: http:\/\/www.noticiasvillariva.com.do\/2016\/03\/policia-desmantela-punto-de-droga-en-villa-riva-y-apresa-una-perla sona.html.<\/span><\/p>\n<\/p>\n<p><span class=\"text1noticias\">El alto oficial ha manifestado que los malhechores han querido escoger este pueblo como su principal objetivo para sus fechor\u00edas, pero la polic\u00eda est\u00e1 preparada para apresarlos o enfrentarlo en el terreno que ellos quieran, porque tiene un compromiso con los mun\u00edcipes y es poner la ley y el orden.<\/span><\/p>\n<\/p>\n<h6> 2016-03-24 15:20:37 <\/h6>\n<p><!--\n<link rel=\"stylesheet\" href=\"css\/bootstrap.min.css\">\n\n\n<ul class=\"pagination\">\n\t    \n\t\n\n<li >\n\t<a href='?page_no=13356'>Previous<\/a>\n\t<\/li>\n\n\n       \n    \n\n<li><a href='?page_no=1'>1<\/a><\/li>\n\n\n\n<li><a href='?page_no=2'>2<\/a><\/li>\n\n\n\n<li><a>...<\/a><\/li>\n\n\n\n<li><a href='?page_no=13355'>13355<\/a><\/li>\n\n\n\n<li><a href='?page_no=13356'>13356<\/a><\/li>\n\n\n\n<li class='active'><a>13357<\/a><\/li>\n\n\n\n<li><a href='?page_no=13358'>13358<\/a><\/li>\n\n\n\n<li><a href='?page_no=13359'>13359<\/a><\/li>\n\n\n\n<li><a>...<\/a><\/li>\n\n\n\n<li><a href='?page_no=56169'>56169<\/a><\/li>\n\n\n\n<li><a href='?page_no=56170'>56170<\/a><\/li>\n\n    \n\t\n\n<li >\n\t<a href='?page_no=13358'>Next<\/a>\n\t<\/li>\n\n\n    \n\n<li><a href='?page_no=56170'>Last &rsaquo;&rsaquo;<\/a><\/li>\n\n<\/ul>\n\n\n--><br \/>\n<\/body><\/p>\n","protected":false},"excerpt":{"rendered":"<p>Por Ram\u00f3n Mercedes Villa Riva, San Francisco de Macor\u00eds, RD, 24 de marzo.- Este municipio, el m\u00e1s grande de la provincia Duarte y el Cibao, con una poblaci\u00f3n sobre los 33 mil habitantes, ha sido escenario de grandes hechos delictivos en los \u00faltimos a\u00f1os que manten\u00edan en zozobra e inseguro a sus habitantes. Pero el [&hellip;]<\/p>\n","protected":false},"author":3,"featured_media":0,"comment_status":"open","ping_status":"open","sticky":false,"template":"","format":"standard","meta":{"footnotes":""},"categories":[20],"tags":[],"class_list":["post-218990","post","type-post","status-publish","format-standard","hentry","category-dominicana-hoy"],"_links":{"self":[{"href":"https:\/\/diariodominicano.com\/index.php?rest_route=\/wp\/v2\/posts\/218990","targetHints":{"allow":["GET"]}}],"collection":[{"href":"https:\/\/diariodominicano.com\/index.php?rest_route=\/wp\/v2\/posts"}],"about":[{"href":"https:\/\/diariodominicano.com\/index.php?rest_route=\/wp\/v2\/types\/post"}],"author":[{"embeddable":true,"href":"https:\/\/diariodominicano.com\/index.php?rest_route=\/wp\/v2\/users\/3"}],"replies":[{"embeddable":true,"href":"https:\/\/diariodominicano.com\/index.php?rest_route=%2Fwp%2Fv2%2Fcomments&post=218990"}],"version-history":[{"count":0,"href":"https:\/\/diariodominicano.com\/index.php?rest_route=\/wp\/v2\/posts\/218990\/revisions"}],"wp:attachment":[{"href":"https:\/\/diariodominicano.com\/index.php?rest_route=%2Fwp%2Fv2%2Fmedia&parent=218990"}],"wp:term":[{"taxonomy":"category","embeddable":true,"href":"https:\/\/diariodominicano.com\/index.php?rest_route=%2Fwp%2Fv2%2Fcategories&post=218990"},{"taxonomy":"post_tag","embeddable":true,"href":"https:\/\/diariodominicano.com\/index.php?rest_route=%2Fwp%2Fv2%2Ftags&post=218990"}],"curies":[{"name":"wp","href":"https:\/\/api.w.org\/{rel}","templated":true}]}}