{"id":218989,"date":"2016-03-24T18:53:09","date_gmt":"2016-03-24T18:53:09","guid":{"rendered":"http:\/\/diariodominicano.ddns.net\/?p=218989"},"modified":"2016-03-24T18:53:09","modified_gmt":"2016-03-24T18:53:09","slug":"montalvo-realiza-supervision-al-inicio-de-operativo-semana-santa-2016","status":"publish","type":"post","link":"https:\/\/diariodominicano.com\/?p=218989","title":{"rendered":"Montalvo realiza supervisi\u00f3n al inicio de Operativo Semana Santa 2016"},"content":{"rendered":"<p><body><\/p>\n<p><img decoding=\"async\" src=\"img3\/montalvo.jpg\" \/>  <\/p>\n<p><span class=\"text1noticias\">Santo Domingo, R. D., 24 de marzo (DICOM).- El ministro de la Presidencia, Gustavo Montalvo realiz\u00f3 hoy un recorrido de supervisi\u00f3n que se inici\u00f3 con una visita al Centro de Operaciones de Emergencias (COE), previo al inicio del Operativo Semana Santa 2016.<\/span><\/p>\n<p><span class=\"text1noticias\"> <\/span><\/p>\n<p><span class=\"text1noticias\">Semana Santa sin dificultad y en armon\u00eda<\/span><\/p>\n<p><span class=\"text1noticias\"> <\/span><\/p>\n<p><span class=\"text1noticias\">\u00abPuedo asegurar a la poblaci\u00f3n dominicana que todas las instituciones de prevenci\u00f3n y de respuesta a emergencia del Estado, unas 22 en total, estar\u00e1n trabajando d\u00eda y noche, en inter\u00e9s de que la Semana Santa transcurra sin dificultad y en armon\u00eda, para lo cual se han distribuido 42 mil personas en 2 mil 500 puestos de socorro en todo el territorio nacional\u00bb, explic\u00f3 Montalvo.<\/span><\/p>\n<p><span class=\"text1noticias\"> <\/span><\/p>\n<p><span class=\"text1noticias\">Por primera vez COE M\u00f3vil<\/span><\/p>\n<p><span class=\"text1noticias\"> <\/span><\/p>\n<p><span class=\"text1noticias\">Montalvo dijo adem\u00e1s que por primera vez funcionar\u00e1 el COE M\u00f3vil, un centro de radio satelital y sistema de videoc\u00e1maras que monitorea un per\u00edmetro de 800 metros con una visi\u00f3n de 360 grados.<\/span><\/p>\n<p><span class=\"text1noticias\"> <\/span><\/p>\n<p><span class=\"text1noticias\">Ministro visita hospital Dr. Dar\u00edo Contreras<\/span><\/p>\n<p><span class=\"text1noticias\"> <\/span><\/p>\n<p><span class=\"text1noticias\">Al salir del COE, el Ministro se traslad\u00f3 al Hospital Dr. Dar\u00edo Contreras donde pudo constatar que el hospital equipado y abastecido para recibir las emergencias que pudieran presentarse en este per\u00edodo.<\/span><\/p>\n<p><span class=\"text1noticias\"> <\/span><\/p>\n<p><span class=\"text1noticias\">9-1-1 reforzando asistencia<\/span><\/p>\n<p><span class=\"text1noticias\"> <\/span><\/p>\n<p><span class=\"text1noticias\">Montalvo agreg\u00f3, \u00abtodas estas medidas se ver\u00e1n reforzadas con la asistencia que continuar\u00e1 dando el Sistema de Atenci\u00f3n a Emergencias y Seguridad 9-1-1 en el Gran Santo Domingo, donde m\u00e1s de 9 mil personas pertenecientes a la Polic\u00eda Nacional, Salud P\u00fablica, AMET, Obras P\u00fablicas y Bomberos, entre otros, hacen servicio en tres turnos corridos durante 24 horas, para garantizar una atenci\u00f3n oportuna y eficaz.<\/span><\/p>\n<p><span class=\"text1noticias\"> <\/span><\/p>\n<p><span class=\"text1noticias\">Disfrutar sin excesos<\/span><\/p>\n<p><span class=\"text1noticias\"> <\/span><\/p>\n<p><span class=\"text1noticias\">Montalvo exhort\u00f3 a toda la poblaci\u00f3n a disfrutar de este asueto en familia, sin excesos, respetando las leyes y manteniendo la sana co<\/span>nvivencia.<\/p>\n<h6> 2016-03-24 18:53:09 <\/h6>\n<p><!--\n<link rel=\"stylesheet\" href=\"css\/bootstrap.min.css\">\n\n\n<ul class=\"pagination\">\n\t    \n\t\n\n<li >\n\t<a href='?page_no=13355'>Previous<\/a>\n\t<\/li>\n\n\n       \n    \n\n<li><a href='?page_no=1'>1<\/a><\/li>\n\n\n\n<li><a href='?page_no=2'>2<\/a><\/li>\n\n\n\n<li><a>...<\/a><\/li>\n\n\n\n<li><a href='?page_no=13354'>13354<\/a><\/li>\n\n\n\n<li><a href='?page_no=13355'>13355<\/a><\/li>\n\n\n\n<li class='active'><a>13356<\/a><\/li>\n\n\n\n<li><a href='?page_no=13357'>13357<\/a><\/li>\n\n\n\n<li><a href='?page_no=13358'>13358<\/a><\/li>\n\n\n\n<li><a>...<\/a><\/li>\n\n\n\n<li><a href='?page_no=56169'>56169<\/a><\/li>\n\n\n\n<li><a href='?page_no=56170'>56170<\/a><\/li>\n\n    \n\t\n\n<li >\n\t<a href='?page_no=13357'>Next<\/a>\n\t<\/li>\n\n\n    \n\n<li><a href='?page_no=56170'>Last &rsaquo;&rsaquo;<\/a><\/li>\n\n<\/ul>\n\n\n--><br \/>\n<\/body><\/p>\n","protected":false},"excerpt":{"rendered":"<p>Santo Domingo, R. D., 24 de marzo (DICOM).- El ministro de la Presidencia, Gustavo Montalvo realiz\u00f3 hoy un recorrido de supervisi\u00f3n que se inici\u00f3 con una visita al Centro de Operaciones de Emergencias (COE), previo al inicio del Operativo Semana Santa 2016. Semana Santa sin dificultad y en armon\u00eda \u00abPuedo asegurar a la poblaci\u00f3n dominicana [&hellip;]<\/p>\n","protected":false},"author":3,"featured_media":0,"comment_status":"open","ping_status":"open","sticky":false,"template":"","format":"standard","meta":{"footnotes":""},"categories":[20],"tags":[],"class_list":["post-218989","post","type-post","status-publish","format-standard","hentry","category-dominicana-hoy"],"_links":{"self":[{"href":"https:\/\/diariodominicano.com\/index.php?rest_route=\/wp\/v2\/posts\/218989","targetHints":{"allow":["GET"]}}],"collection":[{"href":"https:\/\/diariodominicano.com\/index.php?rest_route=\/wp\/v2\/posts"}],"about":[{"href":"https:\/\/diariodominicano.com\/index.php?rest_route=\/wp\/v2\/types\/post"}],"author":[{"embeddable":true,"href":"https:\/\/diariodominicano.com\/index.php?rest_route=\/wp\/v2\/users\/3"}],"replies":[{"embeddable":true,"href":"https:\/\/diariodominicano.com\/index.php?rest_route=%2Fwp%2Fv2%2Fcomments&post=218989"}],"version-history":[{"count":0,"href":"https:\/\/diariodominicano.com\/index.php?rest_route=\/wp\/v2\/posts\/218989\/revisions"}],"wp:attachment":[{"href":"https:\/\/diariodominicano.com\/index.php?rest_route=%2Fwp%2Fv2%2Fmedia&parent=218989"}],"wp:term":[{"taxonomy":"category","embeddable":true,"href":"https:\/\/diariodominicano.com\/index.php?rest_route=%2Fwp%2Fv2%2Fcategories&post=218989"},{"taxonomy":"post_tag","embeddable":true,"href":"https:\/\/diariodominicano.com\/index.php?rest_route=%2Fwp%2Fv2%2Ftags&post=218989"}],"curies":[{"name":"wp","href":"https:\/\/api.w.org\/{rel}","templated":true}]}}