{"id":218988,"date":"2016-03-24T20:11:08","date_gmt":"2016-03-24T20:11:08","guid":{"rendered":"http:\/\/diariodominicano.ddns.net\/?p=218988"},"modified":"2016-03-24T20:11:08","modified_gmt":"2016-03-24T20:11:08","slug":"sepultan-restos-de-claudio-caamano-en-medio-de-criticas-al-sistema-de-salud","status":"publish","type":"post","link":"https:\/\/diariodominicano.com\/?p=218988","title":{"rendered":"Sepultan restos de Claudio Caama\u00f1o en medio de cr\u00edticas al sistema de Salud"},"content":{"rendered":"<p><body><\/p>\n<p><img decoding=\"async\" src=\"img3\/adios.jpg\" \/>  <\/p>\n<p><strong><span class=\"text1noticias\">SANTO DOMINGO, R. D., 24 de marzo de 2016<\/span><\/strong><span class=\"text1noticias\">.- Tras rendir un homenaje en la Fortaleza Ozama fueron sepultados los restos del excombatiente Claudio Caama\u00f1o en medio de cr\u00edticas al sistema sanitario debido a que sus familiares se quejaron por la falta de atenci\u00f3n a su pariente luego de ser v\u00edctima de un accidente el pasado domingo.<\/span><\/p>\n<p><span class=\"text1noticias\"> <\/span><\/p>\n<p><span class=\"text1noticias\">Al Cementerio Nacional de la M\u00e1ximo G\u00f3mez, donde fueron depositados sus restos, acudi\u00f3 el expresidente Leonel Fern\u00e1ndez, quien destac\u00f3 las cualidades de Claudio Caama\u00f1o y cuestion\u00f3 que al excombatiente no le ofrecieran las atenciones a tiempo en uno de los centros de salud donde fue llevado.<\/span><\/p>\n<p><span class=\"text1noticias\"> <\/span><\/p>\n<p><span class=\"text1noticias\">El cuerpo de Caama\u00f1o Grull\u00f3n fue expuesto el mi\u00e9rcoles 23 de marzo en la capilla La Paz de la funeraria Blandino de la avenida Abraham Lincoln, Distrito Nacional.<\/span><\/p>\n<p><span class=\"text1noticias\"> <\/span><\/p>\n<p><span class=\"text1noticias\">Claudio Caama\u00f1o Grull\u00f3n falleci\u00f3 el martes en horas de la madrugada, en la unidad de cuidados intensivos del Centro M\u00e9dico UCE del Distrito Nacional.<\/span><\/p>\n<p><span class=\"text1noticias\"> <\/span><\/p>\n<p><span class=\"text1noticias\">A Claudio Caama\u00f1o, quien fuera compa\u00f1ero del coronel Francisco Alberto Caama\u00f1o De\u00f1\u00f3, l\u00edder de la Revoluci\u00f3n de Abril de 1965 y la Guerrilla de Caracoles de 1973, le sobreviven su esposa Fabiola Julia V\u00e9lez Catrain y sus hijos Cania Caama\u00f1o Acevedo, Caren Caama\u00f1o Acevedo, Dioma Caama\u00f1o Bid\u00f3, Javier Caama\u00f1o, Manfredo Duarte Caama\u00f1o V\u00e9lez, Claudio Antonio Caama\u00f1o V\u00e9lez y Claudia Caama\u00f1o Calder\u00f3n. Su otro hijo Francisco Claudio Caama\u00f1o V\u00e9lez falleci\u00f3 en 2012. Contaba con 78 a\u00f1os, a la hora de su fallecimiento.<\/span><\/p>\n<p><span class=\"text1noticias\"> <\/span><\/p>\n<p><span class=\"text1noticias\">El presidente Danilo Medina declar\u00f3 Duelo Oficial el mi\u00e9rcoles 23 de marzo, en virtud del  decreto  137-16, que establece que \u00abdurante ese d\u00eda la Bandera Nacional deber\u00e1 ondear a media asta en los recintos militares y edificios p\u00fablicos de todo el pa\u00eds\u00bb.<\/span><\/p>\n<p><span class=\"text1noticias\"> <\/span><\/p>\n<p><span class=\"text1noticias\">Asimismo, los ministerios de Defensa, Relaciones Exteriores y de Interior y Polic\u00eda, quedaron encargados de la ejecuci\u00f3n del decreto.<\/span><\/p>\n<p><span class=\"text1noticias\"> <\/span><\/p>\n<p><span class=\"text1noticias\">La decisi\u00f3n fue tomada por el Poder Ejecutivo, considerando que Claudio Caama\u00f1o fue un \u00abciudadano de grandes compromisos patri\u00f3ticos, participante destacado en la Guerra de Abril del a\u00f1o 1965, y en el desembarco de Bah\u00eda Caracoles, junto al Coronel Francisco Alberto Caama\u00f1o\u00bb.<\/span><\/p>\n<p><span class=\"text1noticias\"> <\/span><\/p>\n<p><span class=\"text1noticias\"><strong>Personalidades lamentaron su muerte<\/strong><\/span><\/p>\n<p><span class=\"text1noticias\"> <\/span><\/p>\n<p><span class=\"text1noticias\">El candidato presidencial del Partido Revolucionario Moderno (PRM) Luis Abinader y el rector de la Universidad Aut\u00f3noma de Santo Domingo (UASD) Iv\u00e1n Grull\u00f3n Fern\u00e1ndez expresaron este martes profundo pesar por la muerte del ex combatiente constitucionalista y guerrillero, Claudio Caama\u00f1o Grull\u00f3n.<\/span><\/p>\n<p><span class=\"text1noticias\"> <\/span><\/p>\n<p><span class=\"text1noticias\">En un mensaje desde la Florida, Estados Unidos, el candidato presidencial del PRM, Luis Abinader, expres\u00f3 \u00abprofundo dolor\u00bb por el fallecimiento de Claudio Caama\u00f1o Grull\u00f3n, quien destac\u00f3 fue un aliado de ideas y de luchas de su primo, el h\u00e9roe nacional Francisco Alberto Caama\u00f1o De\u00f1\u00f3.<\/span><\/p>\n<p><span class=\"text1noticias\"> <\/span><\/p>\n<p><span class=\"text1noticias\">De igual modo, el rector de la UASD) al expresar su pesar destac\u00f3 que Claudio Caama\u00f1o fue un hombre de mil batallas, que representa una generaci\u00f3n que ayud\u00f3 a construir lo que es hoy la Universidad Aut\u00f3noma de Santo Domingo (UASD), y resalt\u00f3 que se marcha de la vida terrenal de manera inesperada y tr\u00e1gica.<\/span><\/p>\n<p><span class=\"text1noticias\"> <\/span><\/p>\n<p><span class=\"text1noticias\"><strong>Breve Semblanza<\/strong><\/span><\/p>\n<p><span class=\"text1noticias\"> <\/span><\/p>\n<p><span class=\"text1noticias\">Claudio Antonio Caama\u00f1o Grull\u00f3n naci\u00f3 el 21 de febrero de 1938, en Santo Domingo. Hijo del Coronel Cesar Caama\u00f1o Mella, Ej\u00e9rcito Constitucionalista de San Pedro de Macor\u00eds, y Antonia Grull\u00f3n Morel, de Juan G\u00f3mez, Montecristi.<\/span><\/p>\n<p><span class=\"text1noticias\"> <\/span><\/p>\n<p><span class=\"text1noticias\">Como hijo de militar, estudi\u00f3 primar\u00eda y secundar\u00eda en casi todos los pueblos del pa\u00eds a los que su padre fue trasladado en sus servicios como soldado.<\/span><\/p>\n<p><span class=\"text1noticias\"> <\/span><\/p>\n<p><span class=\"text1noticias\">Siendo estudiante de ingenier\u00eda civil, en la Universidad de Santo Domingo, en 1957 fue detenido, con prisi\u00f3n domiciliaria en la finca de su abuelo, en La Majagua, S\u00e1nchez, donde permaneci\u00f3 hasta la muerte del tirano Rafael Leonidas Trujillo.<\/span><\/p>\n<p><span class=\"text1noticias\"> <\/span><\/p>\n<p><span class=\"text1noticias\"> <\/span><\/p>\n<p><span class=\"text1noticias\">Ingresa a la Polic\u00eda Nacional por recomendaci\u00f3n del coronel Francisco Caama\u00f1o De\u00f1\u00f3 P.N el 22 de octubre de 1962.<\/span><\/p>\n<p><span class=\"text1noticias\"> <\/span><\/p>\n<p><span class=\"text1noticias\">En la Gesta Patria de abril de 1965 fue ascendido a mayor del ej\u00e9rcito constitucionalista el d\u00eda 27 de abril de 1965 durante la Batalla del Puente Duarte.<\/span><\/p>\n<p><span class=\"text1noticias\"> <\/span><\/p>\n<p><span class=\"text1noticias\"> <\/span><\/p>\n<p><span class=\"text1noticias\">Miembro del Estado Mayor del Gobierno Constitucional de la Rep\u00fablica en Armas del Presidente Francisco Caama\u00f1o De\u00f1\u00f3, que junto al pueblo dominicano enfrent\u00f3 el nuevo intento de ocupaci\u00f3n militar de la Rep\u00fablica.<\/span><\/p>\n<p><span class=\"text1noticias\"> <\/span><\/p>\n<p><span class=\"text1noticias\">Caama\u00f1o Grull\u00f3n fue Jefe de Inteligencia y Contra-Inteligencia durante toda la Guerra Patria de 1965, y particip\u00f3 en las m\u00e1s importantes batallas y combates.<\/span><\/p>\n<p><span class=\"text1noticias\"> <\/span><\/p>\n<p><span class=\"text1noticias\">En 1973 regres\u00f3 al pa\u00eds como parte de la guerrilla encabezada por Caama\u00f1o De\u00f1\u00f3, con la funci\u00f3n de encargado de log\u00edstica, inteligencia y enfermer\u00eda.<\/span><\/p>\n<p><span class=\"text1noticias\"> <\/span><\/p>\n<p><span class=\"text1noticias\">Estuvo junto a Francisco Caama\u00f1o durante gran parte de su vida privada y p\u00fablica, hasta el d\u00eda de su muerte el 16 febrero de 1973.<\/span><\/p>\n<p><span class=\"text1noticias\"> <\/span><\/p>\n<p><span class=\"text1noticias\">Dirigi\u00f3 un movimiento en contra del gobierno \u00abterrorista y servil a los Estados Unidos de Joaqu\u00edn Balaguer\u00bb, en 1975. Fue capturado el 1 de octubre de 1975, y paso dos a\u00f1os en una solitaria.<\/span><\/p>\n<p><span class=\"text1noticias\"> <\/span><\/p>\n<p><span class=\"text1noticias\"> Fue el Presidente Nacional de la Fundaci\u00f3n Francisco Alberto Caama\u00f1o De\u00f1\u00f3, desde 1994. Est\u00e1 retirado con el rango de mayor, P.N., desde el a\u00f1o 2005. Econ\u00f3micamente se dedicaba a la producci\u00f3n de frutales en la provincia Peravia.<\/span><\/p>\n<h6> 2016-03-24 20:11:08 <\/h6>\n<p><!--\n<link rel=\"stylesheet\" href=\"css\/bootstrap.min.css\">\n\n\n<ul class=\"pagination\">\n\t    \n\t\n\n<li >\n\t<a href='?page_no=13354'>Previous<\/a>\n\t<\/li>\n\n\n       \n    \n\n<li><a href='?page_no=1'>1<\/a><\/li>\n\n\n\n<li><a href='?page_no=2'>2<\/a><\/li>\n\n\n\n<li><a>...<\/a><\/li>\n\n\n\n<li><a href='?page_no=13353'>13353<\/a><\/li>\n\n\n\n<li><a href='?page_no=13354'>13354<\/a><\/li>\n\n\n\n<li class='active'><a>13355<\/a><\/li>\n\n\n\n<li><a href='?page_no=13356'>13356<\/a><\/li>\n\n\n\n<li><a href='?page_no=13357'>13357<\/a><\/li>\n\n\n\n<li><a>...<\/a><\/li>\n\n\n\n<li><a href='?page_no=56169'>56169<\/a><\/li>\n\n\n\n<li><a href='?page_no=56170'>56170<\/a><\/li>\n\n    \n\t\n\n<li >\n\t<a href='?page_no=13356'>Next<\/a>\n\t<\/li>\n\n\n    \n\n<li><a href='?page_no=56170'>Last &rsaquo;&rsaquo;<\/a><\/li>\n\n<\/ul>\n\n\n--><br \/>\n<\/body><\/p>\n","protected":false},"excerpt":{"rendered":"<p>SANTO DOMINGO, R. D., 24 de marzo de 2016.- Tras rendir un homenaje en la Fortaleza Ozama fueron sepultados los restos del excombatiente Claudio Caama\u00f1o en medio de cr\u00edticas al sistema sanitario debido a que sus familiares se quejaron por la falta de atenci\u00f3n a su pariente luego de ser v\u00edctima de un accidente el [&hellip;]<\/p>\n","protected":false},"author":3,"featured_media":0,"comment_status":"open","ping_status":"open","sticky":false,"template":"","format":"standard","meta":{"footnotes":""},"categories":[20],"tags":[],"class_list":["post-218988","post","type-post","status-publish","format-standard","hentry","category-dominicana-hoy"],"_links":{"self":[{"href":"https:\/\/diariodominicano.com\/index.php?rest_route=\/wp\/v2\/posts\/218988","targetHints":{"allow":["GET"]}}],"collection":[{"href":"https:\/\/diariodominicano.com\/index.php?rest_route=\/wp\/v2\/posts"}],"about":[{"href":"https:\/\/diariodominicano.com\/index.php?rest_route=\/wp\/v2\/types\/post"}],"author":[{"embeddable":true,"href":"https:\/\/diariodominicano.com\/index.php?rest_route=\/wp\/v2\/users\/3"}],"replies":[{"embeddable":true,"href":"https:\/\/diariodominicano.com\/index.php?rest_route=%2Fwp%2Fv2%2Fcomments&post=218988"}],"version-history":[{"count":0,"href":"https:\/\/diariodominicano.com\/index.php?rest_route=\/wp\/v2\/posts\/218988\/revisions"}],"wp:attachment":[{"href":"https:\/\/diariodominicano.com\/index.php?rest_route=%2Fwp%2Fv2%2Fmedia&parent=218988"}],"wp:term":[{"taxonomy":"category","embeddable":true,"href":"https:\/\/diariodominicano.com\/index.php?rest_route=%2Fwp%2Fv2%2Fcategories&post=218988"},{"taxonomy":"post_tag","embeddable":true,"href":"https:\/\/diariodominicano.com\/index.php?rest_route=%2Fwp%2Fv2%2Ftags&post=218988"}],"curies":[{"name":"wp","href":"https:\/\/api.w.org\/{rel}","templated":true}]}}